{"id":1059337,"date":"2026-07-12T04:50:11","date_gmt":"2026-07-12T04:50:11","guid":{"rendered":"https:\/\/www.europesays.com\/fr\/1059337\/"},"modified":"2026-07-12T04:50:11","modified_gmt":"2026-07-12T04:50:11","slug":"meteo-la-meteo-du-dimanche-12-juillet-2026-a-vitry-sur-seine-et-ses-environs","status":"publish","type":"post","link":"https:\/\/www.europesays.com\/fr\/1059337\/","title":{"rendered":"M\u00e9t\u00e9o. La m\u00e9t\u00e9o du dimanche 12 juillet 2026 \u00e0 Vitry-sur-Seine et ses environs"},"content":{"rendered":"<p>En matin\u00e9e, un voile de nuages \u00e9lev\u00e9s dominera, devenant plus homog\u00e8ne sans se dissiper. La temp\u00e9rature, d\u00e9j\u00e0 douce en d\u00e9but de journ\u00e9e autour de 24 \u00e0 25 \u00b0C, montera de fa\u00e7on progressive pour atteindre 31 \u00b0C en fin de matin\u00e9e. Le vent, d\u2019abord soufflant du Nord-Nord-Est \u00e0 10 km\/h avec des rafales \u00e0 20 km\/h, s\u2019orientera vers le Nord-Est et se renforcera \u00e0 15 km\/h avec des rafales jusqu\u2019\u00e0 30 km\/h. Dans le m\u00eame temps, l\u2019humidit\u00e9 reculera nettement, donnant une atmosph\u00e8re plus s\u00e8che.<\/p>\n<p>L\u2019apr\u00e8s-midi fera suite \u00e0 cette matin\u00e9e d\u00e9j\u00e0 chaude, avec une chaleur qui s\u2019impose davantage : les temp\u00e9ratures montent de 33 \u00b0C en d\u00e9but de p\u00e9riode pour atteindre 36 \u00b0C et se maintenir ensuite. Le ciel, d\u2019abord voil\u00e9 par des nuages \u00e9lev\u00e9s, devient totalement couvert en fin d\u2019apr\u00e8s-midi. Le vent reste \u00e9tabli entre 20 km\/h avec des rafales jusqu\u2019\u00e0 40 km\/h, soufflant d\u2019abord d\u2019Est-Nord-Est avant de s\u2019orienter Nord-Est. L\u2019humidit\u00e9 diminue peu \u00e0 peu, rendant l\u2019air sensiblement plus sec au fil des heures.<\/p>\n<p>En fin de journ\u00e9e, dans le prolongement de cette apr\u00e8s-midi lourde, la temp\u00e9rature commencera autour de 37 \u00b0C, se maintiendra jusqu\u2019en d\u00e9but de soir\u00e9e puis reculera progressivement pour atteindre environ 33 \u00b0C avant minuit. Le ciel passera d\u2019une couverture uniforme \u00e0 un aspect plus variable, avant de se charger de nouveau sous un voile de nuages \u00e9lev\u00e9s. Le vent, soufflant de l\u2019Est-Nord-Est puis du Nord-Est entre 15 et 20 km\/h, gardera des rafales proches de 35 km\/h, tandis que l\u2019humidit\u00e9 restera faible et peu changeante.<\/p>\n<p>Au cours de la nuit pr\u00e9c\u00e9dant le lundi 13 juillet 2026, dans la continuit\u00e9 de cette fin de journ\u00e9e chaude, la temp\u00e9rature oscillera entre 29 et 32 \u00b0C, demeurant \u00e9lev\u00e9e malgr\u00e9 une l\u00e9g\u00e8re baisse vers l\u2019aube. Le vent restera mod\u00e9r\u00e9 \u00e0 assez soutenu, entre 15 et 20 km\/h avec des rafales approchant 30 km\/h, conservant une provenance du Nord-Est. La couverture nuageuse, d\u00e9j\u00e0 importante en d\u00e9but de nuit, se renforcera progressivement, tandis que l\u2019humidit\u00e9 gagnera du terrain jusqu\u2019au petit matin.<\/p>\n<p>Demain, lundi, dans le prolongement de cette nuit chaude et nuageuse, la journ\u00e9e sera marqu\u00e9e par une hausse progressive des temp\u00e9ratures, passant d\u2019un niveau d\u00e9j\u00e0 \u00e9lev\u00e9 en matin\u00e9e pour atteindre un pic vers le milieu et la fin d\u2019apr\u00e8s-midi, autour de 36 \u00e0 37 \u00b0C. Le vent restera soutenu, soufflant du Nord-Est puis de l\u2019Est-Nord-Est \u00e0 20 km\/h, avec des rafales atteignant d\u2019abord 30 km\/h, puis 40 km\/h avant de faiblir l\u00e9g\u00e8rement \u00e0 35 km\/h. Le ciel \u00e9voluera d\u2019un voile de nuages \u00e9lev\u00e9s vers un couvert plus uniforme, tandis que l\u2019humidit\u00e9 diminuera sensiblement au fil des heures.<\/p>\n<p><a href=\"https:\/\/www.ouest-france.fr\/meteo\/ile-de-france\/vitry-sur-seine-94400\/\" rel=\"nofollow noopener\" target=\"_blank\">Suivez la m\u00e9t\u00e9o de votre commune en temps r\u00e9el<\/a><\/p>\n<p>Ouest-France vous donne \u00e9galement la possibilit\u00e9 de conna\u00eetre la m\u00e9t\u00e9o de votre commune, heure par heure, sur notre page m\u00e9t\u00e9o d\u00e9di\u00e9e<\/p>\n","protected":false},"excerpt":{"rendered":"En matin\u00e9e, un voile de nuages \u00e9lev\u00e9s dominera, devenant plus homog\u00e8ne sans se dissiper. La temp\u00e9rature, d\u00e9j\u00e0 douce&hellip;\n","protected":false},"author":2,"featured_media":1059338,"comment_status":"","ping_status":"","sticky":false,"template":"","format":"standard","meta":{"footnotes":"","_share_on_mastodon":"0"},"categories":[1888],"tags":[11,24583,50925,1777,674,1011,27,90557,24588,12,16483,626,25,90558,12654],"class_list":["post-1059337","post","type-post","status-publish","format-standard","has-post-thumbnail","category-paris","tag-actualites","tag-alfortville","tag-choisy-le-roi","tag-eu","tag-europe","tag-fr","tag-france","tag-lhay-les-roses","tag-maisons-alfort","tag-news","tag-orly","tag-paris","tag-republique-francaise","tag-thiais","tag-vitry-sur-seine"],"share_on_mastodon":{"url":"https:\/\/pubeurope.com\/@fr\/116905209160501810","error":""},"_links":{"self":[{"href":"https:\/\/www.europesays.com\/fr\/wp-json\/wp\/v2\/posts\/1059337","targetHints":{"allow":["GET"]}}],"collection":[{"href":"https:\/\/www.europesays.com\/fr\/wp-json\/wp\/v2\/posts"}],"about":[{"href":"https:\/\/www.europesays.com\/fr\/wp-json\/wp\/v2\/types\/post"}],"author":[{"embeddable":true,"href":"https:\/\/www.europesays.com\/fr\/wp-json\/wp\/v2\/users\/2"}],"replies":[{"embeddable":true,"href":"https:\/\/www.europesays.com\/fr\/wp-json\/wp\/v2\/comments?post=1059337"}],"version-history":[{"count":0,"href":"https:\/\/www.europesays.com\/fr\/wp-json\/wp\/v2\/posts\/1059337\/revisions"}],"wp:featuredmedia":[{"embeddable":true,"href":"https:\/\/www.europesays.com\/fr\/wp-json\/wp\/v2\/media\/1059338"}],"wp:attachment":[{"href":"https:\/\/www.europesays.com\/fr\/wp-json\/wp\/v2\/media?parent=1059337"}],"wp:term":[{"taxonomy":"category","embeddable":true,"href":"https:\/\/www.europesays.com\/fr\/wp-json\/wp\/v2\/categories?post=1059337"},{"taxonomy":"post_tag","embeddable":true,"href":"https:\/\/www.europesays.com\/fr\/wp-json\/wp\/v2\/tags?post=1059337"}],"curies":[{"name":"wp","href":"https:\/\/api.w.org\/{rel}","templated":true}]}}