{"id":105935,"date":"2025-05-17T02:40:34","date_gmt":"2025-05-17T02:40:34","guid":{"rendered":"https:\/\/www.europesays.com\/fr\/105935\/"},"modified":"2025-05-17T02:40:34","modified_gmt":"2025-05-17T02:40:34","slug":"les-pompiers-se-deploient-en-force","status":"publish","type":"post","link":"https:\/\/www.europesays.com\/fr\/105935\/","title":{"rendered":"les pompiers se d\u00e9ploient en force"},"content":{"rendered":"<p>            Par<br \/>\n        <strong><br \/>\n            <a href=\"https:\/\/actu.fr\/auteur\/brian-legoff\" title=\"Consulter tous les articles de Brian Le Goff\" rel=\"nofollow noopener\" target=\"_blank\">Brian Le Goff<\/a><br \/>\n        <\/strong><\/p>\n<p>        Publi\u00e9 le<\/p>\n<p>            16 mai 2025 \u00e0 8h59        <\/p>\n<p><strong>L\u2019alerte a \u00e9t\u00e9 donn\u00e9e vers 5h,<\/strong> vendredi 16\u00a0mai. Un <a href=\"https:\/\/actu.fr\/tag\/incendie\" rel=\"nofollow noopener\" target=\"_blank\">incendie<\/a> s\u2019est d\u00e9clench\u00e9 au niveau du bardage ext\u00e9rieur d\u2019un local commercial d\u00e9saffect\u00e9 pr\u00e8s du <strong>10, rue d\u2019Argentr\u00e9<\/strong>, au sud du parking Vilaine, dans le centre historique de <a href=\"https:\/\/actu.fr\/rennes\/\" rel=\"nofollow noopener\" target=\"_blank\">Rennes<\/a>.<\/p>\n<p>De nombreux moyens engag\u00e9s<\/p>\n<p class=\" wall-content\">La<strong> zone <\/strong>\u00e9tant<strong> class\u00e9e sensible<\/strong> en raison du<strong> risque fort de propagation<\/strong> du feu \u00e0 d\u2019autres b\u00e2timents, les <a href=\"https:\/\/actu.fr\/rennes\/\" rel=\"nofollow noopener\" target=\"_blank\">pompiers<\/a> ont imm\u00e9diatement \u00e9t\u00e9 d\u00e9ploy\u00e9s en nombre sur place, indique le Codis (Centre op\u00e9rationnel d\u00e9partemental d\u2019incendie et de secours).<\/p>\n<p class=\" wall-content\">Toutefois, <strong>l\u2019incendie a tr\u00e8s rapidement \u00e9t\u00e9 ma\u00eetris\u00e9<\/strong> par les soldats du feu. Ils ont \u00e9t\u00e9 jusqu\u2019\u00e0 43 sur place durant l\u2019intervention.<\/p>\n<p class=\" wall-content\"><strong>Aucune victime<\/strong> n\u2019est \u00e0 d\u00e9plorer. <strong>L\u2019origine<\/strong> du feu n\u2019est <strong>pas connue<\/strong>.<\/p>\n<p class=\" wall-content\">Suivez toute l\u2019actualit\u00e9 de vos villes et m\u00e9dias favoris en vous inscrivant \u00e0 <a href=\"https:\/\/moncompte.actu.fr\" title=\"D\u00e9couvez Mon Actu\" rel=\"nofollow noopener\" data-trk=\"{&quot;cta&quot;:{&quot;action&quot;:&quot;https:\\\/\\\/moncompte.actu.fr&quot;,&quot;category&quot;:&quot;mon compte&quot;,&quot;from&quot;:&quot;article footer&quot;,&quot;name&quot;:&quot;Mon actu&quot;,&quot;type&quot;:&quot;cta&quot;}}\" target=\"_blank\">Mon Actu<\/a>.<\/p>\n","protected":false},"excerpt":{"rendered":"Par Brian Le Goff Publi\u00e9 le 16 mai 2025 \u00e0 8h59 L\u2019alerte a \u00e9t\u00e9 donn\u00e9e vers 5h, vendredi&hellip;\n","protected":false},"author":2,"featured_media":105936,"comment_status":"","ping_status":"","sticky":false,"template":"","format":"standard","meta":{"footnotes":""},"categories":[2821],"tags":[1111,11,829,1777,674,118,1011,27,1310,12,1311,584,25],"class_list":{"0":"post-105935","1":"post","2":"type-post","3":"status-publish","4":"format-standard","5":"has-post-thumbnail","7":"category-rennes","8":"tag-actu","9":"tag-actualites","10":"tag-bretagne","11":"tag-eu","12":"tag-europe","13":"tag-faits-divers","14":"tag-fr","15":"tag-france","16":"tag-incendie","17":"tag-news","18":"tag-pompiers","19":"tag-rennes","20":"tag-republique-francaise"},"share_on_mastodon":{"url":"https:\/\/pubeurope.com\/@fr\/114520865130241980","error":""},"_links":{"self":[{"href":"https:\/\/www.europesays.com\/fr\/wp-json\/wp\/v2\/posts\/105935","targetHints":{"allow":["GET"]}}],"collection":[{"href":"https:\/\/www.europesays.com\/fr\/wp-json\/wp\/v2\/posts"}],"about":[{"href":"https:\/\/www.europesays.com\/fr\/wp-json\/wp\/v2\/types\/post"}],"author":[{"embeddable":true,"href":"https:\/\/www.europesays.com\/fr\/wp-json\/wp\/v2\/users\/2"}],"replies":[{"embeddable":true,"href":"https:\/\/www.europesays.com\/fr\/wp-json\/wp\/v2\/comments?post=105935"}],"version-history":[{"count":0,"href":"https:\/\/www.europesays.com\/fr\/wp-json\/wp\/v2\/posts\/105935\/revisions"}],"wp:featuredmedia":[{"embeddable":true,"href":"https:\/\/www.europesays.com\/fr\/wp-json\/wp\/v2\/media\/105936"}],"wp:attachment":[{"href":"https:\/\/www.europesays.com\/fr\/wp-json\/wp\/v2\/media?parent=105935"}],"wp:term":[{"taxonomy":"category","embeddable":true,"href":"https:\/\/www.europesays.com\/fr\/wp-json\/wp\/v2\/categories?post=105935"},{"taxonomy":"post_tag","embeddable":true,"href":"https:\/\/www.europesays.com\/fr\/wp-json\/wp\/v2\/tags?post=105935"}],"curies":[{"name":"wp","href":"https:\/\/api.w.org\/{rel}","templated":true}]}}