{"id":105939,"date":"2025-05-17T02:42:13","date_gmt":"2025-05-17T02:42:13","guid":{"rendered":"https:\/\/www.europesays.com\/fr\/105939\/"},"modified":"2025-05-17T02:42:13","modified_gmt":"2025-05-17T02:42:13","slug":"loffice-du-tourisme-de-strasbourg-va-demenager-dans-un-nouveau-lieu-voici-ou","status":"publish","type":"post","link":"https:\/\/www.europesays.com\/fr\/105939\/","title":{"rendered":"L&rsquo;Office du tourisme de Strasbourg va d\u00e9m\u00e9nager dans un nouveau lieu, voici o\u00f9"},"content":{"rendered":"<p>            Par<br \/>\n        <strong><br \/>\n            <a href=\"https:\/\/actu.fr\/auteur\/margot-fournie\" title=\"Consulter tous les articles de Margot Fournie\" rel=\"nofollow noopener\" target=\"_blank\">Margot Fournie<\/a><br \/>\n        <\/strong><\/p>\n<p>        Publi\u00e9 le<\/p>\n<p>            16 mai 2025 \u00e0 16h35        <\/p>\n<p>Non loin de la<a href=\"https:\/\/actu.fr\/tag\/cathedrale-de-strasbourg\" rel=\"nofollow noopener\" target=\"_blank\"> Cath\u00e9drale de Strasbourg<\/a>, au 5 place du Ch\u00e2teau, se situe un b\u00e2timent de style n\u00e9oclassique, construit entre\u00a01857 et\u00a01861. <strong>Si\u00e8ge de La Poste jusqu\u2019en 2022<\/strong>, le b\u00e2timent accueille d\u00e9sormais le <strong>5e Lieu<\/strong>, espace culturel hybride.<\/p>\n<p class=\" wall-content\">Et bient\u00f4t l\u2019Office du tourisme. On vous en dit plus sur ce projet pr\u00e9sent\u00e9 lors d\u2019une conf\u00e9rence de presse le 16 mai.<\/p>\n<p>Installation d\u2019un caf\u00e9, de l\u2019Office du tourisme\u2026<\/p>\n<p class=\" wall-content\">Dans les anciens locaux de La Poste, on retrouvera ce que la municipalit\u00e9 appelle un welcome center. Autrement dit, un <strong>espace d\u2019accueil<\/strong>\u00a0qui regroupera les activit\u00e9s de l\u2019<strong>Office du tourisme<\/strong>, des loisirs et des congr\u00e8s de Strasbourg. Ce dernier <strong>doit d\u00e9m\u00e9nager de son emplacement actuel<\/strong>.<\/p>\n<p class=\" wall-content\">Mais aussi <strong>un caf\u00e9 de 30\u00a0m2<\/strong>, au rez-de-chauss\u00e9e. Le 5e Lieu sera agrandi avec, au premier \u00e9tage, une section consacr\u00e9e au patrimoine de l\u2019Eurom\u00e9tropole de Strasbourg. <strong>Sa boutique<\/strong> sera <strong>r\u00e9am\u00e9nag\u00e9e<\/strong>.<\/p>\n<p class=\" wall-content\">Dans les \u00e9tages sup\u00e9rieurs, les personnels de l\u2019Office du tourisme et des mus\u00e9es auront leurs bureaux.<\/p>\n<p>Vid\u00e9os : en ce moment sur ActuDes travaux \u00e0 partir de septembre\u00a02025 jusqu\u2019en 2027<\/p>\n<p class=\" wall-content\">Mais avant d\u2019arriver \u00e0 ce r\u00e9sultat, le b\u00e2timent va faire l\u2019objet d\u2019une <strong>s\u00e9rie de travaux<\/strong> qui va d\u00e9buter en septembre\u00a02025 et se terminer en d\u00e9cembre\u00a02027.<\/p>\n<p class=\" wall-content\">Pour permettre le bon d\u00e9roulement du chantier, le 5e Lieu sera ferm\u00e9 de f\u00e9vrier \u00e0 mai\u00a02026.<\/p>\n<p class=\" wall-content\">Quant au <strong>cabinet des estampes et des dessins<\/strong>, \u00ab\u2009il sera <strong>d\u00e9plac\u00e9 dans les r\u00e9serves situ\u00e9es dans le quartier de la COOP<\/strong>. Il sera toujours accessible aux \u00e9tudiants, aux chercheurs\u2009\u00bb, pr\u00e9vient Syamak Agha Babaei, \u00e9lu en charge du suivi des questions budg\u00e9taires et financi\u00e8res et du patrimoine b\u00e2ti, en glissant que \u00ab\u2009plus tard, le cabinet des estampes devrait <strong>rejoindre le Palais Rohan<\/strong>.\u2009\u00bb<\/p>\n<p>Des r\u00e9novations sur de nombreux b\u00e2timents historiques \u00e0 Strasbourg<\/p>\n<p class=\" wall-content\">Le montant total des travaux devrait <strong>s\u2019\u00e9lever \u00e0 5\u00a0millions d\u2019euros<\/strong>. Et vient s\u2019ajouter \u00e0 la longue liste des b\u00e2timents historiques et des mus\u00e9es dont la mairie a entrepris la r\u00e9novation.<\/p>\n<p class=\" wall-content\">Syamak Agha Babaei en a fait la liste en \u00e9voquant \u00ab<a href=\"https:\/\/actu.fr\/grand-est\/strasbourg_67482\/strasbourg-le-musee-alsacien-sera-ferme-durant-plus-d-un-an-voici-pourquoi_62345471.html\" rel=\"nofollow noopener\" target=\"_blank\">\u2009le mus\u00e9e Alsacien<\/a>, l\u2019<a href=\"https:\/\/actu.fr\/grand-est\/strasbourg_67482\/renovation-de-l-opera-de-strasbourg-pourquoi-la-reinterpretation-contemporaine-de-la-salle-inquiete_62627115.html\" rel=\"nofollow noopener\" target=\"_blank\">Op\u00e9ra de Strasbourg<\/a>, le cin\u00e9ma <a href=\"https:\/\/actu.fr\/grand-est\/strasbourg_67482\/mise-aux-normes-nouvelle-entree-et-moins-de-sieges-la-renovation-du-cinema-star-devoilee_62567187.html\" rel=\"nofollow noopener\" target=\"_blank\">Star Saint-Exup\u00e9ry<\/a>, les travaux sur la toiture du Palais Rohan. On a mobilis\u00e9 des <strong>moyens extr\u00eamement importants<\/strong>.\u2009\u00bb<\/p>\n<p class=\" wall-content\">Suivez toute l\u2019actualit\u00e9 de vos villes et m\u00e9dias favoris en vous inscrivant \u00e0 <a href=\"https:\/\/moncompte.actu.fr\" title=\"D\u00e9couvez Mon Actu\" rel=\"nofollow noopener\" data-trk=\"{&quot;cta&quot;:{&quot;action&quot;:&quot;https:\\\/\\\/moncompte.actu.fr&quot;,&quot;category&quot;:&quot;mon compte&quot;,&quot;from&quot;:&quot;article footer&quot;,&quot;name&quot;:&quot;Mon actu&quot;,&quot;type&quot;:&quot;cta&quot;}}\" target=\"_blank\">Mon Actu<\/a>.<\/p>\n","protected":false},"excerpt":{"rendered":"Par Margot Fournie Publi\u00e9 le 16 mai 2025 \u00e0 16h35 Non loin de la Cath\u00e9drale de Strasbourg, au&hellip;\n","protected":false},"author":2,"featured_media":105940,"comment_status":"","ping_status":"","sticky":false,"template":"","format":"standard","meta":{"footnotes":""},"categories":[2820],"tags":[1111,11,1777,674,1011,27,775,12,25,104,640,2086],"class_list":{"0":"post-105939","1":"post","2":"type-post","3":"status-publish","4":"format-standard","5":"has-post-thumbnail","7":"category-strasbourg","8":"tag-actu","9":"tag-actualites","10":"tag-eu","11":"tag-europe","12":"tag-fr","13":"tag-france","14":"tag-grand-est","15":"tag-news","16":"tag-republique-francaise","17":"tag-societe","18":"tag-strasbourg","19":"tag-travaux"},"share_on_mastodon":{"url":"https:\/\/pubeurope.com\/@fr\/114520872966732925","error":""},"_links":{"self":[{"href":"https:\/\/www.europesays.com\/fr\/wp-json\/wp\/v2\/posts\/105939","targetHints":{"allow":["GET"]}}],"collection":[{"href":"https:\/\/www.europesays.com\/fr\/wp-json\/wp\/v2\/posts"}],"about":[{"href":"https:\/\/www.europesays.com\/fr\/wp-json\/wp\/v2\/types\/post"}],"author":[{"embeddable":true,"href":"https:\/\/www.europesays.com\/fr\/wp-json\/wp\/v2\/users\/2"}],"replies":[{"embeddable":true,"href":"https:\/\/www.europesays.com\/fr\/wp-json\/wp\/v2\/comments?post=105939"}],"version-history":[{"count":0,"href":"https:\/\/www.europesays.com\/fr\/wp-json\/wp\/v2\/posts\/105939\/revisions"}],"wp:featuredmedia":[{"embeddable":true,"href":"https:\/\/www.europesays.com\/fr\/wp-json\/wp\/v2\/media\/105940"}],"wp:attachment":[{"href":"https:\/\/www.europesays.com\/fr\/wp-json\/wp\/v2\/media?parent=105939"}],"wp:term":[{"taxonomy":"category","embeddable":true,"href":"https:\/\/www.europesays.com\/fr\/wp-json\/wp\/v2\/categories?post=105939"},{"taxonomy":"post_tag","embeddable":true,"href":"https:\/\/www.europesays.com\/fr\/wp-json\/wp\/v2\/tags?post=105939"}],"curies":[{"name":"wp","href":"https:\/\/api.w.org\/{rel}","templated":true}]}}