{"id":1059445,"date":"2026-07-12T06:20:22","date_gmt":"2026-07-12T06:20:22","guid":{"rendered":"https:\/\/www.europesays.com\/fr\/1059445\/"},"modified":"2026-07-12T06:20:22","modified_gmt":"2026-07-12T06:20:22","slug":"a-paris-les-bals-du-14-juillet-annules-a-cause-de-la-canicule","status":"publish","type":"post","link":"https:\/\/www.europesays.com\/fr\/1059445\/","title":{"rendered":"\u00c0 Paris, les bals du 14\u00a0juillet annul\u00e9s \u00e0 cause de la canicule"},"content":{"rendered":"<p class=\"mb-4 text-lg md:leading-8 break-words\">C&rsquo;est une tradition fran\u00e7aise qui en prend un coup \u00e0 cause de <a data-ylk=\"slk:la canicule;elm:context_link;itc:0;sec:content-canvas;_E:mb_qualified_link;ct:story;outcm:mb_qualified_link;\" data-yga=\"{&quot;yLinkElement&quot;:&quot;link&quot;,&quot;yLinkElementType&quot;:&quot;article_link&quot;}\" href=\"https:\/\/fr.news.yahoo.com\/sport\/vigilance-rouge-%C3%A9tendue-orages-m%C3%A9t%C3%A9o-184704636.html\" rel=\"nofollow noopener\" target=\"_blank\">la canicule<\/a>. Les sapeurs-pompiers de Paris ont annonc\u00e9 vendredi 10\u00a0juillet annuler l&rsquo;ensemble de leurs tr\u00e8s populaires bals organis\u00e9s les 13\u00a0et 14\u00a0juillet dans les casernes de la capitale et de sa petite couronne, en raison des fortes chaleurs annonc\u00e9es dans les prochains jours.<\/p>\n<p class=\"mb-4 text-lg md:leading-8 break-words\">\u00ab\u00a0Cette d\u00e9cision s&rsquo;est impos\u00e9e comme la plus responsable\u00a0\u00bb afin de \u00ab\u00a0garantir la s\u00e9curit\u00e9 de tous\u00a0\u00bb, \u00e9crit sur X la brigade de sapeurs-pompiers de Paris (BSPP), \u00ab\u00a0au regret\u00a0\u00bb de devoir annuler \u00ab\u00a0ces rendez-vous embl\u00e9matiques et chers au c\u0153ur de la population\u00a0\u00bb parisienne.<\/p>\n<p class=\"mb-4 text-lg md:leading-8 break-words\"><a data-ylk=\"slk:Les feux d&#039;artifice, prochain dommage collat\u00e9ral de la m\u00e9t\u00e9o exceptionnelle et de la s\u00e9cheresse;elm:context_link;itc:0;sec:content-canvas;\" data-yga=\"{&quot;yLinkElement&quot;:&quot;link&quot;,&quot;yLinkElementType&quot;:&quot;article_link&quot;}\" href=\"https:\/\/www.huffingtonpost.fr\/france\/article\/les-feux-d-artifice-prochain-dommage-collateral-de-la-meteo-exceptionnelle-et-de-la-secheresse_286013.html\" rel=\"noopener noreferrer nofollow\" target=\"_blank\">Les feux d&rsquo;artifice, prochain dommage collat\u00e9ral de la m\u00e9t\u00e9o exceptionnelle et de la s\u00e9cheresse<\/a><\/p>\n<p class=\"mb-4 text-lg md:leading-8 break-words\">Le pr\u00e9fet de police Patrice Faure indique sur le m\u00eame r\u00e9seau social avoir demand\u00e9 au g\u00e9n\u00e9ral commandant la BSPP de \u00ab\u00a0renoncer\u00a0\u00bb \u00e0 ces \u00e9v\u00e9nements festifs devenus une institution.<\/p>\n<p class=\"mb-4 text-lg md:leading-8 break-words\">Chaque ann\u00e9e, \u00e0 l&rsquo;occasion de la f\u00eate nationale, de nombreuses casernes ouvrent leurs portes au public pour des soir\u00e9es festives. Cette coutume, n\u00e9e \u00e0 Paris dans les ann\u00e9es 1930, s&rsquo;est depuis popularis\u00e9e dans tout le pays.<\/p>\n<p>Vigilance rouge<\/p>\n<p class=\"mb-4 text-lg md:leading-8 break-words\">\u00ab\u00a0Alors que de nombreuses manifestations sportives sont annul\u00e9es pour des raisons de sant\u00e9 publique, nous nous devons de prendre collectivement nos responsabilit\u00e9s et de faire preuve de solidarit\u00e9\u00a0\u00bb, fait-il valoir.<\/p>\n<p class=\"mb-4 text-lg md:leading-8 break-words\">L&rsquo;\u00cele-de-France bascule ce samedi 11\u00a0juillet en vigilance rouge jusqu&rsquo;en milieu de semaine prochaine, a annonc\u00e9 M\u00e9t\u00e9o-France.<\/p>\n<p class=\"mb-4 text-lg md:leading-8 break-words\">La ville de Paris a indiqu\u00e9 de son c\u00f4t\u00e9 \u00ab\u00a0renforcer son dispositif de protection\u00a0\u00bb en ouvrant \u00ab\u00a0de nouvelles salles rafra\u00eechies\u00a0\u00bb au public, et en autorisant \u00ab\u00a0les brumisateurs sur les terrasses ouvertes\u00a0\u00bb.<\/p>\n<p class=\"mb-4 text-lg md:leading-8 break-words\">La mairie poursuit aussi l&rsquo;ouverture des parcs et jardins la nuit, et a annonc\u00e9 avoir d\u00e9ploy\u00e9 des <a data-ylk=\"slk:climatiseurs;elm:context_link;itc:0;sec:content-canvas;_E:mb_qualified_link;ct:story;outcm:mb_qualified_link;\" data-yga=\"{&quot;yLinkElement&quot;:&quot;link&quot;,&quot;yLinkElementType&quot;:&quot;article_link&quot;}\" href=\"https:\/\/fr.news.yahoo.com\/sport\/canicule-grand-flou-artistique-30-172130741.html\" rel=\"nofollow noopener\" target=\"_blank\">climatiseurs<\/a> dans les 315\u00a0centres de loisirs pendant les vacances.<\/p>\n<p class=\"mb-4 text-lg md:leading-8 break-words\"><a data-ylk=\"slk:Sur l&#039;autoroute des vacances, vous ach\u00e8terez sans doute un sandwich triangle et ce n&#039;est pas un hasard;elm:context_link;itc:0;sec:content-canvas;_E:mb_qualified_link;ct:story;outcm:mb_qualified_link;\" data-yga=\"{&quot;yLinkElement&quot;:&quot;link&quot;,&quot;yLinkElementType&quot;:&quot;article_link&quot;}\" href=\"https:\/\/fr.news.yahoo.com\/sport\/l-autoroute-vacances-ach%C3%A8terez-doute-054508099.html\" rel=\"nofollow noopener\" target=\"_blank\">Sur l&rsquo;autoroute des vacances, vous ach\u00e8terez sans doute un sandwich triangle et ce n&rsquo;est pas un hasard<\/a><\/p>\n<p class=\"mb-4 text-lg md:leading-8 break-words\"><a data-ylk=\"slk:Canicule : Voici en quoi consiste le plan Orsec \u00ab\u00a0chaleurs extr\u00eames\u00a0\u00bb, qui n&#039;existait pas par le pass\u00e9;elm:context_link;itc:0;sec:content-canvas;_E:mb_qualified_link;ct:story;outcm:mb_qualified_link;\" data-yga=\"{&quot;yLinkElement&quot;:&quot;link&quot;,&quot;yLinkElementType&quot;:&quot;article_link&quot;}\" href=\"https:\/\/fr.news.yahoo.com\/sport\/canicule-consiste-plan-orsec-chaleurs-070130055.html\" rel=\"nofollow noopener\" target=\"_blank\">Canicule : Voici en quoi consiste le plan Orsec \u00ab\u00a0chaleurs extr\u00eames\u00a0\u00bb, qui n&rsquo;existait pas par le pass\u00e9<\/a><\/p>\n","protected":false},"excerpt":{"rendered":"C&rsquo;est une tradition fran\u00e7aise qui en prend un coup \u00e0 cause de la canicule. Les sapeurs-pompiers de Paris&hellip;\n","protected":false},"author":2,"featured_media":1059446,"comment_status":"","ping_status":"","sticky":false,"template":"","format":"standard","meta":{"footnotes":"","_share_on_mastodon":"0"},"categories":[1888],"tags":[10915,1111,1928,11,1927,35503,87237,1777,674,1011,27,38112,12,1926,626,1925,25],"class_list":["post-1059445","post","type-post","status-publish","format-standard","has-post-thumbnail","category-paris","tag-14-juillet","tag-actu","tag-actu-paris","tag-actualites","tag-actualites-paris","tag-bal-des-pompiers","tag-bspp","tag-eu","tag-europe","tag-fr","tag-france","tag-la-fete-nationale","tag-news","tag-news-paris","tag-paris","tag-paris-news","tag-republique-francaise"],"share_on_mastodon":{"url":"https:\/\/pubeurope.com\/@fr\/116905563266834310","error":""},"_links":{"self":[{"href":"https:\/\/www.europesays.com\/fr\/wp-json\/wp\/v2\/posts\/1059445","targetHints":{"allow":["GET"]}}],"collection":[{"href":"https:\/\/www.europesays.com\/fr\/wp-json\/wp\/v2\/posts"}],"about":[{"href":"https:\/\/www.europesays.com\/fr\/wp-json\/wp\/v2\/types\/post"}],"author":[{"embeddable":true,"href":"https:\/\/www.europesays.com\/fr\/wp-json\/wp\/v2\/users\/2"}],"replies":[{"embeddable":true,"href":"https:\/\/www.europesays.com\/fr\/wp-json\/wp\/v2\/comments?post=1059445"}],"version-history":[{"count":0,"href":"https:\/\/www.europesays.com\/fr\/wp-json\/wp\/v2\/posts\/1059445\/revisions"}],"wp:featuredmedia":[{"embeddable":true,"href":"https:\/\/www.europesays.com\/fr\/wp-json\/wp\/v2\/media\/1059446"}],"wp:attachment":[{"href":"https:\/\/www.europesays.com\/fr\/wp-json\/wp\/v2\/media?parent=1059445"}],"wp:term":[{"taxonomy":"category","embeddable":true,"href":"https:\/\/www.europesays.com\/fr\/wp-json\/wp\/v2\/categories?post=1059445"},{"taxonomy":"post_tag","embeddable":true,"href":"https:\/\/www.europesays.com\/fr\/wp-json\/wp\/v2\/tags?post=1059445"}],"curies":[{"name":"wp","href":"https:\/\/api.w.org\/{rel}","templated":true}]}}