{"id":105960,"date":"2025-05-17T02:54:13","date_gmt":"2025-05-17T02:54:13","guid":{"rendered":"https:\/\/www.europesays.com\/fr\/105960\/"},"modified":"2025-05-17T02:54:13","modified_gmt":"2025-05-17T02:54:13","slug":"une-histoire-intime-exposee-a-la-vieille-charite-de-marseille","status":"publish","type":"post","link":"https:\/\/www.europesays.com\/fr\/105960\/","title":{"rendered":"une histoire intime expos\u00e9e \u00e0 la Vieille Charit\u00e9 de Marseille"},"content":{"rendered":"<p><img alt=\"Les photos d\u2019Anne van der Stegen &quot;Marseille dans la peau&quot; expos\u00e9es \u00e0 la Vieille Charit\u00e9 dans le cadre de &quot;Tatouage. Histoire de la M\u00e9diterran\u00e9e&quot;.\" loading=\"lazy\" decoding=\"async\" data-nimg=\"fill\" class=\" TwicCore_img__i9TC1 undefined  undefined\" style=\"position:absolute;height:100%;width:100%;left:0;top:0;right:0;bottom:0;color:transparent;background-size:cover;background-position:50% 50%;background-repeat:no-repeat;background-image:url(&quot;data:image\/svg+xml;charset=utf-8,%3Csvg xmlns='http:\/\/www.w3.org\/2000\/svg' %3E%3Cfilter id='b' color-interpolation-filters='sRGB'%3E%3CfeGaussianBlur stdDeviation='20'\/%3E%3CfeColorMatrix values='1 0 0 0 0 0 1 0 0 0 0 0 1 0 0 0 0 0 100 -1' result='s'\/%3E%3CfeFlood x='0' y='0' width='100%25' height='100%25'\/%3E%3CfeComposite operator='out' in='s'\/%3E%3CfeComposite in2='SourceGraphic'\/%3E%3CfeGaussianBlur stdDeviation='20'\/%3E%3C\/filter%3E%3Cimage width='100%25' height='100%25' x='0' y='0' preserveAspectRatio='none' style='filter: url(%23b);' href='https:\/\/pictures.laprovence.com\/cdn-cgi\/image\/blur=250\/media\/melody\/2025\/05\/16\/les-photos-d-anne-van-der-stegen-marseille-dans-la-peau-exposees-a-la-vieille-charite-dans-le-cadre-1747396682_7474aa08162869874aa0816288c74av_.jpg'\/%3E%3C\/svg%3E&quot;)\"   src=\"https:\/\/www.europesays.com\/fr\/wp-content\/uploads\/2025\/05\/les-photos-d-anne-van-der-stegen-marseille-dans-la-peau-exposees-a-la-vieille-charite-dans-le-cadre-.jpeg\"\/>Les photos d\u2019Anne van der Stegen \u00ab\u00a0Marseille dans la peau\u00a0\u00bb expos\u00e9es \u00e0 la Vieille Charit\u00e9 dans le cadre de \u00ab\u00a0Tatouage. Histoire de la M\u00e9diterran\u00e9e\u00a0\u00bb. \/ Photo Loane Baltus<\/p>\n<p>\u00ab\u00a0Le tatouage est un art populaire reli\u00e9 \u00e0 notre humanit\u00e9\u00a0\u00bb, a d\u00e9clar\u00e9 <a href=\"https:\/\/www.laprovence.com\/article\/region\/1359254869769314\/benoit-payan-promet-davantage-de-cameras-chaque-annee-le-maire-de-marseille-repond-a-nos-lecteurs\" target=\"_blank\" rel=\"nofollow noopener\">Beno\u00eet Payan, le maire de Marseille<\/a>, en introduction de la visite presse de Tatouage. Histoires de la M\u00e9diterran\u00e9e, au <a href=\"https:\/\/www.laprovence.com\/article\/region\/1710442253307215\/connaissez-vous-les-secrets-de-la-vieille-charite-pepite-architecturale-au-coeur-du-panier-a-marseille\" target=\"_blank\" rel=\"nofollow noopener\">Centre de la Vieille Charit\u00e9<\/a>. Elle sera ouverte au public d\u00e8s ce samedi 17\u00a0mai au soir, dans le cadre de la Nuit des Mus\u00e9es, avec de nombreuses animations. \u00ab\u00a0Mais c\u2019est aussi quelque chose qui nous relie \u00e0 des objets du pass\u00e9\u00a0\u00bb, a poursuivi le maire.<\/p>\n<p>Et c\u2019est en effet l\u2019intention de cette exposition. Un voyage dans le temps, \u00e0 travers les civilisations de la M\u00e9diterran\u00e9e, de l\u2019Antiquit\u00e9 \u00e0 nos jours. Plus de 275 objets (mat\u00e9riel de tatouage, documents, \u0153uvres, vases\u00a0etc.) sont visibles, issus de plus de 70 mus\u00e9es internationaux ou collections priv\u00e9es \u00e9trang\u00e8res.<\/p>\n<p>Les tatouages religieux<\/p>\n<p>Une histoire instructive du tatouage, avec des aspects parfois m\u00e9connus, qui int\u00e9ressera notamment le visiteur f\u00e9ru d\u2019Histoire. Esquissant un panel des symboles paradoxaux que le tatouage a rev\u00eatu au fil du temps et des r\u00e9gions\u00a0: symbole religieux, symbole d\u2019appartenance, symbole de s\u00e9duction, d\u2019exclusion raciste, symbole punitif ou d\u2019\u00e9mancipation.<\/p>\n<p>Le visiteur voyage en Espagne, en France, \u00e0 Chypre, en Syrie mais aussi dans l\u2019\u00c9gypte ancienne, en Gr\u00e8ce, dans les Balkans et en Italie. Il d\u00e9couvre une importante collection de tampons de tatouage religieux d\u2019Italie, de J\u00e9rusalem ou d\u2019\u00c9gypte du XVIIIe et XIXe\u00a0si\u00e8cle.<\/p>\n<p>Le tatouage au Maghreb<\/p>\n<p>Un focus est \u00e9galement fait sur le tatouage dans les pays du Maghreb, d\u2019hier \u00e0 aujourd\u2019hui. Avec notamment sa pratique dans les traditions amazighes, dites aussi berb\u00e8res. <a href=\"https:\/\/www.laprovence.com\/article\/culture-loisirs\/7462970576362314\/la-culture-amazighe-entre-au-musee-national-des-civilisations-de-l-europe-et-de-la-mediterranee-mucem-du-30-avril-au-2-novembre-2025\" target=\"_blank\" rel=\"nofollow noopener\">La culture amazighe, \u00e0 laquelle le Mucem consacre d\u2019ailleurs actuellement une exposition<\/a>, accorde au tatouage une signification sociale, intime, ornementale ou protectrice. Puis l\u2019histoire du tatouage au Maghreb \u00e9volue encore avec l\u2019Histoire et rev\u00eat une dimension politique inattendue au cours de la d\u00e9colonisation des ann\u00e9es\u00a01960 en Alg\u00e9rie. Comme sur la s\u00e9rie de photos de femmes alg\u00e9riennes r\u00e9alis\u00e9es par Marc Garanger \u00e0 cette \u00e9poque.<\/p>\n<p>Mode et art contemporain<\/p>\n<p>Mais si le tatouage est intimement li\u00e9 \u00e0 l\u2019Histoire, il est aussi une grande source d\u2019inspiration dans l\u2019art contemporain ou dans la mode. Comme pour <a href=\"https:\/\/www.laprovence.com\/article\/sortie-loisirs\/47040312428929\/que-faire-a-marseille-ce-week-end-du-15-16-17-et-18-mai\" target=\"_blank\" rel=\"nofollow noopener\">l\u2019artiste Denis Martinez<\/a>, membre fondateur du mouvement Aouchem en Alg\u00e9rie, et qui a r\u00e9alis\u00e9 pour cette exposition une \u0153uvre \u00e9ph\u00e9m\u00e8re in\u00e9dite. Ou encore l\u2019artiste iranien Alireza Shojaian qui, \u00e0 travers ses toiles, donne une nouvelle lecture du tatouage et du masculin.<\/p>\n<p>C\u00f4t\u00e9 mode, les tenues de Jean-Paul Gaultier ou encore la robe de l\u2019actrice Cate Blanchett cr\u00e9\u00e9e sur-mesure par le Marseillais <a href=\"https:\/\/www.laprovence.com\/article\/elles-co\/3776169\/yacine-aouadi-nouveau-visage-de-la-haute-couture.html\" target=\"_blank\" rel=\"nofollow noopener\">Yacine Aouadi<\/a> en\u00a02015, jouent avec les broderies en transparence et les trompe-l\u2019\u0153il.<\/p>\n<p><img alt=\"L\u2019exposition &quot;Tatouage. Histoires de la M\u00e9diterran\u00e9e&quot; \u00e0 la Vieille Charit\u00e9 jusqu\u2019au 28 septembre.\" loading=\"lazy\" decoding=\"async\" data-nimg=\"fill\" class=\" TwicCore_img__i9TC1 undefined  undefined\" style=\"position:absolute;height:100%;width:100%;left:0;top:0;right:0;bottom:0;color:transparent;background-size:cover;background-position:50% 50%;background-repeat:no-repeat;background-image:url(&quot;data:image\/svg+xml;charset=utf-8,%3Csvg xmlns='http:\/\/www.w3.org\/2000\/svg' %3E%3Cfilter id='b' color-interpolation-filters='sRGB'%3E%3CfeGaussianBlur stdDeviation='20'\/%3E%3CfeColorMatrix values='1 0 0 0 0 0 1 0 0 0 0 0 1 0 0 0 0 0 100 -1' result='s'\/%3E%3CfeFlood x='0' y='0' width='100%25' height='100%25'\/%3E%3CfeComposite operator='out' in='s'\/%3E%3CfeComposite in2='SourceGraphic'\/%3E%3CfeGaussianBlur stdDeviation='20'\/%3E%3C\/filter%3E%3Cimage width='100%25' height='100%25' x='0' y='0' preserveAspectRatio='none' style='filter: url(%23b);' href='https:\/\/pictures.laprovence.com\/cdn-cgi\/image\/blur=250\/media\/melody\/2025\/05\/16\/l-exposition-tatouage-histoires-de-la-mediterranee-a-la-vieille-charite-jusqu-au-28-septembre-1747396683_e46582b8162860a6582b81628dd658v_.jpg'\/%3E%3C\/svg%3E&quot;)\"   src=\"https:\/\/www.europesays.com\/fr\/wp-content\/uploads\/2025\/05\/l-exposition-tatouage-histoires-de-la-mediterranee-a-la-vieille-charite-jusqu-au-28-septembre-174739.jpeg\"\/>L\u2019exposition \u00ab\u00a0Tatouage. Histoires de la M\u00e9diterran\u00e9e\u00a0\u00bb \u00e0 la Vieille Charit\u00e9 jusqu\u2019au 28 septembre. \/ Photo A.A.Marseille tatou\u00e9e au corps<\/p>\n<p>Mais ce qui retiendra l\u2019attention du grand public est certainement le rapport entre Marseille et le tatouage, \u00ab\u00a0un rapport charnel\u00a0\u00bb, comme l\u2019a pr\u00e9cis\u00e9 Beno\u00eet Payan. \u00ab\u00a0L\u2019exposition est aussi un voyage dans Marseille et son rapport au corps tr\u00e8s singulier\u00a0\u00bb, a soulign\u00e9 <a href=\"https:\/\/www.laprovence.com\/article\/papier\/6833803\/faire-du-musee-un-lieu-de-vie.html\" target=\"_blank\" rel=\"nofollow noopener\">Nicolas Misery, directeur des Mus\u00e9es de Marseille et commissaire de l\u2019expo<\/a>. Un lien \u00e9voqu\u00e9 d\u2019entr\u00e9e de jeu par l\u2019installation de la devanture vintage du premier salon de tatouage marseillais ouvert en\u00a01978 par Monick, la premi\u00e8re tatoueuse professionnelle, et son mari Allan. Celle qui a commenc\u00e9 \u00e0 c\u00f4t\u00e9 de la <a href=\"https:\/\/www.laprovence.com\/article\/region\/3970334357270914\/nettoyage-travaux-reamenagement-les-marseillais-prives-de-plage-pendant-trois-jours-aux-catalans\" target=\"_blank\" rel=\"nofollow noopener\">plage des Catalans<\/a> a ouvert ce salon pour des Marines qui venaient \u00e0 Marseille pour se faire tatouer par ses soins. Monick a tatou\u00e9 une bonne partie des Marseillais, dont la communaut\u00e9 des bikers.<\/p>\n<p><img alt=\"&quot;Marseille dans la peau&quot; par Anne van der Stegen\" loading=\"lazy\" decoding=\"async\" data-nimg=\"fill\" class=\" TwicCore_img__i9TC1 undefined  undefined\" style=\"position:absolute;height:100%;width:100%;left:0;top:0;right:0;bottom:0;color:transparent;background-size:cover;background-position:50% 50%;background-repeat:no-repeat;background-image:url(&quot;data:image\/svg+xml;charset=utf-8,%3Csvg xmlns='http:\/\/www.w3.org\/2000\/svg' %3E%3Cfilter id='b' color-interpolation-filters='sRGB'%3E%3CfeGaussianBlur stdDeviation='20'\/%3E%3CfeColorMatrix values='1 0 0 0 0 0 1 0 0 0 0 0 1 0 0 0 0 0 100 -1' result='s'\/%3E%3CfeFlood x='0' y='0' width='100%25' height='100%25'\/%3E%3CfeComposite operator='out' in='s'\/%3E%3CfeComposite in2='SourceGraphic'\/%3E%3CfeGaussianBlur stdDeviation='20'\/%3E%3C\/filter%3E%3Cimage width='100%25' height='100%25' x='0' y='0' preserveAspectRatio='none' style='filter: url(%23b);' href='https:\/\/pictures.laprovence.com\/cdn-cgi\/image\/blur=250\/media\/melody\/2025\/05\/16\/marseille-dans-la-peau-par-anne-van-der-stegen-1747396683_a6334d6c162860c334d6c1628d6634v_.jpg'\/%3E%3C\/svg%3E&quot;)\"   src=\"https:\/\/www.europesays.com\/fr\/wp-content\/uploads\/2025\/05\/marseille-dans-la-peau-par-anne-van-der-stegen-1747396683_a6334d6c162860c334d6c1628d6634v_.jpg\"\/>\u00ab\u00a0Marseille dans la peau\u00a0\u00bb par Anne van der Stegen \/ Photo Anne van der STEGEN<\/p>\n<p>Des photos de Yohanne Lamoul\u00e8re et d\u2019Anne van der Stegen donnent aussi \u00e0 voir une nouvelle g\u00e9n\u00e9ration de tatou\u00e9s, dont ceux qui ont Marseille dans la peau au sens litt\u00e9ral. Tandis que Ga\u00eblle Matata compl\u00e8te cette s\u00e9rie de photos un peu frustrante par son petit nombre, avec ses portraits de <a href=\"https:\/\/www.laprovence.com\/videos\/l-lection-de-miss-cagole-2024-anime-la-plaine\/12354172\" target=\"_blank\" rel=\"nofollow noopener\">Lisa Granado, Miss Cagole 2024<\/a>, o\u00f9 le tatouage est symbole d\u2019\u00e9mancipation et de r\u00e9bellion face aux normes patriarcales.<\/p>\n<p>Samedi 17\u00a0mai de 19h \u00e0 minuit avec performances et tatouages (gratuit). Du mardi au dimanche de 9h \u00e0 18h (3-6\u20ac). Jusqu&rsquo;au 28\u00a0septembre.<\/p>\n","protected":false},"excerpt":{"rendered":"Les photos d\u2019Anne van der Stegen \u00ab\u00a0Marseille dans la peau\u00a0\u00bb expos\u00e9es \u00e0 la Vieille Charit\u00e9 dans le cadre&hellip;\n","protected":false},"author":2,"featured_media":105961,"comment_status":"","ping_status":"","sticky":false,"template":"","format":"standard","meta":{"footnotes":""},"categories":[2814],"tags":[17,1111,11,251,1777,674,22292,1011,27,937,22291,884,1252,12,882,25,22290,96,10966],"class_list":{"0":"post-105960","1":"post","2":"type-post","3":"status-publish","4":"format-standard","5":"has-post-thumbnail","7":"category-marseille","8":"tag-17","9":"tag-actu","10":"tag-actualites","11":"tag-culture","12":"tag-eu","13":"tag-europe","14":"tag-exposee","15":"tag-fr","16":"tag-france","17":"tag-histoire","18":"tag-intime","19":"tag-marseille","20":"tag-mediterranee","21":"tag-news","22":"tag-provence-alpes-cote-dazur","23":"tag-republique-francaise","24":"tag-tatouages","25":"tag-une","26":"tag-vieille"},"share_on_mastodon":{"url":"https:\/\/pubeurope.com\/@fr\/114520920183796415","error":""},"_links":{"self":[{"href":"https:\/\/www.europesays.com\/fr\/wp-json\/wp\/v2\/posts\/105960","targetHints":{"allow":["GET"]}}],"collection":[{"href":"https:\/\/www.europesays.com\/fr\/wp-json\/wp\/v2\/posts"}],"about":[{"href":"https:\/\/www.europesays.com\/fr\/wp-json\/wp\/v2\/types\/post"}],"author":[{"embeddable":true,"href":"https:\/\/www.europesays.com\/fr\/wp-json\/wp\/v2\/users\/2"}],"replies":[{"embeddable":true,"href":"https:\/\/www.europesays.com\/fr\/wp-json\/wp\/v2\/comments?post=105960"}],"version-history":[{"count":0,"href":"https:\/\/www.europesays.com\/fr\/wp-json\/wp\/v2\/posts\/105960\/revisions"}],"wp:featuredmedia":[{"embeddable":true,"href":"https:\/\/www.europesays.com\/fr\/wp-json\/wp\/v2\/media\/105961"}],"wp:attachment":[{"href":"https:\/\/www.europesays.com\/fr\/wp-json\/wp\/v2\/media?parent=105960"}],"wp:term":[{"taxonomy":"category","embeddable":true,"href":"https:\/\/www.europesays.com\/fr\/wp-json\/wp\/v2\/categories?post=105960"},{"taxonomy":"post_tag","embeddable":true,"href":"https:\/\/www.europesays.com\/fr\/wp-json\/wp\/v2\/tags?post=105960"}],"curies":[{"name":"wp","href":"https:\/\/api.w.org\/{rel}","templated":true}]}}