{"id":1059615,"date":"2026-07-12T08:22:17","date_gmt":"2026-07-12T08:22:17","guid":{"rendered":"https:\/\/www.europesays.com\/fr\/1059615\/"},"modified":"2026-07-12T08:22:17","modified_gmt":"2026-07-12T08:22:17","slug":"meteo-la-meteo-du-dimanche-12-juillet-2026-a-vandoeuvre-les-nancy-et-ses-environs","status":"publish","type":"post","link":"https:\/\/www.europesays.com\/fr\/1059615\/","title":{"rendered":"M\u00e9t\u00e9o. La m\u00e9t\u00e9o du dimanche 12 juillet 2026 \u00e0 Vand\u0153uvre-l\u00e8s-Nancy et ses environs"},"content":{"rendered":"<p>La matin\u00e9e d\u00e9butera sous un voile de nuages \u00e9lev\u00e9s, avant de laisser place \u00e0 un ciel peu nuageux puis d\u00e9gag\u00e9 en milieu de matin\u00e9e. La temp\u00e9rature passera d\u2019un niveau doux autour de 22 \u00e0 23 \u00b0C \u00e0 28 \u00b0C \u00e0 la fin de la p\u00e9riode. Le vent, d\u2019abord orient\u00e9 nord-est \u00e0 10 km\/h, se renforcera jusqu\u2019\u00e0 20 km\/h en provenance d\u2019est-nord-est, avec des rafales en hausse. L\u2019humidit\u00e9 reculera au fil des heures, pr\u00e9parant une atmosph\u00e8re plus s\u00e8che pour le d\u00e9but d\u2019apr\u00e8s-midi.<\/p>\n<p>L\u2019apr\u00e8s-midi sera domin\u00e9e par un ciel souvent voil\u00e9, entre de courtes p\u00e9riodes plus d\u00e9gag\u00e9es en d\u00e9but de phase centrale, dans le prolongement de la matin\u00e9e. Les temp\u00e9ratures grimperont de 30 \u00b0C vers midi pour atteindre 32 \u00b0C en milieu puis fin d\u2019apr\u00e8s-midi, avant de se stabiliser. Le vent restera orient\u00e9 est-nord-est, soufflant le plus souvent \u00e0 20 km\/h avec des rafales pouvant atteindre 40 km\/h, puis se calmera vers 17 h autour de 15 km\/h, avec des rafales proches de 35 km\/h.<\/p>\n<p>En soir\u00e9e, la chaleur restera marqu\u00e9e avec 32 \u00b0C en d\u00e9but de p\u00e9riode avant un l\u00e9ger recul vers 29 \u00e0 30 \u00b0C, puis une remont\u00e9e autour de 31 \u00b0C en fin de soir\u00e9e, dans la continuit\u00e9 de l\u2019apr\u00e8s-midi. Le vent soufflera d\u2019est-nord-est, g\u00e9n\u00e9ralement proche de 15 km\/h, se renfor\u00e7ant bri\u00e8vement jusqu\u2019\u00e0 20 km\/h vers le milieu de la soir\u00e9e, avec des rafales pouvant atteindre 35 \u00e0 40 km\/h. La couverture nuageuse s\u2019all\u00e9gera peu \u00e0 peu, tandis que l\u2019humidit\u00e9 tendra \u00e0 augmenter au fil des heures.<\/p>\n<p>Durant la nuit pr\u00e9c\u00e9dant le lundi 13 juillet 2026, la temp\u00e9rature restera \u00e9lev\u00e9e, oscillant entre 26 \u00b0C et 28 \u00b0C avant de redescendre l\u00e9g\u00e8rement vers l\u2019aube, dans le prolongement de la soir\u00e9e. Le vent soufflera de l\u2019est-nord-est \u00e0 environ 15 km\/h, avec des rafales pouvant atteindre 35 km\/h, puis basculera progressivement au nord-est. Le ciel, d\u2019abord clair puis peu nuageux, se couvrira de nuages \u00e9lev\u00e9s en fin de nuit, tandis que l\u2019humidit\u00e9 augmentera de fa\u00e7on sensible.<\/p>\n<p>Pour demain, lundi, la journ\u00e9e commencera sous l\u2019influence de cette nuit chaude, avec une chaleur d\u00e9j\u00e0 marqu\u00e9e avant de grimper l\u2019apr\u00e8s-midi pour atteindre des temp\u00e9ratures proches de 35 \u00b0C. Le ciel passera d\u2019un voile de nuages \u00e9lev\u00e9s \u00e0 une couverture tr\u00e8s abondante, puis uniforme en fin de journ\u00e9e. Le vent restera constant en provenance de l\u2019est-nord-est, \u00e0 15 km\/h, avec des rafales passant de 30 \u00e0 35 km\/h. L\u2019humidit\u00e9 diminuera en continu au fil des heures.<\/p>\n<p><a href=\"https:\/\/www.ouest-france.fr\/meteo\/grand-est\/vandoeuvre-les-nancy-54500\/\" rel=\"nofollow noopener\" target=\"_blank\">Suivez la m\u00e9t\u00e9o de votre commune en temps r\u00e9el<\/a><\/p>\n<p>Ouest-France vous donne \u00e9galement la possibilit\u00e9 de conna\u00eetre la m\u00e9t\u00e9o de votre commune, heure par heure, sur notre page m\u00e9t\u00e9o d\u00e9di\u00e9e<\/p>\n","protected":false},"excerpt":{"rendered":"La matin\u00e9e d\u00e9butera sous un voile de nuages \u00e9lev\u00e9s, avant de laisser place \u00e0 un ciel peu nuageux&hellip;\n","protected":false},"author":2,"featured_media":986872,"comment_status":"","ping_status":"","sticky":false,"template":"","format":"standard","meta":{"footnotes":"","_share_on_mastodon":"0"},"categories":[9635],"tags":[1111,11,11734,1777,674,1011,27,775,1702,9847,12,25,24495,5711],"class_list":["post-1059615","post","type-post","status-publish","format-standard","has-post-thumbnail","category-nancy","tag-actu","tag-actualites","tag-bois-de-haye","tag-eu","tag-europe","tag-fr","tag-france","tag-grand-est","tag-nancy","tag-neuves-maisons","tag-news","tag-republique-francaise","tag-richardmenil","tag-vandoeuvre-les-nancy"],"share_on_mastodon":{"url":"https:\/\/pubeurope.com\/@fr\/116906042910285113","error":""},"_links":{"self":[{"href":"https:\/\/www.europesays.com\/fr\/wp-json\/wp\/v2\/posts\/1059615","targetHints":{"allow":["GET"]}}],"collection":[{"href":"https:\/\/www.europesays.com\/fr\/wp-json\/wp\/v2\/posts"}],"about":[{"href":"https:\/\/www.europesays.com\/fr\/wp-json\/wp\/v2\/types\/post"}],"author":[{"embeddable":true,"href":"https:\/\/www.europesays.com\/fr\/wp-json\/wp\/v2\/users\/2"}],"replies":[{"embeddable":true,"href":"https:\/\/www.europesays.com\/fr\/wp-json\/wp\/v2\/comments?post=1059615"}],"version-history":[{"count":0,"href":"https:\/\/www.europesays.com\/fr\/wp-json\/wp\/v2\/posts\/1059615\/revisions"}],"wp:featuredmedia":[{"embeddable":true,"href":"https:\/\/www.europesays.com\/fr\/wp-json\/wp\/v2\/media\/986872"}],"wp:attachment":[{"href":"https:\/\/www.europesays.com\/fr\/wp-json\/wp\/v2\/media?parent=1059615"}],"wp:term":[{"taxonomy":"category","embeddable":true,"href":"https:\/\/www.europesays.com\/fr\/wp-json\/wp\/v2\/categories?post=1059615"},{"taxonomy":"post_tag","embeddable":true,"href":"https:\/\/www.europesays.com\/fr\/wp-json\/wp\/v2\/tags?post=1059615"}],"curies":[{"name":"wp","href":"https:\/\/api.w.org\/{rel}","templated":true}]}}