{"id":105963,"date":"2025-05-17T02:56:13","date_gmt":"2025-05-17T02:56:13","guid":{"rendered":"https:\/\/www.europesays.com\/fr\/105963\/"},"modified":"2025-05-17T02:56:13","modified_gmt":"2025-05-17T02:56:13","slug":"dua-lipa-en-mode-touriste-dans-les-rues-de-lyon","status":"publish","type":"post","link":"https:\/\/www.europesays.com\/fr\/105963\/","title":{"rendered":"Dua Lipa en mode touriste dans les rues de Lyon"},"content":{"rendered":"<p itemprop=\"description\"><strong>La chanteuse sera de nouveau ce vendredi soir sur la sc\u00e8ne de la LDCL Arena de D\u00e9cines.<\/strong><\/p>\n<p><strong>Dua Lipa<\/strong> semble appr\u00e9cier son s\u00e9jour \u00e0 Lyon. Au lendemain de son premier concert \u00e9v\u00e8nement en France dans le cadre de sa tourn\u00e9e mondiale Radical Optimism, la pop star britanno-albanaise n\u2019a pas manqu\u00e9 de profiter des charmes de la capitale des Gaules.<\/p>\n<p>L\u2019interpr\u00e8te de Houdini, Training Season, Dance The Night ou encore Physical a fait un arr\u00eat dans les pentes de la Croix-Rousse. Plus pr\u00e9cis\u00e9ment au Kaf\u00e9 Stockholm o\u00f9 Dua Lipa a pris le temps de poser avec l\u2019\u00e9quipe des lieux. \u00ab\u00a0Regardez qui est venue aujourd\u2019hui. Merci pour votre visite au caf\u00e9 et \u00e0 Lyon\u00a0\u00bb, peut-on lire en l\u00e9gende du post qui ne devrait pas manquer de faire le buzz.<\/p>\n<p>La chanteuse avait d\u00e9j\u00e0 partag\u00e9 ce jeudi une story sur Instagram dans laquelle on la voyait <a href=\"https:\/\/www.lyonfemmes.com\/article\/251715\/dua-lipa-a-lyon-quand-la-superstar-pique-nique-dans-un-parc-avant-son-concert\" target=\"_blank\" rel=\"noopener\">pique-niquer dans un parc lyonnais<\/a>. Dua Lipa donnera ce vendredi soir \u00e0 partir de 19h30 un second show \u00e0 la LDLC Arena de D\u00e9cines avant de se produire \u00e0 Paris les 23 et 24 mai \u00e0 La D\u00e9fense Arena. Plus de 13 000 spectateurs sont attendus.<\/p>\n","protected":false},"excerpt":{"rendered":"La chanteuse sera de nouveau ce vendredi soir sur la sc\u00e8ne de la LDCL Arena de D\u00e9cines. Dua&hellip;\n","protected":false},"author":2,"featured_media":105964,"comment_status":"","ping_status":"","sticky":false,"template":"","format":"standard","meta":{"footnotes":""},"categories":[1889],"tags":[1111,11,2813,2190,2430,1109,251,1112,2811,1777,674,118,1294,4651,1011,27,1922,1110,1114,2428,4903,4902,12,241,316,25,2812,517,800],"class_list":{"0":"post-105963","1":"post","2":"type-post","3":"status-publish","4":"format-standard","5":"has-post-thumbnail","7":"category-lyon","8":"tag-actu","9":"tag-actualites","10":"tag-article","11":"tag-asvel","12":"tag-auvergne-rhone-alpes","13":"tag-breves","14":"tag-culture","15":"tag-depeches","16":"tag-economique","17":"tag-eu","18":"tag-europe","19":"tag-faits-divers","20":"tag-femme","21":"tag-femmes","22":"tag-fr","23":"tag-france","24":"tag-info","25":"tag-informations","26":"tag-infos","27":"tag-lyon","28":"tag-lyonfemme","29":"tag-lyonfemmes","30":"tag-news","31":"tag-ol","32":"tag-politique","33":"tag-republique-francaise","34":"tag-sociale","35":"tag-sport","36":"tag-transports"},"share_on_mastodon":{"url":"https:\/\/pubeurope.com\/@fr\/114520928164921950","error":""},"_links":{"self":[{"href":"https:\/\/www.europesays.com\/fr\/wp-json\/wp\/v2\/posts\/105963","targetHints":{"allow":["GET"]}}],"collection":[{"href":"https:\/\/www.europesays.com\/fr\/wp-json\/wp\/v2\/posts"}],"about":[{"href":"https:\/\/www.europesays.com\/fr\/wp-json\/wp\/v2\/types\/post"}],"author":[{"embeddable":true,"href":"https:\/\/www.europesays.com\/fr\/wp-json\/wp\/v2\/users\/2"}],"replies":[{"embeddable":true,"href":"https:\/\/www.europesays.com\/fr\/wp-json\/wp\/v2\/comments?post=105963"}],"version-history":[{"count":0,"href":"https:\/\/www.europesays.com\/fr\/wp-json\/wp\/v2\/posts\/105963\/revisions"}],"wp:featuredmedia":[{"embeddable":true,"href":"https:\/\/www.europesays.com\/fr\/wp-json\/wp\/v2\/media\/105964"}],"wp:attachment":[{"href":"https:\/\/www.europesays.com\/fr\/wp-json\/wp\/v2\/media?parent=105963"}],"wp:term":[{"taxonomy":"category","embeddable":true,"href":"https:\/\/www.europesays.com\/fr\/wp-json\/wp\/v2\/categories?post=105963"},{"taxonomy":"post_tag","embeddable":true,"href":"https:\/\/www.europesays.com\/fr\/wp-json\/wp\/v2\/tags?post=105963"}],"curies":[{"name":"wp","href":"https:\/\/api.w.org\/{rel}","templated":true}]}}