{"id":105967,"date":"2025-05-17T03:00:15","date_gmt":"2025-05-17T03:00:15","guid":{"rendered":"https:\/\/www.europesays.com\/fr\/105967\/"},"modified":"2025-05-17T03:00:15","modified_gmt":"2025-05-17T03:00:15","slug":"le-plus-vieux-jeu-de-la-radio-debarque-au-touquet-voici-comment-y-participer","status":"publish","type":"post","link":"https:\/\/www.europesays.com\/fr\/105967\/","title":{"rendered":"Le plus vieux jeu de la radio d\u00e9barque au Touquet : voici comment y participer"},"content":{"rendered":"<p>            Par<br \/>\n        <strong><br \/>\n            <a href=\"https:\/\/actu.fr\/auteur\/florian-brassart\" title=\"Consulter tous les articles de Florian Brassart\" target=\"_blank\" rel=\"noopener\">Florian Brassart<\/a><br \/>\n        <\/strong><\/p>\n<p>        Publi\u00e9 le<\/p>\n<p>            11 mai 2025 \u00e0 17h40        <\/p>\n<p>Et si vous tentiez votre chance ? Ce mardi 13 mai 2025, <b>le plus ancien jeu de la radio<\/b> d\u00e9barque au <a href=\"https:\/\/actu.fr\/hauts-de-france\/le-touquet-paris-plage_62826\" target=\"_blank\" rel=\"noopener\">Touquet-Paris-Plage<\/a>, dans le <a href=\"https:\/\/actu.fr\/pas-de-calais\/\" target=\"_blank\" rel=\"noopener\">Pas-de-Calais<\/a>. Diffus\u00e9 sur <b>France Inter<\/b>, <b>le Jeu des 1000 euros<\/b> aura lieu au Palais des Congr\u00e8s. Voici comment participer !\u00a0<\/p>\n<p>Qui veut tenter sa chance au Jeu des 1000 euros ?<\/p>\n<p class=\" wall-content\">Le Jeu des 1000 euros, pr\u00e9sent\u00e9 par Nicolas Stoufflet, est l\u2019\u00e9mission la plus \u00e9cout\u00e9e de toutes les radios. C\u2019est aussi le plus ancien des jeux radiophoniques, cr\u00e9\u00e9 en 1958 par Henri Kubnick, sous le nom de 100 000 francs par jour. Rebaptis\u00e9e le jeu des 1000 euros, elle reste <b>l\u2019une des \u00e9missions phares de France Inter<\/b>.<\/p>\n<p class=\" wall-content\">Nicolas Stoufflet est aux commandes de l\u2019\u00e9mission depuis septembre 2008 et il sera pr\u00e9sent au Touquet ce mardi pour pr\u00e9senter l\u2019\u00e9pisode qui sera enregistr\u00e9 au Palais des Congr\u00e8s. L\u2019\u00e9mission, toujours en pr\u00e9sence du public, est bas\u00e9e sur des questions de culture g\u00e9n\u00e9rale toutes envoy\u00e9es par des auditeurs. Les candidats sont s\u00e9lectionn\u00e9s sur place \u00e0 l\u2019heure des enregistrements. <b>Le jeu est ouvert \u00e0 tous<\/b>, sans inscription ni obligation de participer.<\/p>\n<p class=\" wall-content\">Si vous habitez au Touquet ou aux alentours, rendez-vous ce mardi \u00e0 17h au Palais des Congr\u00e8s, 18h30 pour les plus jeunes. Il est inutile de s\u2019inscrire \u00e0 l\u2019avance : la s\u00e9lection des candidats au Jeu des 1000 euros s\u2019effectue sur place, avec le public. L\u2019entr\u00e9e est libre et gratuite dans la limite des places disponibles. Bonne chance !\u00a0<\/p>\n<p>Le Jeu des 1000 euros est diffus\u00e9 du lundi au vendredi \u00e0 12h45 sur France Inter.\u00a0<\/p>\n<p>Vid\u00e9os : en ce moment sur Actu<\/p>\n<p class=\" wall-content\">Suivez toute l\u2019actualit\u00e9 de vos villes et m\u00e9dias favoris en vous inscrivant \u00e0 <a href=\"https:\/\/moncompte.actu.fr\" title=\"D\u00e9couvez Mon Actu\" rel=\"nofollow noopener\" data-trk=\"{&quot;cta&quot;:{&quot;action&quot;:&quot;https:\\\/\\\/moncompte.actu.fr&quot;,&quot;category&quot;:&quot;mon compte&quot;,&quot;from&quot;:&quot;article footer&quot;,&quot;name&quot;:&quot;Mon actu&quot;,&quot;type&quot;:&quot;cta&quot;}}\" target=\"_blank\">Mon Actu<\/a>.<\/p>\n","protected":false},"excerpt":{"rendered":"Par Florian Brassart Publi\u00e9 le 11 mai 2025 \u00e0 17h40 Et si vous tentiez votre chance ? Ce&hellip;\n","protected":false},"author":2,"featured_media":105968,"comment_status":"","ping_status":"","sticky":false,"template":"","format":"standard","meta":{"footnotes":""},"categories":[1888],"tags":[1111,1928,11,1927,1777,674,1011,27,1652,12,1926,626,1925,1825,25],"class_list":{"0":"post-105967","1":"post","2":"type-post","3":"status-publish","4":"format-standard","5":"has-post-thumbnail","7":"category-paris","8":"tag-actu","9":"tag-actu-paris","10":"tag-actualites","11":"tag-actualites-paris","12":"tag-eu","13":"tag-europe","14":"tag-fr","15":"tag-france","16":"tag-loisirs-culture","17":"tag-news","18":"tag-news-paris","19":"tag-paris","20":"tag-paris-news","21":"tag-radio","22":"tag-republique-francaise"},"share_on_mastodon":{"url":"https:\/\/pubeurope.com\/@fr\/114520943749254243","error":""},"_links":{"self":[{"href":"https:\/\/www.europesays.com\/fr\/wp-json\/wp\/v2\/posts\/105967","targetHints":{"allow":["GET"]}}],"collection":[{"href":"https:\/\/www.europesays.com\/fr\/wp-json\/wp\/v2\/posts"}],"about":[{"href":"https:\/\/www.europesays.com\/fr\/wp-json\/wp\/v2\/types\/post"}],"author":[{"embeddable":true,"href":"https:\/\/www.europesays.com\/fr\/wp-json\/wp\/v2\/users\/2"}],"replies":[{"embeddable":true,"href":"https:\/\/www.europesays.com\/fr\/wp-json\/wp\/v2\/comments?post=105967"}],"version-history":[{"count":0,"href":"https:\/\/www.europesays.com\/fr\/wp-json\/wp\/v2\/posts\/105967\/revisions"}],"wp:featuredmedia":[{"embeddable":true,"href":"https:\/\/www.europesays.com\/fr\/wp-json\/wp\/v2\/media\/105968"}],"wp:attachment":[{"href":"https:\/\/www.europesays.com\/fr\/wp-json\/wp\/v2\/media?parent=105967"}],"wp:term":[{"taxonomy":"category","embeddable":true,"href":"https:\/\/www.europesays.com\/fr\/wp-json\/wp\/v2\/categories?post=105967"},{"taxonomy":"post_tag","embeddable":true,"href":"https:\/\/www.europesays.com\/fr\/wp-json\/wp\/v2\/tags?post=105967"}],"curies":[{"name":"wp","href":"https:\/\/api.w.org\/{rel}","templated":true}]}}