{"id":10598,"date":"2025-04-08T16:04:14","date_gmt":"2025-04-08T16:04:14","guid":{"rendered":"https:\/\/www.europesays.com\/fr\/10598\/"},"modified":"2025-04-08T16:04:14","modified_gmt":"2025-04-08T16:04:14","slug":"au-sud-de-lyon-le-ruisseau-de-la-mouche-retrouve-sa-vie-sauvage","status":"publish","type":"post","link":"https:\/\/www.europesays.com\/fr\/10598\/","title":{"rendered":"au sud de Lyon, le ruisseau de la Mouche retrouve sa vie sauvage"},"content":{"rendered":"<p>Pollu\u00e9, oubli\u00e9, transform\u00e9 par l\u2019homme\u2026 Le ruisseau de la Mouche s\u2019offre un second souffle. L\u2019eau est limpide, les berges verdoyantes. Difficile d\u2019imaginer qu\u2019il y a encore peu, deux tonnes de d\u00e9chets gisaient ici, dans ce petit bout de nature coinc\u00e9 au milieu de la zone industrielle de Saint-Genis-Laval.<\/p>\n<p>Ce lundi 7\u00a0avril, la m\u00e9tamorphose du ruisseau de la Mouche a \u00e9t\u00e9 officiellement inaugur\u00e9e. Apr\u00e8s des mois de travaux, une&#8230;<\/p>\n","protected":false},"excerpt":{"rendered":"Pollu\u00e9, oubli\u00e9, transform\u00e9 par l\u2019homme\u2026 Le ruisseau de la Mouche s\u2019offre un second souffle. L\u2019eau est limpide, les&hellip;\n","protected":false},"author":2,"featured_media":10599,"comment_status":"","ping_status":"","sticky":false,"template":"","format":"standard","meta":{"footnotes":""},"categories":[1889],"tags":[1111,11,2430,3154,436,1777,674,1011,27,2428,12,25,2429,5151,5152,3151],"class_list":{"0":"post-10598","1":"post","2":"type-post","3":"status-publish","4":"format-standard","5":"has-post-thumbnail","7":"category-lyon","8":"tag-actu","9":"tag-actualites","10":"tag-auvergne-rhone-alpes","11":"tag-edition-sud-lyonnais","12":"tag-environnement","13":"tag-eu","14":"tag-europe","15":"tag-fr","16":"tag-france","17":"tag-lyon","18":"tag-news","19":"tag-republique-francaise","20":"tag-rhone","21":"tag-saint-genis-laval","22":"tag-saint-genis-laval-ville","23":"tag-selection-de-la-redaction-69"},"share_on_mastodon":{"url":"https:\/\/pubeurope.com\/@fr\/114303196696782891","error":""},"_links":{"self":[{"href":"https:\/\/www.europesays.com\/fr\/wp-json\/wp\/v2\/posts\/10598","targetHints":{"allow":["GET"]}}],"collection":[{"href":"https:\/\/www.europesays.com\/fr\/wp-json\/wp\/v2\/posts"}],"about":[{"href":"https:\/\/www.europesays.com\/fr\/wp-json\/wp\/v2\/types\/post"}],"author":[{"embeddable":true,"href":"https:\/\/www.europesays.com\/fr\/wp-json\/wp\/v2\/users\/2"}],"replies":[{"embeddable":true,"href":"https:\/\/www.europesays.com\/fr\/wp-json\/wp\/v2\/comments?post=10598"}],"version-history":[{"count":0,"href":"https:\/\/www.europesays.com\/fr\/wp-json\/wp\/v2\/posts\/10598\/revisions"}],"wp:featuredmedia":[{"embeddable":true,"href":"https:\/\/www.europesays.com\/fr\/wp-json\/wp\/v2\/media\/10599"}],"wp:attachment":[{"href":"https:\/\/www.europesays.com\/fr\/wp-json\/wp\/v2\/media?parent=10598"}],"wp:term":[{"taxonomy":"category","embeddable":true,"href":"https:\/\/www.europesays.com\/fr\/wp-json\/wp\/v2\/categories?post=10598"},{"taxonomy":"post_tag","embeddable":true,"href":"https:\/\/www.europesays.com\/fr\/wp-json\/wp\/v2\/tags?post=10598"}],"curies":[{"name":"wp","href":"https:\/\/api.w.org\/{rel}","templated":true}]}}