{"id":105980,"date":"2025-05-17T03:07:08","date_gmt":"2025-05-17T03:07:08","guid":{"rendered":"https:\/\/www.europesays.com\/fr\/105980\/"},"modified":"2025-05-17T03:07:08","modified_gmt":"2025-05-17T03:07:08","slug":"un-ukrainien-soupconne-dincendie-sur-des-proprietes-liees-a-keir-starmer-place-en-detention","status":"publish","type":"post","link":"https:\/\/www.europesays.com\/fr\/105980\/","title":{"rendered":"un Ukrainien soup\u00e7onn\u00e9 d&rsquo;incendie sur des propri\u00e9t\u00e9s li\u00e9es \u00e0 Keir Starmer plac\u00e9 en d\u00e9tention"},"content":{"rendered":"<p>Roman Lavrynovych, 21 ans, a \u00e9t\u00e9 inculp\u00e9 jeudi de \u00abtrois chefs d\u2019incendie criminel avec intention de mettre la vie d\u2019autrui en danger\u00bb, selon un communiqu\u00e9 de la police londonienne publi\u00e9 ce vendredi.<\/p>\n<p class=\"fig-paragraph\">Un ressortissant ukrainien a \u00e9t\u00e9 maintenu en d\u00e9tention \u00e0 l&rsquo;issue d&rsquo;une courte audience vendredi devant un tribunal londonien. L\u2019homme est soup\u00e7onn\u00e9 d\u2019avoir commis des\u00a0<a href=\"http:\/\/www.lefigaro.fr\/international\/royaume-uni-arrestation-d-un-homme-suspecte-d-incendie-criminel-a-l-ancien-domicile-de-keir-starmer-20250513\" target=\"_blank\" data-fig-type=\"NewsFlash\" rel=\"noopener nofollow\" data-gtm-custom-categorie=\"navigation\" data-gtm-custom-action=\"crossclick\" data-gtm-custom-label=\"Contextuel\" data-gtm-event=\"customEventSPE\" data-fig-domain=\"LEFIGARO\">incendies criminels\u00a0<\/a>visant des propri\u00e9t\u00e9s li\u00e9es au premier ministre britannique\u00a0<a href=\"https:\/\/www.lefigaro.fr\/tag\/keir-starmer\" target=\"_blank\" rel=\"noopener nofollow\" data-gtm-custom-categorie=\"navigation\" data-gtm-custom-action=\"crossclick\" data-gtm-custom-label=\"Contextuel\" data-gtm-event=\"customEventSPE\">Keir Starmer<\/a>.<\/p>\n<p class=\"fig-paragraph\">Roman Lavrynovych, 21 ans, a \u00e9t\u00e9 inculp\u00e9 jeudi de \u00abtrois chefs d&rsquo;incendie criminel avec intention de mettre la vie d&rsquo;autrui en danger\u00bb, selon la police. Il a bri\u00e8vement comparu vendredi devant le tribunal de Westminster, o\u00f9 il n&rsquo;a fait que confirmer son nom, son \u00e2ge et son adresse.<\/p>\n<p>Enqu\u00eate confi\u00e9e \u00e0 l\u2019unit\u00e9 antiterroriste de la police londonienne<\/p>\n<p class=\"fig-paragraph\">Il est notamment soup\u00e7onn\u00e9 d&rsquo;\u00eatre \u00e0 l&rsquo;origine d&rsquo;un incendie ayant vis\u00e9 dans la nuit de dimanche \u00e0 lundi l&rsquo;ancienne r\u00e9sidence de\u00a0<a href=\"http:\/\/www.lefigaro.fr\/international\/sous-pression-sur-l-immigration-keir-starmer-promet-de-reprendre-le-controle-des-frontieres-britanniques-20250512\" target=\"_blank\" data-fig-type=\"Article\" rel=\"noopener nofollow\" data-gtm-custom-categorie=\"navigation\" data-gtm-custom-action=\"crossclick\" data-gtm-custom-label=\"Contextuel\" data-gtm-event=\"customEventSPE\" data-fig-domain=\"LEFIGARO\">Keir Starmer<\/a>\u00a0dans le quartier de Kentish Town, dans le nord de Londres. Le sinistre a caus\u00e9 des d\u00e9g\u00e2ts \u00e0 l&rsquo;entr\u00e9e de cette maison, selon la police.<\/p>\n<p class=\"fig-paragraph\">Le dirigeant travailliste n&rsquo;y vit plus depuis son installation au 10, Downing Street, en juillet 2024, mais il en est toujours propri\u00e9taire, selon des m\u00e9dias britanniques. La police londonienne avait indiqu\u00e9 que l&rsquo;enqu\u00eate avait \u00e9t\u00e9 confi\u00e9e \u00e0 son unit\u00e9 antiterroriste \u00abdu fait que la propri\u00e9t\u00e9 a \u00e9t\u00e9 li\u00e9e \u00e0 une figure publique de haut niveau\u00bb.<\/p>\n<p class=\"fig-paragraph\">Le jeune Ukrainien est inculp\u00e9 pour deux autres incendies: celui d&rsquo;un v\u00e9hicule le<a href=\"http:\/\/www.lefigaro.fr\/international\/le-8-mai-macron-rappelle-que-le-combat-pour-la-paix-n-est-jamais-fini-20250508\" target=\"_blank\" data-fig-type=\"Article\" rel=\"noopener nofollow\" data-gtm-custom-categorie=\"navigation\" data-gtm-custom-action=\"crossclick\" data-gtm-custom-label=\"Contextuel\" data-gtm-event=\"customEventSPE\" data-fig-domain=\"LEFIGARO\">\u00a08 mai<\/a>, toujours dans le quartier de Kentish Town, et un autre devant l&rsquo;entr\u00e9e d&rsquo;une propri\u00e9t\u00e9 du quartier d&rsquo;Islington, \u00e9galement dans le nord de la capitale dimanche, selon le bureau du procureur. La propri\u00e9t\u00e9 vis\u00e9e \u00e0 Islington, une maison transform\u00e9e en plusieurs appartements, est \u00e9galement li\u00e9e au Premier ministre, selon la presse.<\/p>\n","protected":false},"excerpt":{"rendered":"Roman Lavrynovych, 21 ans, a \u00e9t\u00e9 inculp\u00e9 jeudi de \u00abtrois chefs d\u2019incendie criminel avec intention de mettre la&hellip;\n","protected":false},"author":2,"featured_media":105981,"comment_status":"","ping_status":"","sticky":false,"template":"","format":"standard","meta":{"footnotes":""},"categories":[1588],"tags":[259,11,260,1777,674,1310,14,2581,261,12,262,473,1853,1851,1850,1852],"class_list":{"0":"post-105980","1":"post","2":"type-post","3":"status-publish","4":"format-standard","5":"has-post-thumbnail","7":"category-royaume-uni","8":"tag-actualite-internationale","9":"tag-actualites","10":"tag-affaires-etrangeres","11":"tag-eu","12":"tag-europe","13":"tag-incendie","14":"tag-international","15":"tag-keir-starmer","16":"tag-ministere-des-affaires-etrangeres","17":"tag-news","18":"tag-politique-etrangere","19":"tag-royaume-uni","20":"tag-royaume-uni-de-grande-bretagne-et-dirlande-du-nord","21":"tag-uk","22":"tag-united-kingdom","23":"tag-united-kingdom-of-great-britain-and-northern-ireland"},"share_on_mastodon":{"url":"https:\/\/pubeurope.com\/@fr\/114520971269434040","error":""},"_links":{"self":[{"href":"https:\/\/www.europesays.com\/fr\/wp-json\/wp\/v2\/posts\/105980","targetHints":{"allow":["GET"]}}],"collection":[{"href":"https:\/\/www.europesays.com\/fr\/wp-json\/wp\/v2\/posts"}],"about":[{"href":"https:\/\/www.europesays.com\/fr\/wp-json\/wp\/v2\/types\/post"}],"author":[{"embeddable":true,"href":"https:\/\/www.europesays.com\/fr\/wp-json\/wp\/v2\/users\/2"}],"replies":[{"embeddable":true,"href":"https:\/\/www.europesays.com\/fr\/wp-json\/wp\/v2\/comments?post=105980"}],"version-history":[{"count":0,"href":"https:\/\/www.europesays.com\/fr\/wp-json\/wp\/v2\/posts\/105980\/revisions"}],"wp:featuredmedia":[{"embeddable":true,"href":"https:\/\/www.europesays.com\/fr\/wp-json\/wp\/v2\/media\/105981"}],"wp:attachment":[{"href":"https:\/\/www.europesays.com\/fr\/wp-json\/wp\/v2\/media?parent=105980"}],"wp:term":[{"taxonomy":"category","embeddable":true,"href":"https:\/\/www.europesays.com\/fr\/wp-json\/wp\/v2\/categories?post=105980"},{"taxonomy":"post_tag","embeddable":true,"href":"https:\/\/www.europesays.com\/fr\/wp-json\/wp\/v2\/tags?post=105980"}],"curies":[{"name":"wp","href":"https:\/\/api.w.org\/{rel}","templated":true}]}}