{"id":105982,"date":"2025-05-17T03:08:18","date_gmt":"2025-05-17T03:08:18","guid":{"rendered":"https:\/\/www.europesays.com\/fr\/105982\/"},"modified":"2025-05-17T03:08:18","modified_gmt":"2025-05-17T03:08:18","slug":"cyclisme-tour-de-cologne-arnaud-de-lie-enfin-de-retour-ce-dimanche-en-allemagne","status":"publish","type":"post","link":"https:\/\/www.europesays.com\/fr\/105982\/","title":{"rendered":"Cyclisme. Tour de Cologne &#8211; Arnaud De Lie enfin de retour ce dimanche en Allemagne"},"content":{"rendered":"<p>Le champion de Belgique est de retour dans le peloton<strong>.<\/strong> Apr\u00e8s plusieurs semaines loin de la comp\u00e9tition, <strong><a href=\"https:\/\/www.cyclismactu.net\/..\/news-route-lotto-a-arrete-sa-collaboration-avec-entraineur-d-arnaud-de-lie-87133.html\" target=\"_blank\" rel=\"noopener\">Arnaud De Lie<\/a><\/strong> (23 ans) reprendra ce dimanche \u00e0 l\u2019occasion du 107e\u00a0<strong>Rund um K\u00f6ln<\/strong>. \u00ab\u00a0On verra ce que les r\u00e9sultats donneront, mais pour l\u2019instant, mon principal objectif est simplement de continuer \u00e0 faire ce que j\u2019aime\u00a0\u00bb, a-t-il d\u00e9clar\u00e9 dans un communiqu\u00e9 ce vendredi.<\/p>\n<p>Vid\u00e9o &#8211; Arnaud De Lie lors du dernier Tour de France Lire la suite de l&rsquo;article&#13;<\/p>\n<p>\u00a0<\/p>\n<p>&#13;<br \/>\n\u00ab\u00a0On verra ce que les r\u00e9sultats diront\u00a0\u00bb&#13;<\/p>\n<p>\u00ab\u00a0Les derni\u00e8res semaines, les derniers mois n\u2019ont pas \u00e9t\u00e9 faciles, confie Arnaud De Lie. J\u2019ai d\u00fb retrouver le plaisir de faire du v\u00e9lo. Cet hiver, je m\u2019\u00e9tais tr\u00e8s bien pr\u00e9par\u00e9, j\u2019avais beaucoup travaill\u00e9 en Espagne, mais cela n\u2019a pas donn\u00e9 les r\u00e9sultats que j\u2019esp\u00e9rais. Faire une pause et r\u00e9initialiser ma trajectoire a \u00e9t\u00e9 la bonne d\u00e9cision\u00a0\u00bb, ajoute-t-il.<\/p>\n<p>&#13;<\/p>\n<p>\u00ab\u00a0Je m\u2019entra\u00eene de nouveau correctement, les entra\u00eeneurs sont satisfaits du travail effectu\u00e9. On verra ce que les r\u00e9sultats diront, mais pour l\u2019instant, je veux juste continuer \u00e0 faire ce que j\u2019aime. Je reviens avec une motivation renouvel\u00e9e et j\u2019esp\u00e8re construire une deuxi\u00e8me partie de saison solide, comme l\u2019an dernier\u00a0\u00bb, a-t-il conclu.<\/p>\n","protected":false},"excerpt":{"rendered":"Le champion de Belgique est de retour dans le peloton. Apr\u00e8s plusieurs semaines loin de la comp\u00e9tition, Arnaud&hellip;\n","protected":false},"author":2,"featured_media":105983,"comment_status":"","ping_status":"","sticky":false,"template":"","format":"standard","meta":{"footnotes":""},"categories":[1587],"tags":[11,672,1804,207,1805,1803,1777,674,211,1801,12,1802,209,22293,210,212,208,213],"class_list":{"0":"post-105982","1":"post","2":"type-post","3":"status-publish","4":"format-standard","5":"has-post-thumbnail","7":"category-allemagne","8":"tag-actualites","9":"tag-allemagne","10":"tag-bundesrepublik-deutschland","11":"tag-cyclisme","12":"tag-de","13":"tag-deutschland","14":"tag-eu","15":"tag-europe","16":"tag-ffc","17":"tag-germany","18":"tag-news","19":"tag-republique-federale-dallemagne","20":"tag-route","21":"tag-tour-de-cologne","22":"tag-tour-de-france","23":"tag-uci","24":"tag-velo","25":"tag-world-tour"},"share_on_mastodon":{"url":"https:\/\/pubeurope.com\/@fr\/114520975236703726","error":""},"_links":{"self":[{"href":"https:\/\/www.europesays.com\/fr\/wp-json\/wp\/v2\/posts\/105982","targetHints":{"allow":["GET"]}}],"collection":[{"href":"https:\/\/www.europesays.com\/fr\/wp-json\/wp\/v2\/posts"}],"about":[{"href":"https:\/\/www.europesays.com\/fr\/wp-json\/wp\/v2\/types\/post"}],"author":[{"embeddable":true,"href":"https:\/\/www.europesays.com\/fr\/wp-json\/wp\/v2\/users\/2"}],"replies":[{"embeddable":true,"href":"https:\/\/www.europesays.com\/fr\/wp-json\/wp\/v2\/comments?post=105982"}],"version-history":[{"count":0,"href":"https:\/\/www.europesays.com\/fr\/wp-json\/wp\/v2\/posts\/105982\/revisions"}],"wp:featuredmedia":[{"embeddable":true,"href":"https:\/\/www.europesays.com\/fr\/wp-json\/wp\/v2\/media\/105983"}],"wp:attachment":[{"href":"https:\/\/www.europesays.com\/fr\/wp-json\/wp\/v2\/media?parent=105982"}],"wp:term":[{"taxonomy":"category","embeddable":true,"href":"https:\/\/www.europesays.com\/fr\/wp-json\/wp\/v2\/categories?post=105982"},{"taxonomy":"post_tag","embeddable":true,"href":"https:\/\/www.europesays.com\/fr\/wp-json\/wp\/v2\/tags?post=105982"}],"curies":[{"name":"wp","href":"https:\/\/api.w.org\/{rel}","templated":true}]}}