{"id":105988,"date":"2025-05-17T03:11:09","date_gmt":"2025-05-17T03:11:09","guid":{"rendered":"https:\/\/www.europesays.com\/fr\/105988\/"},"modified":"2025-05-17T03:11:09","modified_gmt":"2025-05-17T03:11:09","slug":"le-navigateur-kevin-escoffier-sera-juge-en-mars-2026-pour-agressions-sexuelles","status":"publish","type":"post","link":"https:\/\/www.europesays.com\/fr\/105988\/","title":{"rendered":"Le navigateur Kevin Escoffier sera jug\u00e9 en mars\u00a02026\u00a0pour agressions sexuelles"},"content":{"rendered":"<p>                           <img loading=\"lazy\" decoding=\"async\" src=\"https:\/\/www.europesays.com\/fr\/wp-content\/uploads\/2025\/05\/b30c203_ftp-import-images-1-ye64uymlef1r-5921763-01-06.jpg\" alt=\"Le navigateur Kevin Escoffier, au tribunal correctionnel de Paris, le 24\u00a0mars\u00a02025.\"  width=\"664\" height=\"443\"\/>    Le navigateur Kevin Escoffier, au tribunal correctionnel de Paris, le 24\u00a0mars\u00a02025.  STEPHANE DE SAKUTIN \/ AFP                  <\/p>\n<p class=\"article__paragraph  \">Vis\u00e9 par quatre plaintes pour agression sexuelle, le skippeur fran\u00e7ais Kevin Escoffier, sera jug\u00e9 le 30\u00a0mars\u00a02026\u00a0devant le tribunal correctionnel de Lorient (Morbihan), a fait savoir, vendredi 16\u00a0mai, \u00e0 l\u2019Agence France-Presse (AFP), Eric Pouder, vice-procureur de la R\u00e9publique de la ville bretonne, confirmant une information du Canard encha\u00een\u00e9.<\/p>\n<p>                                     Lire aussi |  Article r\u00e9serv\u00e9 \u00e0 nos abonn\u00e9s  <a href=\"https:\/\/www.lemonde.fr\/sport\/article\/2023\/11\/30\/kevin-escoffier-un-navigateur-dans-la-tempete_6203099_3242.html\" class=\"js-article-read-also catcher--favoris__link\" data-premium=\"1\" id=\"article-title-3349355\" rel=\"nofollow noopener\" target=\"_blank\">Kevin Escoffier, un navigateur dans la temp\u00eate apr\u00e8s des accusations d\u2019agression sexuelle<\/a>    <\/p>\n<p>   Lire plus tard  <\/p>\n<p class=\"article__paragraph  \">\u00ab\u00a0Je me r\u00e9jouis que M. Escoffier puisse enfin r\u00e9pondre de ses actes devant la justice\u00a0\u00bb, a d\u00e9clar\u00e9 \u00e0\u00a0l\u2019AFP Me Caroline Toby, avocate de l\u2019une des plaignantes.<\/p>\n<p class=\"article__paragraph  \">D\u00e9but f\u00e9vrier, le navigateur breton de 45\u00a0ans avait \u00e9t\u00e9 plac\u00e9 en garde \u00e0 vue \u00ab\u00a0pour des faits d\u2019agressions sexuelles\u00a0\u00bb sur quatre plaignantes, avait alors pr\u00e9cis\u00e9 le parquet de Lorient. Cette investigation venait apr\u00e8s <a href=\"https:\/\/www.lemonde.fr\/societe\/article\/2023\/07\/07\/enquete-ouverte-apres-un-signalement-de-violences-sexuelles-sur-le-skipper-kevin-escoffier_6180950_3224.html\" rel=\"nofollow noopener\" target=\"_blank\">l\u2019enqu\u00eate judiciaire ouverte en juillet\u00a02023<\/a> par le parquet de Paris et transf\u00e9r\u00e9e \u00e0 celui de Lorient concernant, notamment, une agression sexuelle pr\u00e9sum\u00e9e en mai\u00a02023 sur une jeune femme \u00e0 Newport (Rhode Island, Etats-Unis), avait pr\u00e9cis\u00e9 le parquet.<\/p>\n<p>             Un proc\u00e8s en diffamation             <\/p>\n<p class=\"article__paragraph  \">En octobre\u00a02023, \u00ab\u00a0compte tenu du faisceau d\u2019indices port\u00e9 \u00e0 sa connaissance\u00a0\u00bb, la F\u00e9d\u00e9ration fran\u00e7aise de voile (FFVoile) avait suspendu le navigateur de toute comp\u00e9tition pour dix-huit mois et lui avait retir\u00e9 provisoirement sa licence pendant cinq ans. <a href=\"https:\/\/www.lemonde.fr\/sport\/article\/2024\/03\/22\/la-suspension-du-skipper-kevin-escoffier-accuse-de-violences-sexuelles-annulee-par-la-federation-francaise-de-voile_6223536_3242.html\" rel=\"nofollow noopener\" target=\"_blank\">Elle avait ensuite annul\u00e9 ces mesures en mars\u00a02024<\/a> en raison d\u2019un \u00ab\u00a0vice de proc\u00e9dure\u00a0\u00bb.<\/p>\n<p class=\"article__paragraph  \">En mars de cette ann\u00e9e, un proc\u00e8s en diffamation \u00e0 l\u2019encontre du Canard encha\u00een\u00e9 pour un article paru fin octobre\u00a02023 s\u2019est tenu devant la 17e chambre du tribunal correctionnel de Paris, intent\u00e9 par Kevin Escoffier, qui conteste en bloc les accusations port\u00e9es contre lui.<\/p>\n<p>                                Lire aussi |  Article r\u00e9serv\u00e9 \u00e0 nos abonn\u00e9s  <a href=\"https:\/\/www.lemonde.fr\/sport\/article\/2025\/03\/25\/au-proces-en-diffamation-opposant-kevin-escoffier-au-canard-enchaine-le-navigateur-face-a-l-une-de-ses-accusatrices_6585991_3242.html\" class=\"js-article-read-also catcher--favoris__link\" data-premium=\"1\" id=\"article-title-3415666\" rel=\"nofollow noopener\" target=\"_blank\">Au proc\u00e8s en diffamation opposant Kevin Escoffier au \u00ab\u00a0Canard encha\u00een\u00e9\u00a0\u00bb, le\u00a0navigateur face \u00e0\u00a0l\u2019une de\u00a0ses accusatrices<\/a>    <\/p>\n<p>   Lire plus tard  <\/p>\n<p class=\"article__paragraph  \">Cit\u00e9e en tant que t\u00e9moin devant le tribunal parisien par la d\u00e9fense du Canard encha\u00een\u00e9, une des plaignantes, \u00e2g\u00e9e de 32\u00a0ans, qui travaillait au sein de l\u2019\u00e9quipe du skippeur, a dit avoir \u00e9t\u00e9 \u00ab\u00a0sid\u00e9r\u00e9e\u00a0\u00bb au moment de son agression \u00e0 Newport. Alors qu\u2019elle s\u2019appr\u00eatait \u00e0 une accolade avec Kevin Escoffier en rejoignant l\u2019\u00e9quipe dans un pub, celui-ci lui \u00ab\u00a0presse les seins avec ses mains\u00a0\u00bb, a affirm\u00e9 la jeune femme \u00e0 la barre. \u00ab\u00a0Il commence \u00e0 me palper une fesse, puis l\u2019autre\u00a0\u00bb, \u00ab\u00a0et sa main commence \u00e0 remonter sous mon t-shirt\u00a0\u00bb, a-t-elle ajout\u00e9.<\/p>\n<p>             \u00ab\u00a0Omerta\u00a0\u00bb du milieu de la voile             <\/p>\n<p class=\"article__paragraph  \">Les auteurs de l\u2019article ont, eux, d\u00e9fendu \u00e0 la barre le s\u00e9rieux de leur enqu\u00eate, assurant avoir \u00ab\u00a0r\u00e9cup\u00e9r\u00e9 des dizaines et des dizaines de t\u00e9moignages\u00a0\u00bb et d\u00e9nonc\u00e9 l\u2019\u00ab\u00a0omerta\u00a0\u00bb qui r\u00e9gnait selon eux dans le milieu de la voile. Dans ce volet de l\u2019affaire, le jugement doit \u00eatre rendu le 22\u00a0mai\u00a0prochain.<\/p>\n<p> Newsletter  <\/p>\n<p> <a href=\"https:\/\/www.lemonde.fr\/newsletters\/la-revue-du-monde\/\" class=\"inread__link js-services-inread-link\" target=\"_blank\" rel=\"nofollow noopener\">  <\/p>\n<p>\u00ab La revue du Monde \u00bb<\/p>\n<p>Chaque week-end, la r\u00e9daction s\u00e9lectionne les articles de la semaine qu\u2019il ne fallait pas manquer<\/p>\n<p>S&rsquo;inscrire<\/p>\n<p> <\/a>         <\/p>\n<p class=\"article__paragraph  \">Ing\u00e9nieur naval et membre d\u2019une illustre famille de marins, Kevin Escoffier s\u2019\u00e9tait notamment fait conna\u00eetre pour avoir manqu\u00e9 de faire naufrage le 30\u00a0novembre\u00a02020 dans une temp\u00eate au\u00a0large du Cap de Bonne-Esp\u00e9rance. Il avait saut\u00e9 dans son radeau de survie avant d\u2019\u00eatre secouru in extremis par le marin Jean Le Cam.<\/p>\n<p>                                Lire aussi :  Article r\u00e9serv\u00e9 \u00e0 nos abonn\u00e9s  <a href=\"https:\/\/www.lemonde.fr\/sport\/article\/2022\/11\/08\/route-du-rhum-2022-les-escoffier-famille-de-marins-mais-fratrie-amere_6149049_3242.html\" class=\"js-article-read-also catcher--favoris__link\" data-premium=\"1\" id=\"article-title-3296095\" rel=\"nofollow noopener\" target=\"_blank\">Route du rhum 2022\u00a0: les Escoffier, famille de marins mais fratrie am\u00e8re<\/a>    <\/p>\n<p>   Lire plus tard  <\/p>\n<p class=\"article__paragraph  \">Peu apr\u00e8s la m\u00e9diatisation des \u00e9v\u00e9nements en juin\u00a02023, le skippeur avait quitt\u00e9 l\u2019\u00e9quipe du monocoque Holcim-PRB alors qu\u2019il disputait The Ocean Race, une course autour du monde en \u00e9quipage avec escale.<\/p>\n<p class=\"article__paragraph  \">Kevin Escoffier poss\u00e8de un beau palmar\u00e8s dans le monde de la voile\u00a0: il a remport\u00e9 The Ocean Race en\u00a02017-2018 et a aussi gagn\u00e9 la Transat Jacques-Vabre 2005, ainsi que le Troph\u00e9e Jules-Verne en\u00a02012, sur le Maxi Banque Populaire V de Lo\u00efck Peyron.<\/p>\n<p class=\"author__detail\">  Le Monde avec AFP  <\/p>\n<p>                  <a href=\"https:\/\/www.lemonde.fr\/syndication\/\" class=\"reuse__content\" title=\"R\u00e9utiliser ce contenu\" target=\"_blank\" rel=\"nofollow noopener\">R\u00e9utiliser ce contenu<\/a>      <\/p>\n","protected":false},"excerpt":{"rendered":"Le navigateur Kevin Escoffier, au tribunal correctionnel de Paris, le 24\u00a0mars\u00a02025. STEPHANE DE SAKUTIN \/ AFP Vis\u00e9 par&hellip;\n","protected":false},"author":2,"featured_media":105989,"comment_status":"","ping_status":"","sticky":false,"template":"","format":"standard","meta":{"footnotes":""},"categories":[2],"tags":[11,1011,27,12,25],"class_list":{"0":"post-105988","1":"post","2":"type-post","3":"status-publish","4":"format-standard","5":"has-post-thumbnail","7":"category-actualites","8":"tag-actualites","9":"tag-fr","10":"tag-france","11":"tag-news","12":"tag-republique-francaise"},"share_on_mastodon":{"url":"https:\/\/pubeurope.com\/@fr\/114520987143873457","error":""},"_links":{"self":[{"href":"https:\/\/www.europesays.com\/fr\/wp-json\/wp\/v2\/posts\/105988","targetHints":{"allow":["GET"]}}],"collection":[{"href":"https:\/\/www.europesays.com\/fr\/wp-json\/wp\/v2\/posts"}],"about":[{"href":"https:\/\/www.europesays.com\/fr\/wp-json\/wp\/v2\/types\/post"}],"author":[{"embeddable":true,"href":"https:\/\/www.europesays.com\/fr\/wp-json\/wp\/v2\/users\/2"}],"replies":[{"embeddable":true,"href":"https:\/\/www.europesays.com\/fr\/wp-json\/wp\/v2\/comments?post=105988"}],"version-history":[{"count":0,"href":"https:\/\/www.europesays.com\/fr\/wp-json\/wp\/v2\/posts\/105988\/revisions"}],"wp:featuredmedia":[{"embeddable":true,"href":"https:\/\/www.europesays.com\/fr\/wp-json\/wp\/v2\/media\/105989"}],"wp:attachment":[{"href":"https:\/\/www.europesays.com\/fr\/wp-json\/wp\/v2\/media?parent=105988"}],"wp:term":[{"taxonomy":"category","embeddable":true,"href":"https:\/\/www.europesays.com\/fr\/wp-json\/wp\/v2\/categories?post=105988"},{"taxonomy":"post_tag","embeddable":true,"href":"https:\/\/www.europesays.com\/fr\/wp-json\/wp\/v2\/tags?post=105988"}],"curies":[{"name":"wp","href":"https:\/\/api.w.org\/{rel}","templated":true}]}}