{"id":105996,"date":"2025-05-17T03:16:11","date_gmt":"2025-05-17T03:16:11","guid":{"rendered":"https:\/\/www.europesays.com\/fr\/105996\/"},"modified":"2025-05-17T03:16:11","modified_gmt":"2025-05-17T03:16:11","slug":"la-touche-offensive-du-rct-rampe-de-lancement-grippee","status":"publish","type":"post","link":"https:\/\/www.europesays.com\/fr\/105996\/","title":{"rendered":"La touche offensive du RCT, rampe de lancement gripp\u00e9e"},"content":{"rendered":"<p>Longtemps, cette saison, la touche toulonnaise a \u00e9t\u00e9 une force. D\u00e9fensivement, les comp\u00e8res d\u2019Esteban Abadie se r\u00e9galaient \u00e0 contrarier tous les alignements d\u2019Europe quand, offensivement, ils aimaient imposer leur rugby gr\u00e2ce \u00e0 ce secteur de jeu.<\/p>\n<p>\u00ab\u00a0Rien que sur la moiti\u00e9 de saison, on avait inscrit autant d\u2019essais sur ballons port\u00e9s que sur l\u2019int\u00e9gralit\u00e9 de l\u2019ann\u00e9e pass\u00e9e\u00a0\u00bb, amende Jules Coulon, titulaire sur l\u2019aile de la troisi\u00e8me ligne \u00e0 Pau. Sauf, que.<\/p>\n<p>Les deux derni\u00e8res confrontations face au Stade toulousain ont largement contrari\u00e9 les Varois. \u00ab\u00a0C\u2019est un peu \u00e0 l\u2019image de ce qu\u2019on est en ce moment, souffle l\u2019entra\u00eeneur, Pierre Mignoni. Mais ce n\u2019est pas que la touche, que la m\u00eal\u00e9e, que la conqu\u00eate\u2026 c\u2019est un peu partout. La touche, forc\u00e9ment, \u00e7a se voit beaucoup plus. Il y a une multitude de d\u00e9tails que tu dois bien faire et c\u2019est vrai que ces derniers temps, on les fait moins bien.\u00a0\u00bb<\/p>\n<p>Seulement 58,33% de r\u00e9ussite au V\u00e9lodrome<\/p>\n<p>Et dans les chiffres, \u00e7a se confirme. Sur ses sept derni\u00e8res sorties, Toulon n\u2019a jamais \u00e9t\u00e9 aussi impr\u00e9cis que lors de la double confrontation face au Stade toulousain.<\/p>\n<p>Des prestations bien loin de ses standards. Ainsi, lors du quart de finale de Champions Cup \u00e0 Mayol, la bande \u00e0 Mignoni a \u00e9gar\u00e9 quatre de ses 18 touches (soit 77,78% de r\u00e9ussite).<\/p>\n<p>Pire, au V\u00e9lodrome, l\u2019alignement men\u00e9 par Teddy Baubigny a perdu cinq de ses douze lancers (soit seulement 58,33% de r\u00e9ussite). Tr\u00e8s loin des pourcentages auxquels le RCT s\u2019\u00e9tait habitu\u00e9.<\/p>\n<p>La preuve? Il a tourn\u00e9 \u00e0 92,86% \u00e0 Vannes (13\/14), 83,33% contre Clermont (15\/18), 93,33% contre les Saracens (14\/15), 90% \u00e0 Castres (9\/10) et 93,33% face \u00e0 Perpignan (14\/15).<\/p>\n<p>\u00ab\u00a0Des erreurs individuelles qui p\u00e9nalisent le collectif\u00a0\u00bb<\/p>\n<p>Bien moins souverains dans les airs, les avants toulonnais peinent \u00e0 lancer leur jeu. Alors, comment l\u2019expliquer? Dany Priso Mouangu\u00e9 livre quelques \u00e9l\u00e9ments: \u00ab\u00a0La touche, c\u2019est un travail collectif. Que ce soient les lifteurs, les talons, les sauteurs, il y a tout un boulot \u00e0 fournir, ensemble. Alors, oui, l\u2019\u00e9quipe d\u2019en face a le droit de bien d\u00e9fendre sur certaines touches. Mais, toi, tu dois faire le n\u00e9cessaire. Les erreurs que l\u2019on fait sont interdites. Quand le lifteur ne porte pas bien le sauteur, quand le sauteur met plus de temps \u00e0 se lancer\u2026 \u00e7a, ce sont des erreurs individuelles qui p\u00e9nalisent le collectif.\u00a0\u00bb<\/p>\n<p>Ces \u00ab\u00a0erreurs\u00a0\u00bb sont-elles dues \u00e0 de la concentration, de la technique? Le pilier gauche international (31 ans, 18s\u00e9lections) poursuit: \u00ab\u00a0Dans un alignement, une erreur en entra\u00eene une autre. Si le sauteur fait mal sa course d\u2019\u00e9lan et que le talon lance au moment o\u00f9, pour lui, c\u2019\u00e9tait calibr\u00e9, \u00e7a am\u00e8ne une perte de balle. Les lifteurs ne peuvent pas \u00eatre dans le bon timing et, derri\u00e8re, tu la perds. Et on doit gommer \u00e7a. On ne s\u2019est pas fait chier \u00e0 construire quelque chose toute la saison pour devoir se remettre en question maintenant et se dire: \u201cQu\u2019est-ce qui se passe en touche?\u00a0\u00bb Non. On l\u2019a en nous. On l\u2019a travaill\u00e9, on sait faire. Oui, \u00e7a nous pr\u00e9occupe mais on ne peut retrouver \u00e7a qu\u2019\u00e0 travers du travail. L\u00e0, on se remplit juste de frustration. \u00bb<\/p>\n<p>Simplicit\u00e9 et rapidit\u00e9<\/p>\n<p>Comment retrouver de la confiance dans un secteur si disput\u00e9 et analys\u00e9? Jules Coulon reprend: \u00ab\u00a0C\u2019est bateau, mais on doit repartir sur des fondamentaux. Des choses beaucoup plus simples, plus rapides. On ne peut pas avoir une saison parfaite dans tous les secteurs. \u00c7a arrive d\u2019\u00eatre moins bien. Il faut retrouver un vrai liant. On sait o\u00f9 on p\u00e8che un peu et o\u00f9 on doit \u00eatre plus fort.\u00a0\u00bb<\/p>\n<p>Toujours priv\u00e9 de son capitaine et sauteur David Ribbans, Toulon devra \u00e9galement composer sans Matthias Halagahu, forfait. Au Hameau, de nouveaux joueurs devront se r\u00e9v\u00e9ler au coup d\u2019envoi.<\/p>\n<p>\u00c0 l\u2019image du jeune Pierre Damond, titularis\u00e9 pour la premi\u00e8re fois de sa vie avec le num\u00e9ro 2. Et, dans l\u2019alignement, comptez sur les Esteban Abadie, Jules Coulon et Corentin M\u00e9zou pour relever la t\u00eate.<\/p>\n<p>Plus que jamais, Mignoni et ses hommes doivent retrouver les cl\u00e9s d\u2019un camion qui leur a rapport\u00e9 tant de points cette saison.<\/p>\n","protected":false},"excerpt":{"rendered":"Longtemps, cette saison, la touche toulonnaise a \u00e9t\u00e9 une force. D\u00e9fensivement, les comp\u00e8res d\u2019Esteban Abadie se r\u00e9galaient \u00e0&hellip;\n","protected":false},"author":2,"featured_media":105997,"comment_status":"","ping_status":"","sticky":false,"template":"","format":"standard","meta":{"footnotes":""},"categories":[1416],"tags":[1011,27,479,1468,60],"class_list":{"0":"post-105996","1":"post","2":"type-post","3":"status-publish","4":"format-standard","5":"has-post-thumbnail","7":"category-rugby","8":"tag-fr","9":"tag-france","10":"tag-rugby","11":"tag-rugby-football","12":"tag-sports"},"share_on_mastodon":{"url":"https:\/\/pubeurope.com\/@fr\/114521006654031953","error":""},"_links":{"self":[{"href":"https:\/\/www.europesays.com\/fr\/wp-json\/wp\/v2\/posts\/105996","targetHints":{"allow":["GET"]}}],"collection":[{"href":"https:\/\/www.europesays.com\/fr\/wp-json\/wp\/v2\/posts"}],"about":[{"href":"https:\/\/www.europesays.com\/fr\/wp-json\/wp\/v2\/types\/post"}],"author":[{"embeddable":true,"href":"https:\/\/www.europesays.com\/fr\/wp-json\/wp\/v2\/users\/2"}],"replies":[{"embeddable":true,"href":"https:\/\/www.europesays.com\/fr\/wp-json\/wp\/v2\/comments?post=105996"}],"version-history":[{"count":0,"href":"https:\/\/www.europesays.com\/fr\/wp-json\/wp\/v2\/posts\/105996\/revisions"}],"wp:featuredmedia":[{"embeddable":true,"href":"https:\/\/www.europesays.com\/fr\/wp-json\/wp\/v2\/media\/105997"}],"wp:attachment":[{"href":"https:\/\/www.europesays.com\/fr\/wp-json\/wp\/v2\/media?parent=105996"}],"wp:term":[{"taxonomy":"category","embeddable":true,"href":"https:\/\/www.europesays.com\/fr\/wp-json\/wp\/v2\/categories?post=105996"},{"taxonomy":"post_tag","embeddable":true,"href":"https:\/\/www.europesays.com\/fr\/wp-json\/wp\/v2\/tags?post=105996"}],"curies":[{"name":"wp","href":"https:\/\/api.w.org\/{rel}","templated":true}]}}