{"id":105998,"date":"2025-05-17T03:17:09","date_gmt":"2025-05-17T03:17:09","guid":{"rendered":"https:\/\/www.europesays.com\/fr\/105998\/"},"modified":"2025-05-17T03:17:09","modified_gmt":"2025-05-17T03:17:09","slug":"jannik-sinner-et-trois-autres-tetes-daffiche-se-retirent-de-latp-500-de-hambourg","status":"publish","type":"post","link":"https:\/\/www.europesays.com\/fr\/105998\/","title":{"rendered":"Jannik Sinner et trois autres t\u00eates d\u2019affiche se retirent de l\u2019ATP 500 de Hambourg"},"content":{"rendered":"<p>Le tournoi allemand, dont le d\u00e9but est programm\u00e9 une semaine avant Roland-Garros, a \u00e9t\u00e9 snob\u00e9 par la plupart des membres du top 20.<\/p>\n<p class=\"fig-paragraph\">Entre Rome et Hambourg, il faut choisir. Ce vendredi, le tournoi allemand a fait face \u00e0 une vague de forfaits de la part des joueurs du top 20, particuli\u00e8rement ceux qui sont all\u00e9s loin au Masters 1000 de Rome. Ainsi, Jannik Sinner (1er),\u00a0<a href=\"http:\/\/www.lefigaro.fr\/sports\/tennis\/tennis-alcaraz-met-fin-aux-espoirs-de-lorenzo-musetti-a-rome-et-se-qualifie-pour-la-finale-20250516\" data-fig-type=\"NewsFlash\" data-gtm-custom-categorie=\"navigation\" data-gtm-custom-action=\"crossclick\" data-gtm-custom-label=\"Contextuel\" data-gtm-event=\"customEventSPE\" data-fig-domain=\"LEFIGARO\" target=\"_blank\" rel=\"noopener\">Lorenzo Musetti<\/a>\u00a0(9e), Tommy Paul (12e) ou encore Holger Rune ont choisi de faire l\u2019impasse sur l\u2019ATP 500, qui a lieu du 18 au 24\u00a0mai, soit un jour avant le d\u00e9but de Roland-Garros (25\u00a0mai-8\u00a0juin).<\/p>\n<p class=\"fig-paragraph\">Un gros coup dur pour les organisateurs du tournoi, qui ne pourront pas non plus compter sur Stefanos Tsitsipas (19e),\u00a0Ugo Humbert (22e)\u00a0et Sebastian Korda (23e). Heureusement pour eux, le vainqueur du tournoi en 2023 et\u00a0<a href=\"https:\/\/www.lefigaro.fr\/sports\/tennis\/en-direct-tennis-fils-defie-zverev-en-finale-a-hambourg-20240721\" data-fig-type=\"Live\" data-gtm-custom-categorie=\"navigation\" data-gtm-custom-action=\"crossclick\" data-gtm-custom-label=\"Contextuel\" data-gtm-event=\"customEventSPE\" data-fig-domain=\"LEFIGARO\" target=\"_blank\" rel=\"noopener\">finaliste l\u2019an dernier face \u00e0 Arthur Fils<\/a>\u00a0Alexander Zverev a accept\u00e9 une wild-card en derni\u00e8re minute et sera bien pr\u00e9sent en tant que t\u00eate de s\u00e9rie num\u00e9ro 1.<\/p>\n","protected":false},"excerpt":{"rendered":"Le tournoi allemand, dont le d\u00e9but est programm\u00e9 une semaine avant Roland-Garros, a \u00e9t\u00e9 snob\u00e9 par la plupart&hellip;\n","protected":false},"author":2,"featured_media":105999,"comment_status":"","ping_status":"","sticky":false,"template":"","format":"standard","meta":{"footnotes":""},"categories":[1415],"tags":[47,4169,525,1981,4178,4179,1011,27,1900,1114,20859,3996,4177,4176,4174,4175,1980,4171,60,1467,4172,4173,4170],"class_list":{"0":"post-105998","1":"post","2":"type-post","3":"status-publish","4":"format-standard","5":"has-post-thumbnail","7":"category-tennis","8":"tag-actualite","9":"tag-atp","10":"tag-calendrier","11":"tag-classement","12":"tag-coupe-davis","13":"tag-fed-cup","14":"tag-fr","15":"tag-france","16":"tag-hambourg","17":"tag-infos","18":"tag-jannik-sinner","19":"tag-jeux-olympiques","20":"tag-masters-1000","21":"tag-masters-500","22":"tag-masters-series","23":"tag-open-daustralie","24":"tag-resultats","25":"tag-roland-garros","26":"tag-sports","27":"tag-tennis","28":"tag-us-open","29":"tag-wimbledon","30":"tag-wta"},"share_on_mastodon":{"url":"https:\/\/pubeurope.com\/@fr\/114521010495421919","error":""},"_links":{"self":[{"href":"https:\/\/www.europesays.com\/fr\/wp-json\/wp\/v2\/posts\/105998","targetHints":{"allow":["GET"]}}],"collection":[{"href":"https:\/\/www.europesays.com\/fr\/wp-json\/wp\/v2\/posts"}],"about":[{"href":"https:\/\/www.europesays.com\/fr\/wp-json\/wp\/v2\/types\/post"}],"author":[{"embeddable":true,"href":"https:\/\/www.europesays.com\/fr\/wp-json\/wp\/v2\/users\/2"}],"replies":[{"embeddable":true,"href":"https:\/\/www.europesays.com\/fr\/wp-json\/wp\/v2\/comments?post=105998"}],"version-history":[{"count":0,"href":"https:\/\/www.europesays.com\/fr\/wp-json\/wp\/v2\/posts\/105998\/revisions"}],"wp:featuredmedia":[{"embeddable":true,"href":"https:\/\/www.europesays.com\/fr\/wp-json\/wp\/v2\/media\/105999"}],"wp:attachment":[{"href":"https:\/\/www.europesays.com\/fr\/wp-json\/wp\/v2\/media?parent=105998"}],"wp:term":[{"taxonomy":"category","embeddable":true,"href":"https:\/\/www.europesays.com\/fr\/wp-json\/wp\/v2\/categories?post=105998"},{"taxonomy":"post_tag","embeddable":true,"href":"https:\/\/www.europesays.com\/fr\/wp-json\/wp\/v2\/tags?post=105998"}],"curies":[{"name":"wp","href":"https:\/\/api.w.org\/{rel}","templated":true}]}}