{"id":10600,"date":"2025-04-08T16:05:18","date_gmt":"2025-04-08T16:05:18","guid":{"rendered":"https:\/\/www.europesays.com\/fr\/10600\/"},"modified":"2025-04-08T16:05:18","modified_gmt":"2025-04-08T16:05:18","slug":"jean-michel-aulas-pour-la-premiere-fois-devant-gregory-doucet-dans-un-sondage","status":"publish","type":"post","link":"https:\/\/www.europesays.com\/fr\/10600\/","title":{"rendered":"Jean-Michel Aulas pour la premi\u00e8re fois devant Gr\u00e9gory Doucet dans un sondage"},"content":{"rendered":"<p>Car ce mardi, dans un sondage Elabe command\u00e9 par <a href=\"https:\/\/www.bfmtv.com\/lyon\/sondage-bfm-lyon-municipales-2026-forte-popularite-pour-aulas-doucet-favori-au-premier-tour_AN-202504080027.html\" target=\"_blank\" rel=\"nofollow noopener\">BFM-TV<\/a>, l&rsquo;ancien pr\u00e9sident de l&rsquo;OL arrive en t\u00eate des intentions de vote pour la premi\u00e8re fois, devant le maire sortant <a href=\"https:\/\/www.lyonmag.com\/profil-personnalite-lyonnaise\/504\/gregory-doucet\" target=\"_blank\" rel=\"nofollow noopener\">Gr\u00e9gory Doucet<\/a>.<\/p>\n<p>Dans un sc\u00e9nario o\u00f9 la gauche est d\u00e9sunie au premier tour, Jean-Michel Aulas est cr\u00e9dit\u00e9 de 24% d&rsquo;intentions de vote, contre 22% pour Gr\u00e9gory Doucet.<\/p>\n<p>Le duo en t\u00eate serait suivi, non loin, par la d\u00e9put\u00e9e LFI <a href=\"https:\/\/www.lyonmag.com\/profil-personnalite-lyonnaise\/698\/anais-belouassa-cherifi\" target=\"_blank\" rel=\"nofollow noopener\">Ana\u00efs Belouassa-Cherifi<\/a> (14%), le maire LR du 2e arrondissement <a href=\"https:\/\/www.lyonmag.com\/profil-personnalite-lyonnaise\/512\/pierre-oliver\" target=\"_blank\" rel=\"nofollow noopener\">Pierre Oliver<\/a> (10%) et la d\u00e9put\u00e9e RN <a href=\"https:\/\/www.lyonmag.com\/profil-personnalite-lyonnaise\/742\/tiffany-joncour\" target=\"_blank\" rel=\"nofollow noopener\">Tiffany Joncour<\/a> (9%).<\/p>\n<p>On retrouverait ensuite l&rsquo;ancien maire de Lyon <a href=\"https:\/\/www.lyonmag.com\/profil-personnalite-lyonnaise\/35\/georges-kepenekian\" target=\"_blank\" rel=\"nofollow noopener\">Georges K\u00e9p\u00e9n\u00e9kian<\/a> (8%), la d\u00e9put\u00e9e PS <a href=\"https:\/\/www.lyonmag.com\/profil-personnalite-lyonnaise\/462\/sandrine-runel\" target=\"_blank\" rel=\"nofollow noopener\">Sandrine Runel<\/a> (7%) et l&rsquo;ancienne maire du 1er <a href=\"https:\/\/www.lyonmag.com\/profil-personnalite-lyonnaise\/203\/nathalie-perrin-gilbert\" target=\"_blank\" rel=\"nofollow noopener\">Nathalie Perrin-Gilbert<\/a> (6%).<\/p>\n<p>Le sondage Elabe teste \u00e9galement l&rsquo;option d&rsquo;une gauche r\u00e9unie d\u00e8s le premier tour, ce qui permettrait \u00e0 Gr\u00e9gory Doucet de mettre fin \u00e0 tout suspense. Le maire \u00e9cologiste serait cr\u00e9dit\u00e9 de 37% des voix, contre 28% pour Jean-Michel Aulas, 10% pour Pierre Oliver, 9% pour Tiffany Joncour et Georges K\u00e9p\u00e9n\u00e9kian et 7% pour Nathalie Perrin-Gilbert.<\/p>\n<p>Enfin, l&rsquo;\u00e9tude a aussi pos\u00e9 la question aux Lyonnais d&rsquo;une gauche unie face \u00e0 une alliance LR-Renaissance. Gr\u00e9gory Doucet r\u00e9coltera 38% des voix, contre 34% pour Jean-Michel Aulas.<br \/>&#13;<br \/>\nGeorges K\u00e9p\u00e9n\u00e9kian (12%), Tiffany Joncour (10%) et Nathalie Perrin-Gilbert (6%) seraient alors rel\u00e9gu\u00e9s au second plan.<\/p>\n<p>Par contre, sur le plan de la bonne opinion, c&rsquo;est Jean-Michel Aulas qui l&#8217;emporte largement, avec 56% des sond\u00e9s qui appr\u00e9cient l&rsquo;ex-patron de l&rsquo;OL. Pour Gr\u00e9gory Doucet, c&rsquo;est plus d\u00e9licat avec 36% de bonnes opinions.<\/p>\n<p>Chose curieuse pour finir, seulement 68% des Lyonnais auraient l&rsquo;intention d&rsquo;aller voter pour les municipales 2026.<\/p>\n<p>Ce sondage a \u00e9t\u00e9 r\u00e9alis\u00e9 aupr\u00e8s de 1100 habitants de Lyon, dont 800 inscrits sur les listes \u00e9lectorales. Ils ont \u00e9t\u00e9 interrog\u00e9s du 26 mars au 2 avril par t\u00e9l\u00e9phone.<\/p>\n<p>Dans un communiqu\u00e9, le collectif G\u00e9n\u00e9ration Aulas se f\u00e9licite forc\u00e9ment de ces r\u00e9sultats : \u00ab\u00a0Jean-Michel Aulas s\u2019impose comme un leader au-dessus des partis, capable d\u2019incarner l\u2019alternative large, cr\u00e9dible et apais\u00e9e face \u00e0 la majorit\u00e9 \u00e9cologiste sortante. Son socle \u00e9lectoral est solide, sa notori\u00e9t\u00e9 forte, et son image transversale. Il n\u2019est pas le candidat d\u2019un camp :\u00a0il est en position de rassembler toutes celles et tous ceux qui veulent redonner \u00e0 Lyon de l\u2019\u00e9lan, du pragmatisme et de l\u2019ambition. Ce sondage as\u00adsied d\u00e9finitivement son autorit\u00e9 dans le paysage lyonnais, et confirme sa position de force pour f\u00e9d\u00e9rer les \u00e9nergies lyonnaises\u00a0autour d\u2019un projet utile, concret et rassembleur\u00a0\u00bb.<\/p>\n","protected":false},"excerpt":{"rendered":"Car ce mardi, dans un sondage Elabe command\u00e9 par BFM-TV, l&rsquo;ancien pr\u00e9sident de l&rsquo;OL arrive en t\u00eate des&hellip;\n","protected":false},"author":2,"featured_media":10601,"comment_status":"","ping_status":"","sticky":false,"template":"","format":"standard","meta":{"footnotes":""},"categories":[1889],"tags":[1111,11,2813,2190,2430,1109,251,1112,2811,1777,674,118,1011,27,1922,1110,1114,2428,2810,12,241,316,25,2812,517,800],"class_list":{"0":"post-10600","1":"post","2":"type-post","3":"status-publish","4":"format-standard","5":"has-post-thumbnail","7":"category-lyon","8":"tag-actu","9":"tag-actualites","10":"tag-article","11":"tag-asvel","12":"tag-auvergne-rhone-alpes","13":"tag-breves","14":"tag-culture","15":"tag-depeches","16":"tag-economique","17":"tag-eu","18":"tag-europe","19":"tag-faits-divers","20":"tag-fr","21":"tag-france","22":"tag-info","23":"tag-informations","24":"tag-infos","25":"tag-lyon","26":"tag-lyonmag","27":"tag-news","28":"tag-ol","29":"tag-politique","30":"tag-republique-francaise","31":"tag-sociale","32":"tag-sport","33":"tag-transports"},"share_on_mastodon":{"url":"https:\/\/pubeurope.com\/@fr\/114303200403417979","error":""},"_links":{"self":[{"href":"https:\/\/www.europesays.com\/fr\/wp-json\/wp\/v2\/posts\/10600","targetHints":{"allow":["GET"]}}],"collection":[{"href":"https:\/\/www.europesays.com\/fr\/wp-json\/wp\/v2\/posts"}],"about":[{"href":"https:\/\/www.europesays.com\/fr\/wp-json\/wp\/v2\/types\/post"}],"author":[{"embeddable":true,"href":"https:\/\/www.europesays.com\/fr\/wp-json\/wp\/v2\/users\/2"}],"replies":[{"embeddable":true,"href":"https:\/\/www.europesays.com\/fr\/wp-json\/wp\/v2\/comments?post=10600"}],"version-history":[{"count":0,"href":"https:\/\/www.europesays.com\/fr\/wp-json\/wp\/v2\/posts\/10600\/revisions"}],"wp:featuredmedia":[{"embeddable":true,"href":"https:\/\/www.europesays.com\/fr\/wp-json\/wp\/v2\/media\/10601"}],"wp:attachment":[{"href":"https:\/\/www.europesays.com\/fr\/wp-json\/wp\/v2\/media?parent=10600"}],"wp:term":[{"taxonomy":"category","embeddable":true,"href":"https:\/\/www.europesays.com\/fr\/wp-json\/wp\/v2\/categories?post=10600"},{"taxonomy":"post_tag","embeddable":true,"href":"https:\/\/www.europesays.com\/fr\/wp-json\/wp\/v2\/tags?post=10600"}],"curies":[{"name":"wp","href":"https:\/\/api.w.org\/{rel}","templated":true}]}}