{"id":106004,"date":"2025-05-17T03:21:11","date_gmt":"2025-05-17T03:21:11","guid":{"rendered":"https:\/\/www.europesays.com\/fr\/106004\/"},"modified":"2025-05-17T03:21:11","modified_gmt":"2025-05-17T03:21:11","slug":"insa-tri-crit-races-a-villeurbanne-classement-directvelo","status":"publish","type":"post","link":"https:\/\/www.europesays.com\/fr\/106004\/","title":{"rendered":"INSA Tri Crit Races \u00e0 Villeurbanne : Classement &#8211; DirectVelo"},"content":{"rendered":"<ol>\n<li><a href=\"https:\/\/news.google.com\/rss\/articles\/CBMikwFBVV95cUxOLUdLcmZfMGU5bGdnSkRPOHFQWGZ4bEZjMXVmRGF0QzRpUDNCNTlhUnh5UXdzSXg2eDBsZ3l5THEwR0tqanRDQTVudEhNZDhWN1Q0VngxTUUzcFJ2dTBNb0JQeHNjN1pHd0wzVGZOR0E3QXpsc2JMWDdleG1NY2RTYVpTMVNubUVVS0J2aUJyZ2FqZmc?oc=5\" target=\"_blank\" rel=\"noopener\">INSA Tri Crit Races \u00e0 Villeurbanne : Classement<\/a>&nbsp;&nbsp;DirectVelo<\/li>\n<li><a href=\"https:\/\/news.google.com\/rss\/articles\/CBMiwwFBVV95cUxQOENLRms4Tk5IcGhVbEtnb2s1VDBXWXB2SWdOSkl0N2Y5NzNEZV9JdjkzTXUybXJQVFA4TTZTOHJIcGJ1RGVFX2g1Ym1pdkNuZ3BLdFZrTUZ3b05ndWZZUUZaWWdKSVVBX1J0VThxbU9zVkNYdjNIaGcwSUw4c1M3YlZmemVMcXBpYWU4TW9VZmhIQnI0YTNsN1BxVy04dmlCZElmYmtJSE5vMGxiUjVobl9OSUNtaTlXNWZtc1drdFpxMTQ?oc=5\" target=\"_blank\" rel=\"noopener\">M\u00e9tropole de Lyon. Triathlon et cyclisme : \u00e0 l\u2019INSA Lyon, une journ\u00e9e pour promouvoir le sport-\u00e9tudes<\/a>&nbsp;&nbsp;Le Progr\u00e8s<\/li>\n<li><a href=\"https:\/\/news.google.com\/rss\/articles\/CBMibEFVX3lxTE5rd2VaWmNCX25VMzJYbnhJeUtVS1d3UHBFRkNLWFpsU29TQlJMblpWNWNOcl9wT2RzZlNJUjBrdzlaTWV0c0lRMnBYSXE1M2hpbjVRQVVGMTRpekx5OGVjcENvVElGckVDMjh2cw?oc=5\" target=\"_blank\" rel=\"noopener\">INSA TRI&rsquo; CRIT&rsquo; RACES<\/a>&nbsp;&nbsp;Radio SCOOP<\/li>\n<li><a href=\"https:\/\/news.google.com\/rss\/articles\/CBMimwFBVV95cUxNMkFOVjRtMEtVbndvRkREeEpyRmVSa3FMaHFOOW9YUUM0M2JTVUx4RTIyV3Rzb3RvYkdPbnNLX0xFZTlMSktseDdxTWNSY3VZbkFfR1FoX3p5ZS1nRzZIeTlnYXFENDJBMHNpX3BxU3A0TGtnVk5iSFdDanlxalU3LVo2dlB0YUFLVUlUMDFHR1VxMnE4bklyeHlWYw?oc=5\" target=\"_blank\" rel=\"noopener\">INSA Tri Crit Races \u00e0 Villeurbanne : Damien Beton 1er<\/a>&nbsp;&nbsp;DirectVelo<\/li>\n<li><a href=\"https:\/\/news.google.com\/rss\/articles\/CBMihwFBVV95cUxNbDJYdHZOQ2QxV0VSQ2JPREthbENpZkRsZkE0NzJXWXJJd1VTYXp3N1oxT2JzaFJwOVB5Ym56S2lWc1RHSEczeWZUTUlSZ0J2S2xWU19zMmp0WXFPMWYtX2k5UVJSLXpscjF0X21JZlRnLXFhMzktalM4Y2pnTlFmU2FHRDdpdGM?oc=5\" target=\"_blank\" rel=\"noopener\">INSA Tri Crit Races \u00e0 Villeurbanne<\/a>&nbsp;&nbsp;DirectVelo<\/li>\n<\/ol>\n","protected":false},"excerpt":{"rendered":"INSA Tri Crit Races \u00e0 Villeurbanne : Classement&nbsp;&nbsp;DirectVelo M\u00e9tropole de Lyon. Triathlon et cyclisme : \u00e0 l\u2019INSA Lyon,&hellip;\n","protected":false},"author":2,"featured_media":106005,"comment_status":"","ping_status":"","sticky":false,"template":"","format":"standard","meta":{"footnotes":""},"categories":[1411],"tags":[834,828,836,829,837,827,83,826,824,823,1154,207,814,817,815,816,822,821,832,211,839,1011,27,820,818,819,835,831,830,833,838,60,212,208,825],"class_list":{"0":"post-106004","1":"post","2":"type-post","3":"status-publish","4":"format-standard","5":"has-post-thumbnail","7":"category-cyclisme","8":"tag-attaque","9":"tag-belgique","10":"tag-braquet","11":"tag-bretagne","12":"tag-chute","13":"tag-competition","14":"tag-coupe-de-france","15":"tag-coureur","16":"tag-course-cyclisme","17":"tag-course-cycliste","18":"tag-cycling","19":"tag-cyclisme","20":"tag-direct","21":"tag-direct-velo","22":"tag-directvelo","23":"tag-directvelo-com","24":"tag-epreuve","25":"tag-epreuve-cycliste","26":"tag-federation-francaise-de-cyclisme","27":"tag-ffc","28":"tag-flandres","29":"tag-fr","30":"tag-france","31":"tag-live","32":"tag-live-course","33":"tag-live-epreuve","34":"tag-peloton","35":"tag-radio-peloton","36":"tag-radio-tour","37":"tag-ravitaillement","38":"tag-relance","39":"tag-sports","40":"tag-uci","41":"tag-velo","42":"tag-velos"},"share_on_mastodon":{"url":"https:\/\/pubeurope.com\/@fr\/114521026315014050","error":""},"_links":{"self":[{"href":"https:\/\/www.europesays.com\/fr\/wp-json\/wp\/v2\/posts\/106004","targetHints":{"allow":["GET"]}}],"collection":[{"href":"https:\/\/www.europesays.com\/fr\/wp-json\/wp\/v2\/posts"}],"about":[{"href":"https:\/\/www.europesays.com\/fr\/wp-json\/wp\/v2\/types\/post"}],"author":[{"embeddable":true,"href":"https:\/\/www.europesays.com\/fr\/wp-json\/wp\/v2\/users\/2"}],"replies":[{"embeddable":true,"href":"https:\/\/www.europesays.com\/fr\/wp-json\/wp\/v2\/comments?post=106004"}],"version-history":[{"count":0,"href":"https:\/\/www.europesays.com\/fr\/wp-json\/wp\/v2\/posts\/106004\/revisions"}],"wp:featuredmedia":[{"embeddable":true,"href":"https:\/\/www.europesays.com\/fr\/wp-json\/wp\/v2\/media\/106005"}],"wp:attachment":[{"href":"https:\/\/www.europesays.com\/fr\/wp-json\/wp\/v2\/media?parent=106004"}],"wp:term":[{"taxonomy":"category","embeddable":true,"href":"https:\/\/www.europesays.com\/fr\/wp-json\/wp\/v2\/categories?post=106004"},{"taxonomy":"post_tag","embeddable":true,"href":"https:\/\/www.europesays.com\/fr\/wp-json\/wp\/v2\/tags?post=106004"}],"curies":[{"name":"wp","href":"https:\/\/api.w.org\/{rel}","templated":true}]}}