{"id":106012,"date":"2025-05-17T03:26:09","date_gmt":"2025-05-17T03:26:09","guid":{"rendered":"https:\/\/www.europesays.com\/fr\/106012\/"},"modified":"2025-05-17T03:26:09","modified_gmt":"2025-05-17T03:26:09","slug":"cest-ma-gatee-la-declaration-damour-de-sch-a-lea-drucker-sur-le-plateau-de-c-a-vous","status":"publish","type":"post","link":"https:\/\/www.europesays.com\/fr\/106012\/","title":{"rendered":"C\u2019est ma g\u00e2t\u00e9e\u00a0\u00bb : la d\u00e9claration \u00ab\u00a0d\u2019amour\u00a0\u00bb de SCH \u00e0 L\u00e9a Drucker sur le plateau de \u00ab\u00a0C \u00e0 Vous"},"content":{"rendered":"<p>\u00catre le\/la g\u00e2t\u00e9(e) d\u2019un Marseillais ou d\u2019une Marseillaise fait office d\u2019un sublime compliment. S\u2019il faut avoir grandi dans la Cit\u00e9 Phoc\u00e9enne et ses alentours pour conna\u00eetre le sens exact de cette expression, elle se traduit grossi\u00e8rement par \u00ab\u00a0mon beau\u00a0\u00bb, \u00ab\u00a0ma beaut\u00e9\u00a0\u00bb, ou encore \u00ab\u00a0mon chouchou\u00a0\u00bb, soit un \u00eatre cher, qu&rsquo;on aime particuli\u00e8rement.\u00a0Et SCH l\u2019a d\u00e9mocratis\u00e9e depuis quelques ann\u00e9es \u00e0 pr\u00e9sent.<\/p>\n<p>Notamment gr\u00e2ce \u00e0 la chanson <strong>\u00ab\u00a0Bande Organis\u00e9e\u00a0\u00bb<\/strong> dans laquelle nous retrouvons le rappeur originaire d\u2019Aubagne, Kofs, Jul, Soso Maness, ou encore Jul. L\u2019artiste aux lunettes l\u2019a tant d\u00e9mocratis\u00e9e que le mot \u00ab\u00a0g\u00e2t\u00e9\u00a0\u00bb a r\u00e9cemment fait son entr\u00e9e dans le dictionnaire.<\/p>\n<p>Anne-\u00c9lisabeth Lemoine demande des explications sur le terme d\u00e9mocratis\u00e9 par son invit\u00e9<\/p>\n<p>Ce vendredi 16 mai 2025, SCH a justement \u00e9voqu\u00e9 cette expression lors de sa venue dans <strong>\u00ab\u00a0C \u00e0 Vous\u00a0\u00bb<\/strong>. Invit\u00e9 pour \u00e9voquer sa participation dans le film d&rsquo;animation\u00a0\u00ab\u00a0<strong>Marcel et Monsieur Pagnol\u00a0\u00bb<\/strong>, r\u00e9alis\u00e9 par\u00a0Sylvain Chomet. Un film dans lequel le \u00ab\u00a0S\u00a0\u00bb signe la bande originale.<\/p>\n<p>En plus de revenir sur cette \u00e9tonnante collaboration, l\u2019artiste \u00e2g\u00e9 de 32 ans s\u2019est \u00e9galement fait interpeller par <a href=\"https:\/\/www.public.fr\/tag\/anne-elisabeth-lemoine\" target=\"_blank\" rel=\"noopener\">Anne-\u00c9lisabeth Lemoine<\/a> sur la fameuse expression qu\u2019il a fait entrer dans le dictionnaire.<\/p>\n<p>\u00ab\u00a0\u00c0 cause de vous, un mot est entr\u00e9 dans le dictionnaire, dans le Petit Robert. Hier. Vous saviez \u00e7a ?\u00a0\u00bb, a demand\u00e9<a href=\"https:\/\/vsd.fr\/tag\/anne-elisabeth-lemoine\/\" target=\"_blank\" rel=\"noopener\"> la pr\u00e9sentatrice de <strong>\u00ab\u00a0C \u00e0 Vous\u00a0\u00bb<\/strong><\/a> \u00e0 son invit\u00e9. \u00ab\u00a0Il para\u00eet, ouais\u00a0\u00bb, a alors confirm\u00e9 SCH. L\u2019occasion pour la pr\u00e9sentatrice de demander quelques pr\u00e9cisions sur le terme \u00ab\u00a0ma g\u00e2t\u00e9e\u00a0\u00bb.<\/p>\n<p>\u00ab\u00a0Faut expliquer ce que \u00e7a veut dire, ma g\u00e2t\u00e9e\u00a0\u00bb, a-t-elle demand\u00e9. \u00c0 quoi le rappeur de 32 ans a r\u00e9pondu : \u00a0\u00bb Ecoutez, hum, c&rsquo;est un mot qu&rsquo;on utilise depuis pas mal d\u2019ann\u00e9es en v\u00e9rit\u00e9 d\u00e9j\u00e0, et qui s&rsquo;utilisait d\u00e9j\u00e0 par mes parents, etc. C&rsquo;est quelque chose de chaleureux, finalement\u00a0\u00bb.<\/p>\n<p>L\u00e9a Drucker, la \u00ab\u00a0g\u00e2t\u00e9e\u00a0\u00bb de SCH<\/p>\n<p>L\u2019occasion pour <a href=\"https:\/\/www.public.fr\/tag\/bertrand-chameroy\" target=\"_blank\" rel=\"noopener\">Bertrand Chameroy<\/a> d\u2019intervenir et interpeller SCH pour lui faire une demande tr\u00e8s sp\u00e9ciale : \u00ab\u00a0Est-ce que pour que L\u00e9a puisse frimer encore plus, vous pourriez lui dire qu&rsquo;elle est votre g\u00e2t\u00e9e ?\u00a0\u00bb\u00a0<\/p>\n<p><strong>\u00ab\u00a0Mais elle est ma g\u00e2t\u00e9e !\u00a0\u00bb,<\/strong> s\u2019est alors ex\u00e9cut\u00e9 le rappeur, mettant des \u00e9toiles dans les yeux de <a href=\"https:\/\/www.public.fr\/lea-drucker-bouleversee-par-le-film-l-ete-dernier-ses-scenes-de-nu-avec-un-acteur-de-18-ans-l-ont-heurtee-j-ai-des-limites\" target=\"_blank\" rel=\"noopener\">L\u00e9a Drucker<\/a>, mais rendant visiblement Anne-\u00c9lisabeth Lemoine un brin jalouse. <\/p>\n<p>\u00ab\u00a0Et moi, rien ?Moi, je suis la deuxi\u00e8me g\u00e2t\u00e9e ?\u00a0\u00bb. \u00ab\u00a0Il n&rsquo;y a que des g\u00e2t\u00e9s aujourd&rsquo;hui, \u00e0 cette table, voil\u00e0\u00a0\u00bb, a finalement r\u00e9torqu\u00e9 l\u2019artiste afin de ne froisser personne.\u00a0<\/p>\n<blockquote class=\"twitter-tweet\">\n<p>\ud83e\udd2d\u00a0\u00bb&lsquo;Ma g\u00e2t\u00e9e&rsquo; est un mot qu\u2019on utilise depuis pas mal d\u2019ann\u00e9es. C\u2019est quelque chose de chaleureux, une appellation affectueuse. L\u00e9a Drucker est ma g\u00e2t\u00e9e\u2026 Il n\u2019y a que des g\u00e2t\u00e9es \u00e0 la table !\u00a0\u00bb<\/p>\n<p>L\u2019expression \u00ab\u00a0Mon g\u00e2t\u00e9\u00a0\u00bb de SCH est entr\u00e9e dans le Robert : il r\u00e9agit dans <a href=\"https:\/\/twitter.com\/hashtag\/C%C3%A0Vous?src=hash&amp;ref_src=twsrc%5Etfw\" target=\"_blank\" rel=\"noopener\">#C\u00e0Vous<\/a> <a href=\"https:\/\/t.co\/TWH4zVTZS1\">pic.twitter.com\/TWH4zVTZS1<\/a><\/p>\n<p>\u2014 C \u00e0 vous (@cavousf5) <a href=\"https:\/\/twitter.com\/cavousf5\/status\/1923448431806205976?ref_src=twsrc%5Etfw\" target=\"_blank\" rel=\"noopener\">May 16, 2025<\/a><\/p><\/blockquote>\n<p>      Mentionn\u00e9s dans cet article<\/p>\n<p>\u00c0 lire aussi<\/p>\n<p><script async src=\"https:\/\/platform.twitter.com\/widgets.js\" charset=\"utf-8\"><\/script><\/p>\n","protected":false},"excerpt":{"rendered":"\u00catre le\/la g\u00e2t\u00e9(e) d\u2019un Marseillais ou d\u2019une Marseillaise fait office d\u2019un sublime compliment. S\u2019il faut avoir grandi dans&hellip;\n","protected":false},"author":2,"featured_media":106013,"comment_status":"","ping_status":"","sticky":false,"template":"","format":"standard","meta":{"footnotes":""},"categories":[1356],"tags":[5631,5632,58,59,1011,27,22294,252,1364],"class_list":{"0":"post-106012","1":"post","2":"type-post","3":"status-publish","4":"format-standard","5":"has-post-thumbnail","7":"category-television","8":"tag-anne-elisabeth-lemoine","9":"tag-c-a-vous","10":"tag-divertissement","11":"tag-entertainment","12":"tag-fr","13":"tag-france","14":"tag-lea-drucker","15":"tag-television","16":"tag-tv"},"share_on_mastodon":{"url":"https:\/\/pubeurope.com\/@fr\/114521045974387483","error":""},"_links":{"self":[{"href":"https:\/\/www.europesays.com\/fr\/wp-json\/wp\/v2\/posts\/106012","targetHints":{"allow":["GET"]}}],"collection":[{"href":"https:\/\/www.europesays.com\/fr\/wp-json\/wp\/v2\/posts"}],"about":[{"href":"https:\/\/www.europesays.com\/fr\/wp-json\/wp\/v2\/types\/post"}],"author":[{"embeddable":true,"href":"https:\/\/www.europesays.com\/fr\/wp-json\/wp\/v2\/users\/2"}],"replies":[{"embeddable":true,"href":"https:\/\/www.europesays.com\/fr\/wp-json\/wp\/v2\/comments?post=106012"}],"version-history":[{"count":0,"href":"https:\/\/www.europesays.com\/fr\/wp-json\/wp\/v2\/posts\/106012\/revisions"}],"wp:featuredmedia":[{"embeddable":true,"href":"https:\/\/www.europesays.com\/fr\/wp-json\/wp\/v2\/media\/106013"}],"wp:attachment":[{"href":"https:\/\/www.europesays.com\/fr\/wp-json\/wp\/v2\/media?parent=106012"}],"wp:term":[{"taxonomy":"category","embeddable":true,"href":"https:\/\/www.europesays.com\/fr\/wp-json\/wp\/v2\/categories?post=106012"},{"taxonomy":"post_tag","embeddable":true,"href":"https:\/\/www.europesays.com\/fr\/wp-json\/wp\/v2\/tags?post=106012"}],"curies":[{"name":"wp","href":"https:\/\/api.w.org\/{rel}","templated":true}]}}