{"id":106015,"date":"2025-05-17T03:28:09","date_gmt":"2025-05-17T03:28:09","guid":{"rendered":"https:\/\/www.europesays.com\/fr\/106015\/"},"modified":"2025-05-17T03:28:09","modified_gmt":"2025-05-17T03:28:09","slug":"voici-4-films-a-voir-absolument-au-cine-ce-week-end-4","status":"publish","type":"post","link":"https:\/\/www.europesays.com\/fr\/106015\/","title":{"rendered":"Voici 4 films \u00e0 voir absolument au cin\u00e9 ce week-end"},"content":{"rendered":"<p>Enfin le week-end\u00a0! Il \u00e9tait temps\u00a0! On avait commenc\u00e9 \u00e0 prendre go\u00fbt aux semaines de 4 jours gr\u00e2ce aux jours f\u00e9ri\u00e9s du mois de mai. Apr\u00e8s cette semaine bien charg\u00e9e, vous avez probablement envie de vous d\u00e9tendre. Et pourquoi pas devant un bon film\u00a0?<\/p>\n<p>Cela tombe bien. Pour f\u00eater le week-end, l\u2019actualit\u00e9 cin\u00e9matographique est riche alors que <a href=\"https:\/\/www.presse-citron.net\/10-films-primes-au-festival-de-cannes-a-voir-absolument\/\" target=\"_blank\" rel=\"noopener\">le Festival de Cannes<\/a> bat son plein sur la croisette. Nous avons \u00e9pluch\u00e9 le box-office et nous avons choisi 4 films qui valent le d\u00e9tour si vous comptez vous faire une sortie cin\u00e9 ce week-end.<\/p>\n<p>   Destination Finale Bloodlines <\/p>\n<p>     <a href=\"https:\/\/www.youtube.com\/@PressecitronHD?sub_confirmation=1\" target=\"_blank\" rel=\"nofollow noopener\">         S&rsquo;abonner \u00e0 Presse-citron     <\/a> <\/p>\n<p>Apr\u00e8s 14 ans d\u2019absence, la franchise cin\u00e9matographique Destination Finale revient sur nos \u00e9crans. L\u2019une des sagas horrifiques les plus lucratives s\u2019offre un sixi\u00e8me opus. De quoi r\u00e9galer les fans. Dans Destination Finale Bloodlines, Stefanie est une \u00e9tudiante hant\u00e9e par un terrifiant et r\u00e9current cauchemar. Seule sa grand-m\u00e8re peut l\u2019aider \u00e0 enrayer ce cycle infernal et \u00e0 sauver ses proches du sort funeste qui les attend.<\/p>\n<p>Destination Finale Bloodlines respecte ses a\u00een\u00e9s et s\u2019impose comme un opus rafra\u00eechissant et pertinent. Les morts sont toujours aussi inventives et le sang coule \u00e0 flot. Les spectateurs d\u2019AlloCin\u00e9 sont ravis, avec la note de 3,8 sur 5. Accordant la note de 3,3, la presse a appr\u00e9ci\u00e9 le retour de la saga.<\/p>\n<p> Partir un jour <\/p>\n<p>\u201cPartir un jouuuuur sans retouuuuur\u201d\u2026 Vous connaissez la chanson. Le film d\u2019Am\u00e9lie Bonnin a ouvert le Festival de Cannes ce mardi 13 mai 2025, pr\u00e9sent\u00e9 en hors-comp\u00e9tition. Apr\u00e8s avoir remport\u00e9 le C\u00e9sar du meilleur court-m\u00e9trage, la r\u00e9alisatrice a voulu en faire un long m\u00e9trage. Juliette Armanet (Rosalie) et Bastin Bouillon <a href=\"https:\/\/www.presse-citron.net\/pourquoi-le-comte-de-monte-cristo-est-le-film-a-ne-pas-manquer-au-cinema\/\" target=\"_blank\" rel=\"noopener\">(Le Comte de Monte-Cristo)<\/a> se partagent l\u2019affiche. Alors que C\u00e9cile s\u2019appr\u00eate \u00e0 ouvrir son propre restaurant gastronomique, elle doit rentrer dans le village de son enface suite \u00e0 l\u2019infarctus de son p\u00e8re. C\u2019est l\u00e0 qu\u2019elle recroise son amour de jeunesse. Entre les souvenirs qui ressurgissent et les certitudes qui vacillent, cela va cr\u00e9er un beau bazar dans la vie de la jeune femme.<\/p>\n<p>P\u00e9tillante, la com\u00e9die Partir un jour est un v\u00e9ritable shot de bonne humeur. Les acteurs portent le film avec brio, l\u2019\u00e9criture est minutieuse, touchante et parfois dr\u00f4le et la bande-son est exceptionnelle. Un film qui fait du bien. La presse lui accorde la moyenne de 3,7 sur 5, tandis que les spectateurs d\u2019AlloCin\u00e9 grimpent \u00e0 3,8.<\/p>\n<p> Hurry up tomorrow <\/p>\n<p>Apr\u00e8s avoir tent\u00e9 sa chance avec la s\u00e9rie The Idol, le chanteur The Weeknd tente l\u2019aventure du grand \u00e9cran avec Hurry up tomorrow. On suit Abel, le v\u00e9ritable pr\u00e9nom de l\u2019artiste, une star de la musique entra\u00een\u00e9e par une de ses fans dans une odyss\u00e9e qui l\u2019am\u00e8nera \u00e0 remettre en question les fondements m\u00eames de son existence.<\/p>\n<p>Rythm\u00e9 par les morceaux de son dernier album Hurry up tomorrow sorti il y a seulement quelques mois, ce long m\u00e9trage d\u00e9route. R\u00e9alis\u00e9 par Trey Edward Shults (It comes at night), port\u00e9 par The Weeknd (Abel Tesfaye), Jenna Ortega <a href=\"https:\/\/www.presse-citron.net\/mercredi-tim-burton-explique-pourquoi-la-serie-est-un-carton\/\" target=\"_blank\" rel=\"noopener\">(Mercredi)<\/a> et Barry Kheogan <a href=\"https:\/\/www.presse-citron.net\/saltburn-cest-quoi-ce-film-interdit-aux-moins-de-18-ans-qui-cartonne-sur-prime-video\/\" target=\"_blank\" rel=\"noopener\">(Saltburn)<\/a>, Hurry up tomorrow surprend et devrait s\u00e9duire les fans de la premi\u00e8re heure.<\/p>\n<p style=\"margin-left: 40px; border-left: solid 4px #1EC659; padding-left: 10px;\"><strong>Lire aussi \u2013 <\/strong><a href=\"https:\/\/www.presse-citron.net\/on-a-vu-le-premier-episode-de-the-idol-et-on-aurait-pu-sen-passer\/\" target=\"_blank\" rel=\"noopener\">On a vu le premier \u00e9pisode de The Idol et on aurait pu s\u2019en passer<\/a><\/p>\n<p> Marco, l\u2019\u00e9nigme d\u2019une vie <\/p>\n<p>Enric Marco est le pr\u00e9sident de l\u2019association des victimes espagnoles de l\u2019Holocauste. Alors qu\u2019une comm\u00e9moration approche, un historien conteste son pass\u00e9 d\u2019ancien d\u00e9port\u00e9. Forc\u00e9ment, Marco se bat pour maintenir sa version. Mais les preuves s\u2019accumulent contre lui\u2026 Quelle est la v\u00e9rit\u00e9\u00a0?<\/p>\n<p>Tir\u00e9e d\u2019une histoire vraie, Marco, l\u2019\u00e9nigme d\u2019une vie fascine. Ce biopic prend aux tripes, avec un c\u00f4t\u00e9 un peu thriller. La presse est conquise avec la moyenne de 3,4, tandis que les spectateurs d\u2019AlloCin\u00e9 sont encore plus convaincus avec la note de 3,7.<\/p>\n<blockquote>\n<p class=\"text-base text-neutral-700 dark:text-neutral-300\">\ud83d\udccd Pour ne manquer aucune actualit\u00e9 de Presse-citron, suivez-nous sur <a href=\"https:\/\/news.google.com\/publications\/CAAqBggKMIPiNTC70wU?hl=fr&amp;gl=FR&amp;ceid=FR%3Afr\" target=\"_blank\" rel=\"noopener\">Google Actualit\u00e9s<\/a> et <a href=\"https:\/\/whatsapp.com\/channel\/0029VaCkGuz4NViitBXbEr0b\" target=\"_blank\" rel=\"noopener\">WhatsApp<\/a>.<\/p>\n<\/blockquote>\n","protected":false},"excerpt":{"rendered":"Enfin le week-end\u00a0! Il \u00e9tait temps\u00a0! On avait commenc\u00e9 \u00e0 prendre go\u00fbt aux semaines de 4 jours gr\u00e2ce&hellip;\n","protected":false},"author":2,"featured_media":106016,"comment_status":"","ping_status":"","sticky":false,"template":"","format":"standard","meta":{"footnotes":""},"categories":[1354],"tags":[58,59,1346,1011,27,3666,1360],"class_list":{"0":"post-106015","1":"post","2":"type-post","3":"status-publish","4":"format-standard","5":"has-post-thumbnail","7":"category-films","8":"tag-divertissement","9":"tag-entertainment","10":"tag-films","11":"tag-fr","12":"tag-france","13":"tag-guide-cine","14":"tag-movies"},"share_on_mastodon":{"url":"https:\/\/pubeurope.com\/@fr\/114521053870634094","error":""},"_links":{"self":[{"href":"https:\/\/www.europesays.com\/fr\/wp-json\/wp\/v2\/posts\/106015","targetHints":{"allow":["GET"]}}],"collection":[{"href":"https:\/\/www.europesays.com\/fr\/wp-json\/wp\/v2\/posts"}],"about":[{"href":"https:\/\/www.europesays.com\/fr\/wp-json\/wp\/v2\/types\/post"}],"author":[{"embeddable":true,"href":"https:\/\/www.europesays.com\/fr\/wp-json\/wp\/v2\/users\/2"}],"replies":[{"embeddable":true,"href":"https:\/\/www.europesays.com\/fr\/wp-json\/wp\/v2\/comments?post=106015"}],"version-history":[{"count":0,"href":"https:\/\/www.europesays.com\/fr\/wp-json\/wp\/v2\/posts\/106015\/revisions"}],"wp:featuredmedia":[{"embeddable":true,"href":"https:\/\/www.europesays.com\/fr\/wp-json\/wp\/v2\/media\/106016"}],"wp:attachment":[{"href":"https:\/\/www.europesays.com\/fr\/wp-json\/wp\/v2\/media?parent=106015"}],"wp:term":[{"taxonomy":"category","embeddable":true,"href":"https:\/\/www.europesays.com\/fr\/wp-json\/wp\/v2\/categories?post=106015"},{"taxonomy":"post_tag","embeddable":true,"href":"https:\/\/www.europesays.com\/fr\/wp-json\/wp\/v2\/tags?post=106015"}],"curies":[{"name":"wp","href":"https:\/\/api.w.org\/{rel}","templated":true}]}}