{"id":106019,"date":"2025-05-17T03:30:09","date_gmt":"2025-05-17T03:30:09","guid":{"rendered":"https:\/\/www.europesays.com\/fr\/106019\/"},"modified":"2025-05-17T03:30:09","modified_gmt":"2025-05-17T03:30:09","slug":"chez-lui-a-rome-sinner-defiera-carlos-alcaraz-en-finale","status":"publish","type":"post","link":"https:\/\/www.europesays.com\/fr\/106019\/","title":{"rendered":"chez lui \u00e0 Rome, Sinner d\u00e9fiera Carlos Alcaraz en finale"},"content":{"rendered":"<p>Ce vendredi, l\u2019Italien N.1 mondial s\u2019est d\u00e9fait de l\u2019Am\u00e9ricain Tommy Paul (1-6, 6-0, 6-3) et affrontera Alcaraz en finale.<\/p>\n<p class=\"fig-paragraph\">Le Masters 1000 de Rome aura bien sa finale de r\u00eave dimanche avec un choc entre le N.1 mondial Jannik Sinner, dont la demi-finale vendredi contre l\u2019Am\u00e9ricain Tommy Paul a failli virer au cauchemar (1-6, 6-0, 6-3), et le meilleur joueur actuel sur terre battue, l\u2019imperturbable\u00a0<a href=\"http:\/\/www.lefigaro.fr\/sports\/tennis\/tennis-alcaraz-met-fin-aux-espoirs-de-lorenzo-musetti-a-rome-et-se-qualifie-pour-la-finale-20250516\" data-fig-type=\"NewsFlash\" data-gtm-custom-categorie=\"navigation\" data-gtm-custom-action=\"crossclick\" data-gtm-custom-label=\"Contextuel\" data-gtm-event=\"customEventSPE\" data-fig-domain=\"LEFIGARO\" target=\"_blank\" rel=\"noopener\">Carlos Alcaraz<\/a>.<\/p>\n<p class=\"fig-paragraph\">De retour en comp\u00e9tition apr\u00e8s sa suspension de trois mois pour deux contr\u00f4les antidopage positifs attribu\u00e9s \u00e0 une contamination accidentelle, Sinner r\u00e9p\u00e8te jour apr\u00e8s jour qu\u2019il est \u00e0 Rome \u00abpour comprendre\u00bb o\u00f9 il en est, \u00abpas pour les r\u00e9sultats\u00bb.<\/p>\n<p class=\"fig-paragraph\">\u00abLes choses peuvent changer tr\u00e8s vite\u00bb, avait-il dit jeudi soir devant un auditoire incr\u00e9dule, encore sonn\u00e9 par sa d\u00e9monstration 6-0, 6-1 en quarts de finale contre le Norv\u00e9gien Casper Ruud.<\/p>\n<p class=\"fig-paragraph\">Et il avait raison: moins de vingt-quatre heures apr\u00e8s avoir martyris\u00e9 le N.7 mondial et double finaliste de Roland-Garros (2022, 2023), l\u2019Italien est brutalement revenu sur terre face \u00e0 un adversaire m\u00e9connu, pourtant 12e mondial. Sur son nuage, Paul, quatre titres ATP \u00e0 son palmar\u00e8s, a remport\u00e9 la premi\u00e8re manche en 28 minutes, ne laissant que 14 points et un jeu \u00e0 Sinner qui, de son c\u00f4t\u00e9, a multipli\u00e9 les fautes directes (13) dans un Campo Centrale sous le choc et r\u00e9duit au silence.<\/p>\n<p>\u00abConditions diff\u00e9rentes\u00bb<\/p>\n<p class=\"fig-paragraph\">Mais Sinner a vite retrouv\u00e9 ses esprits: il a \u00e9galis\u00e9 \u00e0 une manche partout en \u00e9touffant \u00e0 son tour Paul, saoul\u00e9 de coups en 31 minutes.<\/p>\n<p class=\"fig-paragraph\">Le triple vainqueur en Grand Chelem a encha\u00een\u00e9 neuf jeux de suite, avant de conna\u00eetre une derni\u00e8re alerte quand apr\u00e8s avoir \u00e9t\u00e9 men\u00e9 3-0 dans la manche d\u00e9cisive, Paul est revenu \u00e0 3-2. Sinner l\u2019a aussit\u00f4t rebreak\u00e9 et a d\u00e9croch\u00e9 son billet pour la finale pour le plus grand soulagement du public romain. \u00abLes conditions \u00e9taient diff\u00e9rentes des jours pr\u00e9c\u00e9dents, il faisait plus froid, la balle plus lourde, il a fallu rester dans le match sur le plan mental et je suis tr\u00e8s content d\u2019\u00eatre en finale d\u00e8s mon premier tournoi\u00bb, a-t-il expliqu\u00e9. \u00abIl faudra pour gagner ce tournoi que je joue mon meilleur tennis\u00bb, a soulign\u00e9 le natif du Haut-Adige.<\/p>\n<p class=\"fig-paragraph\">Pour devenir le premier Italien \u00e0 s\u2019imposer \u00e0 Rome depuis Adriano Panatta en 1976, il va devoir maintenant franchir une montagne. Si Sinner n\u2019a gagn\u00e9 qu\u2019un seul de ses 19 titres sur terre battue (Umag 2022), Alcaraz qui sera lundi son dauphin au classement mondial, quel que soit le r\u00e9sultat de la finale, est en train de devenir la nouvelle r\u00e9f\u00e9rence de la surface.<\/p>\n<p class=\"fig-paragraph\">Contre l\u2019Italien Lorenzo Musetti, \u00e9tourdi en deux sets 6-3, 7-6 (7\/4), l\u2019Espagnol a sign\u00e9 sa 26e victoire sur terre depuis tout juste un an, pour seulement deux d\u00e9faites. Il disputera sa troisi\u00e8me finale de suite apr\u00e8s Monte-Carlo o\u00f9 il s\u2019est impos\u00e9 face \u00e0 Musetti, et Barcelone o\u00f9 il a \u00e9t\u00e9 battu par Ruud.<\/p>\n<p>Alcaraz m\u00e8ne 6 victoires \u00e0 4<\/p>\n<p class=\"fig-paragraph\">Depuis son arriv\u00e9e en Italie, l\u2019Espagnol qui revient d\u2019une blessure \u00e0 un adducteur qui l\u2019a priv\u00e9 du Masters 1000 de Madrid, a gagn\u00e9 tous ses matches en deux sets, \u00e0 l\u2019exception de son 8e de finale contre le Russe Karen Khachanov M\u00eame quand les conditions sont \u00abdifficiles\u00bb comme ce vendredi avec des rafales de vent, \u00abCarlitos\u00bb n\u2019impressionne pas mais arrive \u00e0 trouver une solution.<\/p>\n<p class=\"fig-paragraph\">\u00abIl fallait tenir compte du vent, il fallait essayer d\u2019\u00eatre intelligent et patient pour saisir les occasions quand elles se pr\u00e9sentaient, \u00e0 d\u00e9faut de produire un tennis spectaculaire\u00bb, a-t-il expliqu\u00e9. \u00abCe n\u2019\u00e9tait pas brillant en termes de niveau de jeu (&#8230;) Mais je me sens pr\u00eat pour la finale, je suis en confiance, je me sens bien. Je joue un bon tennis m\u00eame si cela peut toujours \u00eatre mieux\u00bb, a insist\u00e9 le vainqueur de Roland-Garros 2024.<\/p>\n<p class=\"fig-paragraph\">\u00c0 moins de dix jours de l\u2019\u00e9dition 2025 de Roland-Garros (25 mai-8 juin), le choc entre Alcaraz et Sinner pourrait pr\u00e9figurer la finale du tournoi parisien sur terre battue. Au bilan de leurs confrontations, Alcaraz m\u00e8ne six victoires \u00e0 quatre. Il a surtout remport\u00e9 leurs trois derniers duels, dont une demi-finale de Roland-Garros, il y a un an, \u00e0 couper le souffle 2-6, 6-3, 3-6, 6-4, 6-3.<\/p>\n","protected":false},"excerpt":{"rendered":"Ce vendredi, l\u2019Italien N.1 mondial s\u2019est d\u00e9fait de l\u2019Am\u00e9ricain Tommy Paul (1-6, 6-0, 6-3) et affrontera Alcaraz en&hellip;\n","protected":false},"author":2,"featured_media":106020,"comment_status":"","ping_status":"","sticky":false,"template":"","format":"standard","meta":{"footnotes":""},"categories":[9],"tags":[47,4169,525,7779,1981,4178,4179,1011,27,1114,20859,3996,4177,4176,4174,4175,1980,4171,60,1467,4172,4173,4170],"class_list":{"0":"post-106019","1":"post","2":"type-post","3":"status-publish","4":"format-standard","5":"has-post-thumbnail","7":"category-sports","8":"tag-actualite","9":"tag-atp","10":"tag-calendrier","11":"tag-carlos-alcaraz","12":"tag-classement","13":"tag-coupe-davis","14":"tag-fed-cup","15":"tag-fr","16":"tag-france","17":"tag-infos","18":"tag-jannik-sinner","19":"tag-jeux-olympiques","20":"tag-masters-1000","21":"tag-masters-500","22":"tag-masters-series","23":"tag-open-daustralie","24":"tag-resultats","25":"tag-roland-garros","26":"tag-sports","27":"tag-tennis","28":"tag-us-open","29":"tag-wimbledon","30":"tag-wta"},"share_on_mastodon":{"url":"https:\/\/pubeurope.com\/@fr\/114521062522939714","error":""},"_links":{"self":[{"href":"https:\/\/www.europesays.com\/fr\/wp-json\/wp\/v2\/posts\/106019","targetHints":{"allow":["GET"]}}],"collection":[{"href":"https:\/\/www.europesays.com\/fr\/wp-json\/wp\/v2\/posts"}],"about":[{"href":"https:\/\/www.europesays.com\/fr\/wp-json\/wp\/v2\/types\/post"}],"author":[{"embeddable":true,"href":"https:\/\/www.europesays.com\/fr\/wp-json\/wp\/v2\/users\/2"}],"replies":[{"embeddable":true,"href":"https:\/\/www.europesays.com\/fr\/wp-json\/wp\/v2\/comments?post=106019"}],"version-history":[{"count":0,"href":"https:\/\/www.europesays.com\/fr\/wp-json\/wp\/v2\/posts\/106019\/revisions"}],"wp:featuredmedia":[{"embeddable":true,"href":"https:\/\/www.europesays.com\/fr\/wp-json\/wp\/v2\/media\/106020"}],"wp:attachment":[{"href":"https:\/\/www.europesays.com\/fr\/wp-json\/wp\/v2\/media?parent=106019"}],"wp:term":[{"taxonomy":"category","embeddable":true,"href":"https:\/\/www.europesays.com\/fr\/wp-json\/wp\/v2\/categories?post=106019"},{"taxonomy":"post_tag","embeddable":true,"href":"https:\/\/www.europesays.com\/fr\/wp-json\/wp\/v2\/tags?post=106019"}],"curies":[{"name":"wp","href":"https:\/\/api.w.org\/{rel}","templated":true}]}}