{"id":1060190,"date":"2026-07-12T15:10:17","date_gmt":"2026-07-12T15:10:17","guid":{"rendered":"https:\/\/www.europesays.com\/fr\/1060190\/"},"modified":"2026-07-12T15:10:17","modified_gmt":"2026-07-12T15:10:17","slug":"annemasse-la-purete-des-voix-des-petits-chanteurs-de-la-major","status":"publish","type":"post","link":"https:\/\/www.europesays.com\/fr\/1060190\/","title":{"rendered":"Annemasse. La puret\u00e9 des voix des Petits chanteurs de la Major"},"content":{"rendered":"<p>Les Petits chanteurs de la Major est un ch\u0153ur d\u2019enfants de Marseille dirig\u00e9 par R\u00e9my Littolff. Du 15 au 23\u00a0juillet, ils seront en tourn\u00e9e en Pays de Savoie pour sept concerts exceptionnels. Cette formation rassemble de jeunes chanteurs passionn\u00e9s qui portent un r\u00e9pertoire vari\u00e9 comprenant de la musique sacr\u00e9e mais aussi de la musique profane. Laissez-vous porter par la puret\u00e9 des voix, la richesse du r\u00e9pertoire et l\u2019\u00e9motion d\u2019un moment musical unique.<\/p>\n<p class=\"note\">Concert. Mercredi 15\u00a0juillet \u00e0 20\u00a0h\u00a030 \u00e0 l\u2019\u00e9glise Saint-Joseph. Gratuit (libre participation). Infos et toutes les dates des concerts\u00a0: https:\/\/pch-major.fr<\/p>\n","protected":false},"excerpt":{"rendered":"Les Petits chanteurs de la Major est un ch\u0153ur d\u2019enfants de Marseille dirig\u00e9 par R\u00e9my Littolff. Du 15&hellip;\n","protected":false},"author":2,"featured_media":1060191,"comment_status":"","ping_status":"","sticky":false,"template":"","format":"standard","meta":{"footnotes":"","_share_on_mastodon":"0"},"categories":[2814],"tags":[1111,11,4634,4636,1687,4637,1777,674,1011,27,884,873,12,882,25],"class_list":["post-1060190","post","type-post","status-publish","format-standard","has-post-thumbnail","category-marseille","tag-actu","tag-actualites","tag-annemasse","tag-annemasse-bassin","tag-culture-loisirs","tag-edition-grand-geneve-chablais-ain","tag-eu","tag-europe","tag-fr","tag-france","tag-marseille","tag-musique","tag-news","tag-provence-alpes-cote-dazur","tag-republique-francaise"],"share_on_mastodon":{"url":"https:\/\/pubeurope.com\/@fr\/116907647097749275","error":""},"_links":{"self":[{"href":"https:\/\/www.europesays.com\/fr\/wp-json\/wp\/v2\/posts\/1060190","targetHints":{"allow":["GET"]}}],"collection":[{"href":"https:\/\/www.europesays.com\/fr\/wp-json\/wp\/v2\/posts"}],"about":[{"href":"https:\/\/www.europesays.com\/fr\/wp-json\/wp\/v2\/types\/post"}],"author":[{"embeddable":true,"href":"https:\/\/www.europesays.com\/fr\/wp-json\/wp\/v2\/users\/2"}],"replies":[{"embeddable":true,"href":"https:\/\/www.europesays.com\/fr\/wp-json\/wp\/v2\/comments?post=1060190"}],"version-history":[{"count":0,"href":"https:\/\/www.europesays.com\/fr\/wp-json\/wp\/v2\/posts\/1060190\/revisions"}],"wp:featuredmedia":[{"embeddable":true,"href":"https:\/\/www.europesays.com\/fr\/wp-json\/wp\/v2\/media\/1060191"}],"wp:attachment":[{"href":"https:\/\/www.europesays.com\/fr\/wp-json\/wp\/v2\/media?parent=1060190"}],"wp:term":[{"taxonomy":"category","embeddable":true,"href":"https:\/\/www.europesays.com\/fr\/wp-json\/wp\/v2\/categories?post=1060190"},{"taxonomy":"post_tag","embeddable":true,"href":"https:\/\/www.europesays.com\/fr\/wp-json\/wp\/v2\/tags?post=1060190"}],"curies":[{"name":"wp","href":"https:\/\/api.w.org\/{rel}","templated":true}]}}