{"id":106025,"date":"2025-05-17T03:33:08","date_gmt":"2025-05-17T03:33:08","guid":{"rendered":"https:\/\/www.europesays.com\/fr\/106025\/"},"modified":"2025-05-17T03:33:08","modified_gmt":"2025-05-17T03:33:08","slug":"macron-annonce-une-salve-record-de-20-milliards-deuros-dinvestissements","status":"publish","type":"post","link":"https:\/\/www.europesays.com\/fr\/106025\/","title":{"rendered":"Macron annonce une salve record de 20 milliards d&rsquo;euros d&rsquo;investissements"},"content":{"rendered":"<p>Emmanuel Macron veut reprendre la main sur l&rsquo;agenda politique international. En plein marasme diplomatique et commercial, le pr\u00e9sident de la R\u00e9publique a annonc\u00e9 ce vendredi soir dans un entretien accord\u00e9 \u00e0 la presse r\u00e9gionale une salve de 20 milliards d&rsquo;euros d&rsquo;investissements dans l&rsquo;Hexagone. Une cinquantaine de projets devrait \u00eatre d\u00e9taill\u00e9s. Apr\u00e8s l&rsquo;enveloppe de 15 milliards d&rsquo;euros en 2024, il s&rsquo;agit \u00ab d&rsquo;une moisson record \u00bb, s&rsquo;est f\u00e9licit\u00e9 son entourage avant le grand raout de lundi.<\/p>\n<p>Le chef de l&rsquo;\u00c9tat va recevoir en grande pompe quelque 200 patrons \u00e9trangers dans l&rsquo;enceinte fastueuse du ch\u00e2teau de Versailles. Plac\u00e9e sous le signe de \u00ab la France terre de cr\u00e9ativit\u00e9 \u00bb, cette \u00e9dition entend donner un coup de projecteur \u00e0 la cr\u00e9ation culturelle et la production audiovisuelle en plein Festival de Cannes. Sont attendus entre autres les dirigeants de\u00a0BYD, Blackstone, Goldman Sachs, Ikea, BASF ou encore JPMorgan.<\/p>\n","protected":false},"excerpt":{"rendered":"Emmanuel Macron veut reprendre la main sur l&rsquo;agenda politique international. En plein marasme diplomatique et commercial, le pr\u00e9sident&hellip;\n","protected":false},"author":2,"featured_media":106026,"comment_status":"","ping_status":"","sticky":false,"template":"","format":"standard","meta":{"footnotes":""},"categories":[6],"tags":[17,2562,35,22295,33,34,1011,27,11514,3241,22296,96],"class_list":{"0":"post-106025","1":"post","2":"type-post","3":"status-publish","4":"format-standard","5":"has-post-thumbnail","7":"category-economie","8":"tag-17","9":"tag-annonce","10":"tag-business","11":"tag-choose","12":"tag-economie","13":"tag-economy","14":"tag-fr","15":"tag-france","16":"tag-macron","17":"tag-record","18":"tag-salve","19":"tag-une"},"share_on_mastodon":{"url":"https:\/\/pubeurope.com\/@fr\/114521073455050396","error":""},"_links":{"self":[{"href":"https:\/\/www.europesays.com\/fr\/wp-json\/wp\/v2\/posts\/106025","targetHints":{"allow":["GET"]}}],"collection":[{"href":"https:\/\/www.europesays.com\/fr\/wp-json\/wp\/v2\/posts"}],"about":[{"href":"https:\/\/www.europesays.com\/fr\/wp-json\/wp\/v2\/types\/post"}],"author":[{"embeddable":true,"href":"https:\/\/www.europesays.com\/fr\/wp-json\/wp\/v2\/users\/2"}],"replies":[{"embeddable":true,"href":"https:\/\/www.europesays.com\/fr\/wp-json\/wp\/v2\/comments?post=106025"}],"version-history":[{"count":0,"href":"https:\/\/www.europesays.com\/fr\/wp-json\/wp\/v2\/posts\/106025\/revisions"}],"wp:featuredmedia":[{"embeddable":true,"href":"https:\/\/www.europesays.com\/fr\/wp-json\/wp\/v2\/media\/106026"}],"wp:attachment":[{"href":"https:\/\/www.europesays.com\/fr\/wp-json\/wp\/v2\/media?parent=106025"}],"wp:term":[{"taxonomy":"category","embeddable":true,"href":"https:\/\/www.europesays.com\/fr\/wp-json\/wp\/v2\/categories?post=106025"},{"taxonomy":"post_tag","embeddable":true,"href":"https:\/\/www.europesays.com\/fr\/wp-json\/wp\/v2\/tags?post=106025"}],"curies":[{"name":"wp","href":"https:\/\/api.w.org\/{rel}","templated":true}]}}