{"id":106029,"date":"2025-05-17T03:35:13","date_gmt":"2025-05-17T03:35:13","guid":{"rendered":"https:\/\/www.europesays.com\/fr\/106029\/"},"modified":"2025-05-17T03:35:13","modified_gmt":"2025-05-17T03:35:13","slug":"des-ecrits-mentionnant-des-actes-de-nature-sexuelle-decouverts","status":"publish","type":"post","link":"https:\/\/www.europesays.com\/fr\/106029\/","title":{"rendered":"des \u00e9crits mentionnant des \u00ab\u00a0actes de nature sexuelle\u00a0\u00bb d\u00e9couverts"},"content":{"rendered":"<p>Son <a title=\"Tentative d\u2019enl\u00e8vement \u00e0 Nouans-les-Fontaines : le suspect de 33 ans est originaire de la Vienne\" target=\"_self\" href=\"https:\/\/www.lanouvellerepublique.fr\/chateauroux\/tentative-d-enlevement-a-nouans-les-fontaines-le-suspect-de-33-ans-place-en-garde-a-vue-1747306726\" rel=\"nofollow noopener\">placement en garde \u00e0 vue<\/a> laissait l\u2019espoir de mieux comprendre le terrifiant sc\u00e9nario qui s\u2019\u00e9tait jou\u00e9 le 13\u00a0mai 2025 \u00e0 <a title=\"Tentative d\u2019enl\u00e8vement \u00e0 Nouans-les-Fontaines : dans les rues, un village en \u00e9tat de choc\" target=\"_self\" href=\"https:\/\/www.lanouvellerepublique.fr\/indre-et-loire\/commune\/nouans-les-fontaines\/tentative-d-enlevement-a-nouans-les-fontaines-dans-les-rues-un-village-en-etat-de-choc-1747158689\" rel=\"nofollow noopener\">Nouans-les-Fontaines<\/a> (<a target=\"_self\" href=\"https:\/\/www.lanouvellerepublique.fr\/indre-et-loire\" rel=\"nofollow noopener\">Indre-et-Loire<\/a>). Cet homme de 33\u00a0ans avait-il <a title=\"Un camping-cariste tente d\u2019enlever une coll\u00e9gienne pr\u00e8s de Loches : \u00ab Elle s\u2019est d\u00e9battue et a cri\u00e9 tr\u00e8s fort \u00bb\" target=\"_self\" href=\"https:\/\/www.lanouvellerepublique.fr\/indre-et-loire\/commune\/nouans-les-fontaines\/un-camping-cariste-tente-d-enlever-une-collegienne-pres-de-loches-elle-s-est-debattue-et-a-crie-tres-fort-1747149465\" rel=\"nofollow noopener\">projet\u00e9 de kidnapper cette adolescente de 14\u00a0ans<\/a> sur le chemin du bus\u00a0? Face aux enqu\u00eateurs, le trentenaire a contest\u00e9 avoir eu le projet de l\u2019enlever, indique la procureure de la R\u00e9publique de <a target=\"_blank\" href=\"https:\/\/www.lanouvellerepublique.fr\/tours\" rel=\"nofollow noopener\">Tours<\/a>, Catherine Sorita-Minard, dans un nouveau communiqu\u00e9 de presse <a target=\"_blank\" href=\"https:\/\/x.com\/ProcureureTours\/status\/1923402876207923203\/photo\/1\" rel=\"nofollow\">publi\u00e9 sur le r\u00e9seau social X<\/a> (ex-Twitter), vendredi 16\u00a0mai.<\/p>\n<p>Selon lui, la jeune fille serait mont\u00e9e \u00ab\u00a0volontairement\u00a0\u00bb dans son camping-car apr\u00e8s lui avoir demand\u00e9 de l\u2019aide pour un \u00ab\u00a0probl\u00e8me de porte\u00a0\u00bb. Il admet avoir fait usage de son pistolet \u00e0 impulsion \u00e9lectrique. Lors de ses auditions de garde \u00e0 vue, le suspect a indiqu\u00e9 \u00ab\u00a0vivre seul, n\u2019ayant ni compagne, ni enfant\u00a0\u00bb et \u00ab\u00a0toucher l\u2019allocation-ch\u00f4mage\u00a0\u00bb.<\/p>\n<p>Du mat\u00e9riel particuli\u00e8rement inqui\u00e9tant<\/p>\n<p>Originaire de la Vienne mais r\u00e9sidant dans un appartement \u00e0 Ch\u00e2teauroux, le trentenaire n\u2019a \u00ab\u00a0pas donn\u00e9 d\u2019explications coh\u00e9rentes\u00a0\u00bb sur les diff\u00e9rents objets saisis sur lui et dans son v\u00e9hicule, \u00e0 savoir pr\u00e8s de 24.000\u00a0\u20ac en num\u00e9raire, une dizaine de bombes lacrymog\u00e8nes, trois pistolets \u00e0 impulsion \u00e9lectrique, trois cartes d\u2019identit\u00e9, deux passeports et trois permis de conduire, tous \u00e0 son nom.<\/p>\n<p>Des \u00ab\u00a0\u00e9crits manuscrits mentionnant des actes de nature sexuelle\u00a0\u00bb ont \u00e9galement \u00e9t\u00e9 d\u00e9couverts par les forces de l\u2019ordre, ainsi que deux cam\u00e9ras, et une \u00ab\u00a0grande quantit\u00e9\u00a0\u00bb de colliers de serrage.<\/p>\n<p>\u00ab\u00a0\u00c0 ce stade, ne sont pas identifi\u00e9s d\u2019autres faits de nature similaire susceptibles d\u2019\u00eatre imput\u00e9s au mis en cause\u00a0\u00bb, indique la procureure de la R\u00e9publique de Tours.<\/p>\n<p>Ouverture d\u2019une information judiciaire<\/p>\n<p>\u00c0 l\u2019issue de sa garde \u00e0 vue, le suspect a \u00e9t\u00e9 d\u00e9f\u00e9r\u00e9 cet apr\u00e8s-midi devant le parquet de Tours, qui a ouvert une information judiciaire. \u00ab\u00a0J\u2019ai saisi un juge d\u2019instruction pour poursuivre les investigations, et j\u2019ai demand\u00e9 le placement en d\u00e9tention provisoire de l\u2019int\u00e9ress\u00e9\u00a0\u00bb, pr\u00e9cise Catherine Sorita-Minard.<\/p>\n<p>Le trentenaire a \u00e9t\u00e9 mis en examen des chefs de tentative d\u2019enl\u00e8vement, refus d\u2019obtemp\u00e9rer et blessures involontaires avec d\u00e9lit de fuite. Il sera pr\u00e9sent\u00e9 devant un juge des libert\u00e9s et de la d\u00e9tention, dans la soir\u00e9e, pour statuer sur les mesures de s\u00fbret\u00e9 \u00e0 mettre en place.<\/p>\n","protected":false},"excerpt":{"rendered":"Son placement en garde \u00e0 vue laissait l\u2019espoir de mieux comprendre le terrifiant sc\u00e9nario qui s\u2019\u00e9tait jou\u00e9 le&hellip;\n","protected":false},"author":2,"featured_media":106030,"comment_status":"","ping_status":"","sticky":false,"template":"","format":"standard","meta":{"footnotes":""},"categories":[4],"tags":[328,1392,11,274,1011,27,329,3381,5052,1387,4368,12,22297,25],"class_list":{"0":"post-106029","1":"post","2":"type-post","3":"status-publish","4":"format-standard","5":"has-post-thumbnail","7":"category-france","8":"tag-a-la-une","9":"tag-a-la-une-local","10":"tag-actualites","11":"tag-faits-divers-justice","12":"tag-fr","13":"tag-france","14":"tag-france-monde","15":"tag-gendarmerie","16":"tag-indre","17":"tag-indre-et-loire","18":"tag-loir-et-cher","19":"tag-news","20":"tag-nouans-les-fontaines","21":"tag-republique-francaise"},"share_on_mastodon":{"url":"https:\/\/pubeurope.com\/@fr\/114521081398020157","error":""},"_links":{"self":[{"href":"https:\/\/www.europesays.com\/fr\/wp-json\/wp\/v2\/posts\/106029","targetHints":{"allow":["GET"]}}],"collection":[{"href":"https:\/\/www.europesays.com\/fr\/wp-json\/wp\/v2\/posts"}],"about":[{"href":"https:\/\/www.europesays.com\/fr\/wp-json\/wp\/v2\/types\/post"}],"author":[{"embeddable":true,"href":"https:\/\/www.europesays.com\/fr\/wp-json\/wp\/v2\/users\/2"}],"replies":[{"embeddable":true,"href":"https:\/\/www.europesays.com\/fr\/wp-json\/wp\/v2\/comments?post=106029"}],"version-history":[{"count":0,"href":"https:\/\/www.europesays.com\/fr\/wp-json\/wp\/v2\/posts\/106029\/revisions"}],"wp:featuredmedia":[{"embeddable":true,"href":"https:\/\/www.europesays.com\/fr\/wp-json\/wp\/v2\/media\/106030"}],"wp:attachment":[{"href":"https:\/\/www.europesays.com\/fr\/wp-json\/wp\/v2\/media?parent=106029"}],"wp:term":[{"taxonomy":"category","embeddable":true,"href":"https:\/\/www.europesays.com\/fr\/wp-json\/wp\/v2\/categories?post=106029"},{"taxonomy":"post_tag","embeddable":true,"href":"https:\/\/www.europesays.com\/fr\/wp-json\/wp\/v2\/tags?post=106029"}],"curies":[{"name":"wp","href":"https:\/\/api.w.org\/{rel}","templated":true}]}}