{"id":106033,"date":"2025-05-17T03:37:34","date_gmt":"2025-05-17T03:37:34","guid":{"rendered":"https:\/\/www.europesays.com\/fr\/106033\/"},"modified":"2025-05-17T03:37:34","modified_gmt":"2025-05-17T03:37:34","slug":"lacte-volontaire-a-ete-revendique","status":"publish","type":"post","link":"https:\/\/www.europesays.com\/fr\/106033\/","title":{"rendered":"l&rsquo;acte volontaire a \u00e9t\u00e9 revendiqu\u00e9"},"content":{"rendered":"\n<p><a href=\"https:\/\/www.activradio.com\/saint-chamond-un-incendie-provoque-des-coupures-d-electricite\" rel=\"noopener\" target=\"_blank\">L&rsquo;incendie avait priv\u00e9 jusqu&rsquo;\u00e0 3000 foyers de courant le 7 mai dernier<\/a>. Un transformateur ayant \u00e9t\u00e9 vis\u00e9. La th\u00e8se criminelle s&rsquo;est au fur et \u00e0 mesure impos\u00e9e dans ce dossier. L&rsquo;action vient d&rsquo;ailleurs d&rsquo;\u00eatre revendiqu\u00e9e sur internet. Un groupe d&rsquo;ultra-gauche pr\u00e9cise, \u00ab\u00a0on esp\u00e8re avoir interrompu l\u2019alimentation \u00e9lectrique de la zone industrielle sud de la ville. On a vis\u00e9 tout particuli\u00e8rement l\u2019\u00e9coquartier, autrefois site de production d\u2019armes\u00a0\u00bb.<\/p>\n<p>Le communiqu\u00e9, sign\u00e9 d&rsquo;un simple \u00ab\u00a0Anonyme\u00a0\u00bb, se conclut par cette phrase, \u00ab\u00a0sans marchands d\u2019armes, ni cette guerre, ni le massacre palestinien, ni tant d\u2019autres trag\u00e9dies sanglantes n\u2019auraient lieu. Cette nuit, c\u2019est un rep\u00e8re de ses marchands qu\u2019on a voulu attaquer, modestement, sans \u00e9gards pour les abjections commerciales et industrielles alentours. Voil\u00e0 ce qu\u2019on a souhait\u00e9, paradoxalement, mettre en lumi\u00e8re, en \u00e9teignant une partie de la ville\u00a0\u00bb.<\/p>\n<p>Contact\u00e9, le parquet de Saint-\u00c9tienne ne souhaite pas faire de commentaire sur cette affaire, pour le moment.<\/p>\n","protected":false},"excerpt":{"rendered":"L&rsquo;incendie avait priv\u00e9 jusqu&rsquo;\u00e0 3000 foyers de courant le 7 mai dernier. Un transformateur ayant \u00e9t\u00e9 vis\u00e9. La&hellip;\n","protected":false},"author":2,"featured_media":106034,"comment_status":"","ping_status":"","sticky":false,"template":"","format":"standard","meta":{"footnotes":""},"categories":[9653],"tags":[631,1111,11,2430,22298,3674,1777,674,1011,27,1310,12,25,9669,4001,22299],"class_list":{"0":"post-106033","1":"post","2":"type-post","3":"status-publish","4":"format-standard","5":"has-post-thumbnail","7":"category-saint-etienne","8":"tag-action","9":"tag-actu","10":"tag-actualites","11":"tag-auvergne-rhone-alpes","12":"tag-courant","13":"tag-enedis","14":"tag-eu","15":"tag-europe","16":"tag-fr","17":"tag-france","18":"tag-incendie","19":"tag-news","20":"tag-republique-francaise","21":"tag-saint-chamond","22":"tag-saint-etienne","23":"tag-ultra_gauche"},"share_on_mastodon":{"url":"https:\/\/pubeurope.com\/@fr\/114521089312073545","error":""},"_links":{"self":[{"href":"https:\/\/www.europesays.com\/fr\/wp-json\/wp\/v2\/posts\/106033","targetHints":{"allow":["GET"]}}],"collection":[{"href":"https:\/\/www.europesays.com\/fr\/wp-json\/wp\/v2\/posts"}],"about":[{"href":"https:\/\/www.europesays.com\/fr\/wp-json\/wp\/v2\/types\/post"}],"author":[{"embeddable":true,"href":"https:\/\/www.europesays.com\/fr\/wp-json\/wp\/v2\/users\/2"}],"replies":[{"embeddable":true,"href":"https:\/\/www.europesays.com\/fr\/wp-json\/wp\/v2\/comments?post=106033"}],"version-history":[{"count":0,"href":"https:\/\/www.europesays.com\/fr\/wp-json\/wp\/v2\/posts\/106033\/revisions"}],"wp:featuredmedia":[{"embeddable":true,"href":"https:\/\/www.europesays.com\/fr\/wp-json\/wp\/v2\/media\/106034"}],"wp:attachment":[{"href":"https:\/\/www.europesays.com\/fr\/wp-json\/wp\/v2\/media?parent=106033"}],"wp:term":[{"taxonomy":"category","embeddable":true,"href":"https:\/\/www.europesays.com\/fr\/wp-json\/wp\/v2\/categories?post=106033"},{"taxonomy":"post_tag","embeddable":true,"href":"https:\/\/www.europesays.com\/fr\/wp-json\/wp\/v2\/tags?post=106033"}],"curies":[{"name":"wp","href":"https:\/\/api.w.org\/{rel}","templated":true}]}}