{"id":106036,"date":"2025-05-17T03:39:11","date_gmt":"2025-05-17T03:39:11","guid":{"rendered":"https:\/\/www.europesays.com\/fr\/106036\/"},"modified":"2025-05-17T03:39:11","modified_gmt":"2025-05-17T03:39:11","slug":"nancy-la-foire-expo-monte-en-puissance","status":"publish","type":"post","link":"https:\/\/www.europesays.com\/fr\/106036\/","title":{"rendered":"Nancy. La Foire expo monte en puissance"},"content":{"rendered":"<p>\u00c7a fr\u00e9mit du c\u00f4t\u00e9 du parc des expositions de Vand\u0153uvre. La 89e \u00e9dition de la Foire expo de Nancy se profile. Au menu, plus de 400 exposants, des invit\u00e9s, dont Yanns, Chris Marques et Laetitia Milot, le concert d\u2019ouverture de Jean-Baptiste Gu\u00e9gan, un plateau d\u2019humour ou encore l\u2019\u00e9lection de Miss Meurthe-et-Moselle 2025.<\/p>\n<p>Et cette ann\u00e9e, apr\u00e8s \u00ab\u00a0Les Tr\u00e9sors des Cara\u00efbes\u00a0\u00bb, c\u2019est la machine \u00e0 remonter le temps qui sera mis en marche. Retour vers les Sixties pour les visiteurs. Des ann\u00e9es Y\u00e9y\u00e9s dans lesquelles ils pourront s\u2019immerger le temps d\u2019un d\u00e9tour par le hall C. Coup d\u2019envoi le samedi 7\u00a0juin pour un clap de fin le dimanche\u00a015.<\/p>\n","protected":false},"excerpt":{"rendered":"\u00c7a fr\u00e9mit du c\u00f4t\u00e9 du parc des expositions de Vand\u0153uvre. La 89e \u00e9dition de la Foire expo de&hellip;\n","protected":false},"author":2,"featured_media":106037,"comment_status":"","ping_status":"","sticky":false,"template":"","format":"standard","meta":{"footnotes":""},"categories":[9635],"tags":[1111,11,1687,1704,1777,674,1685,1011,27,775,1702,1703,12,3456,25],"class_list":{"0":"post-106036","1":"post","2":"type-post","3":"status-publish","4":"format-standard","5":"has-post-thumbnail","7":"category-nancy","8":"tag-actu","9":"tag-actualites","10":"tag-culture-loisirs","11":"tag-edition-nancy-et-agglomeration","12":"tag-eu","13":"tag-europe","14":"tag-foire-et-salon","15":"tag-fr","16":"tag-france","17":"tag-grand-est","18":"tag-nancy","19":"tag-nancy-ville-54b","20":"tag-news","21":"tag-region-lorraine","22":"tag-republique-francaise"},"share_on_mastodon":{"url":"https:\/\/pubeurope.com\/@fr\/114521097224748644","error":""},"_links":{"self":[{"href":"https:\/\/www.europesays.com\/fr\/wp-json\/wp\/v2\/posts\/106036","targetHints":{"allow":["GET"]}}],"collection":[{"href":"https:\/\/www.europesays.com\/fr\/wp-json\/wp\/v2\/posts"}],"about":[{"href":"https:\/\/www.europesays.com\/fr\/wp-json\/wp\/v2\/types\/post"}],"author":[{"embeddable":true,"href":"https:\/\/www.europesays.com\/fr\/wp-json\/wp\/v2\/users\/2"}],"replies":[{"embeddable":true,"href":"https:\/\/www.europesays.com\/fr\/wp-json\/wp\/v2\/comments?post=106036"}],"version-history":[{"count":0,"href":"https:\/\/www.europesays.com\/fr\/wp-json\/wp\/v2\/posts\/106036\/revisions"}],"wp:featuredmedia":[{"embeddable":true,"href":"https:\/\/www.europesays.com\/fr\/wp-json\/wp\/v2\/media\/106037"}],"wp:attachment":[{"href":"https:\/\/www.europesays.com\/fr\/wp-json\/wp\/v2\/media?parent=106036"}],"wp:term":[{"taxonomy":"category","embeddable":true,"href":"https:\/\/www.europesays.com\/fr\/wp-json\/wp\/v2\/categories?post=106036"},{"taxonomy":"post_tag","embeddable":true,"href":"https:\/\/www.europesays.com\/fr\/wp-json\/wp\/v2\/tags?post=106036"}],"curies":[{"name":"wp","href":"https:\/\/api.w.org\/{rel}","templated":true}]}}