{"id":106052,"date":"2025-05-17T03:53:21","date_gmt":"2025-05-17T03:53:21","guid":{"rendered":"https:\/\/www.europesays.com\/fr\/106052\/"},"modified":"2025-05-17T03:53:21","modified_gmt":"2025-05-17T03:53:21","slug":"toute-lactu-top-music-c-votre-emploi-20-postes-chez-caritas-alsace","status":"publish","type":"post","link":"https:\/\/www.europesays.com\/fr\/106052\/","title":{"rendered":"Toute l&rsquo;actu Top Music &#8211; C Votre Emploi : 20 postes chez Caritas Alsace"},"content":{"rendered":"<p><img decoding=\"async\" class=\"\" style=\"width:100%\" src=\"https:\/\/www.europesays.com\/fr\/wp-content\/uploads\/2025\/05\/Capture_d_e_cran__le_2025_05_16_a__12_09_541747390264871.png\" alt=\"Caroline Basset, DRH de la F\u00e9d\u00e9ration de charit\u00e9 Caritas Alsace,  sur BFM Alsace \"\/><\/p>\n<p>Caroline Basset, DRH de la F\u00e9d\u00e9ration de charit\u00e9 Caritas Alsace,  sur BFM Alsace <\/p>\n<p>Cr\u00e9dit : Capture \u00e9cran @BFM Alsace<\/p>\n<p>La F\u00e9d\u00e9ration de charit\u00e9 Caritas Alsace compte <strong>850 salari\u00e9s et 2200 b\u00e9n\u00e9voles<\/strong> dans la r\u00e9gion. Au total, ce sont 35000 personnes qui sont accompagn\u00e9es dans le territoire alsacien. Caritas Alsace r\u00e9unit environ <strong>70 m\u00e9tiers diff\u00e9rents<\/strong>. A l&rsquo;heure actuelle, une vingtaine de postes sont \u00e0 pourvoir : ce sont des postes essentiellement en CDI disponibles \u00e0 Strasbourg, Marienthal, Marmoutier, etc. Parmi les m\u00e9tiers recherch\u00e9s : <strong>des infirmiers, des \u00e9ducateurs, des chefs de service et des charg\u00e9s de communication.<\/strong><\/p>\n<p><strong>Des m\u00e9tiers humains et de service<\/strong><\/p>\n<p><strong>Cr\u00e9\u00e9e en 1903<\/strong>, la F\u00e9d\u00e9ration de Charit\u00e9 Caritas Alsace est une association reconnue d\u2019utilit\u00e9 publique. La F\u00e9d\u00e9ration est organis\u00e9e en 4 p\u00f4les.\u00a0<\/p>\n<p><strong>Le p\u00f4le Caritatif :\u00a0 <\/strong><a href=\"https:\/\/www.caritas-alsace.org\/\" rel=\"nofollow noopener\" target=\"_blank\">Caritas\u00a0Alsace R\u00e9seau Secours Catholique<\/a>\u00a0lutte quotidiennement contre la pr\u00e9carit\u00e9 et porte de nombreuses actions sociales (\u00e9piceries solidaires, maraudes, cours de fran\u00e7ais, accompagnement \u00e0 la parentalit\u00e9 et \u00e0 la scolarit\u00e9, vacances et loisirs, interventions en milieu carc\u00e9ral&#8230;)<\/p>\n<p><strong>Le p\u00f4le Soins-adultes :\u00a0<\/strong>Il comprend quatre structures. L\u2019Ehpad\u00a0Caritas, \u00e0 Strasbourg, et l\u2019Ehpad Saint-Fran\u00e7ois, \u00e0 Marienthal, h\u00e9bergent et accompagnent des s\u00e9niors. Le Foyer d&rsquo;accueil sp\u00e9cialis\u00e9 Air&amp;Vie, \u00e0 Marmoutier, accueille des adultes en situation de handicap. Le SMRA (Soins M\u00e9dicaux et de R\u00e9adaptation en addictologie) de Marienbronn, \u00e0 Lobsann, accompagne des personnes souffrant d\u2019addictions.<\/p>\n<p><strong>Le p\u00f4le Enfance\u00a0 :\u00a0<\/strong>Il se compose de 4 structures. La SEI du Ried, \u00e0 Huttenheim et Diebolsheim, h\u00e9berge, forme et accompagne des jeunes en situation de handicap et\/ou confi\u00e9s par l\u2019Aide sociale \u00e0 l\u2019enfance. L\u2019IME, le Sessad et le Camsp Cottolengo, \u00e0 Epfig, Molsheim et Schirmeck, accompagnent des jeunes concern\u00e9s par une d\u00e9ficience intellectuelle ou des d\u00e9ficits sensoriels, moteurs ou mentaux. Le DITEP La Forge, \u00e0 Wintzenheim, et le DITEP Les Tilleuls, \u00e0 Scharrachbergheim, accompagnent des jeunes souffrant de difficult\u00e9s psychologiques. La maison d\u2019enfants \u00e0 caract\u00e8re social Le Chalet h\u00e9berge et accompagne des jeunes confi\u00e9s par l\u2019aide sociale \u00e0 l\u2019enfance.<\/p>\n<p><strong>Le p\u00f4le Insertion :\u00a0<\/strong>Il se compose de 4 chantiers d&rsquo;insertion (Les 7 Pains, R\u00e9nov&rsquo;Action, Carijou et la ferme Saint-Andr\u00e9) et propose des solutions d\u2019h\u00e9bergement ou de logement pour des personnes isol\u00e9es, des r\u00e9fugi\u00e9s, des jeunes ou des familles dans le besoin.<\/p>\n<p>Caritas Alsace recherche aussi <strong>des familles d&rsquo;accueil <\/strong>cet \u00e9t\u00e9 dans le cadre du programme \u00ab\u00a0accueil familial de vacances\u00a0\u00bb.\u00a0<\/p>\n<p>\u00a0<\/p>\n<p>\u00a0<\/p>\n","protected":false},"excerpt":{"rendered":"Caroline Basset, DRH de la F\u00e9d\u00e9ration de charit\u00e9 Caritas Alsace, sur BFM Alsace Cr\u00e9dit : Capture \u00e9cran @BFM&hellip;\n","protected":false},"author":2,"featured_media":106053,"comment_status":"","ping_status":"","sticky":false,"template":"","format":"standard","meta":{"footnotes":""},"categories":[2820],"tags":[1111,11,2389,22303,11133,22300,20166,10967,341,1777,674,22302,1011,27,775,22301,12,25,640,3847],"class_list":{"0":"post-106052","1":"post","2":"type-post","3":"status-publish","4":"format-standard","5":"has-post-thumbnail","7":"category-strasbourg","8":"tag-actu","9":"tag-actualites","10":"tag-alsace","11":"tag-associatio","12":"tag-basrhin","13":"tag-caritas","14":"tag-caritatif","15":"tag-charite","16":"tag-emploi","17":"tag-eu","18":"tag-europe","19":"tag-federation","20":"tag-fr","21":"tag-france","22":"tag-grand-est","23":"tag-infirmiers","24":"tag-news","25":"tag-republique-francaise","26":"tag-strasbourg","27":"tag-travail"},"share_on_mastodon":{"url":"https:\/\/pubeurope.com\/@fr\/114521152198889361","error":""},"_links":{"self":[{"href":"https:\/\/www.europesays.com\/fr\/wp-json\/wp\/v2\/posts\/106052","targetHints":{"allow":["GET"]}}],"collection":[{"href":"https:\/\/www.europesays.com\/fr\/wp-json\/wp\/v2\/posts"}],"about":[{"href":"https:\/\/www.europesays.com\/fr\/wp-json\/wp\/v2\/types\/post"}],"author":[{"embeddable":true,"href":"https:\/\/www.europesays.com\/fr\/wp-json\/wp\/v2\/users\/2"}],"replies":[{"embeddable":true,"href":"https:\/\/www.europesays.com\/fr\/wp-json\/wp\/v2\/comments?post=106052"}],"version-history":[{"count":0,"href":"https:\/\/www.europesays.com\/fr\/wp-json\/wp\/v2\/posts\/106052\/revisions"}],"wp:featuredmedia":[{"embeddable":true,"href":"https:\/\/www.europesays.com\/fr\/wp-json\/wp\/v2\/media\/106053"}],"wp:attachment":[{"href":"https:\/\/www.europesays.com\/fr\/wp-json\/wp\/v2\/media?parent=106052"}],"wp:term":[{"taxonomy":"category","embeddable":true,"href":"https:\/\/www.europesays.com\/fr\/wp-json\/wp\/v2\/categories?post=106052"},{"taxonomy":"post_tag","embeddable":true,"href":"https:\/\/www.europesays.com\/fr\/wp-json\/wp\/v2\/tags?post=106052"}],"curies":[{"name":"wp","href":"https:\/\/api.w.org\/{rel}","templated":true}]}}