{"id":10606,"date":"2025-04-08T16:08:22","date_gmt":"2025-04-08T16:08:22","guid":{"rendered":"https:\/\/www.europesays.com\/fr\/10606\/"},"modified":"2025-04-08T16:08:22","modified_gmt":"2025-04-08T16:08:22","slug":"limpressionnant-incendie-qui-a-ravage-un-centre-de-tri-des-dechets","status":"publish","type":"post","link":"https:\/\/www.europesays.com\/fr\/10606\/","title":{"rendered":"l&rsquo;impressionnant incendie qui a ravag\u00e9 un centre de tri des d\u00e9chets"},"content":{"rendered":"<p>            Par<br \/>\n        <strong><br \/>\n            <a href=\"https:\/\/actu.fr\/auteur\/sarah-coulet\" title=\"Consulter tous les articles de Sarah Coulet\" target=\"_blank\" rel=\"noopener\">Sarah Coulet<\/a><br \/>\n        <\/strong><\/p>\n<p>        Publi\u00e9 le<\/p>\n<p>            8 avr. 2025 \u00e0 8h50        <\/p>\n<p>Son panache de fum\u00e9e noire, visible \u00e0 des kilom\u00e8tres \u00e0 la ronde, a \u00e9t\u00e9 immortalis\u00e9 par de nombreux Parisiens. Lundi 7\u00a0avril 2025, aux alentours de 20\u00a0heures, le <strong>centre de tri de collecte s\u00e9lective du Sytcom<\/strong>, boulevard de Douaumont \u00e0 Paris, a \u00e9t\u00e9 <a href=\"https:\/\/actu.fr\/ile-de-france\/paris_75056\/enorme-panache-de-fumee-dans-le-ciel-de-paris-un-incendie-en-cours-dans-le-17e-arrondissement_62479629.html\" target=\"_blank\" rel=\"noopener\">pris dans un \u00e9norme incendie<\/a>.<\/p>\n<p>Plus de 200 pompiers mobilis\u00e9s<\/p>\n<p class=\" wall-content\">Apr\u00e8s plusieurs heures, le feu a \u00e9t\u00e9 circonscrit par les <a href=\"https:\/\/actu.fr\/tag\/brigade-de-sapeurs-pompiers-de-paris\" target=\"_blank\" rel=\"noopener\">sapeurs-pompiers<\/a> peu avant minuit, mais<strong> \u00ab\u00a0n\u2019est pas encore \u00e9teint\u00a0\u00bb<\/strong>. Son intensit\u00e9 est \u00ab\u00a0vraiment r\u00e9duite\u00a0\u00bb, ont pr\u00e9cis\u00e9 les pompiers \u00e0 l\u2019AFP ce mardi 8 avril 2025. \u00ab\u00a0Le feu a \u00e9t\u00e9 r\u00e9duit \u00e0 un espace que l\u2019on conna\u00eet\u00a0\u00bb, ont-ils expliqu\u00e9, avec une intensit\u00e9 \u00ab\u00a0vraiment r\u00e9duite\u00a0\u00bb et \u00ab\u00a0quelques flammes\u00a0\u00bb. Il devrait \u00eatre \u00e9teint \u00ab\u00a0\u00e0 la mi-matin\u00e9e, ou en fin de matin\u00e9e\u00a0\u00bb.\u00a0<\/p>\n<p class=\" wall-content\">\n      <img   decoding=\"async\" loading=\"lazy\" src=\"https:\/\/www.europesays.com\/fr\/wp-content\/uploads\/2025\/04\/img-4104-960x640.jpg\" alt=\"Le feu est circonscrit mais toujours pas \u00e9teint.\" width=\"960\" height=\"640\"\/><br \/>\n    Le feu est circonscrit mais toujours pas \u00e9teint. (\u00a9actu Paris \/ HH)<br \/>\n      <img   decoding=\"async\" loading=\"lazy\" src=\"https:\/\/www.europesays.com\/fr\/wp-content\/uploads\/2025\/04\/img-4108-960x640.jpg\" alt=\"Les sapeurs-pompiers de Paris sont toujours sur place ce mardi 8 avril 2025. \" width=\"960\" height=\"640\"\/><br \/>\n    Les sapeurs-pompiers de Paris sont toujours sur place ce mardi 8 avril 2025. (\u00a9actu Paris \/ HH)<\/p>\n<p class=\" wall-content\">\n<p class=\" wall-content\">Malgr\u00e9 les images impressionnantes, seul <strong>un employ\u00e9 a \u00e9t\u00e9 tr\u00e8s l\u00e9g\u00e8rement bless\u00e9<\/strong>, l\u2019\u00e9vacuation des 35 autres salari\u00e9s pr\u00e9sents sur place ayant pu \u00eatre \u00e9vacu\u00e9s sans accroc.<\/p>\n<p class=\" wall-content\">\n<p class=\" wall-content\">\n<p class=\" wall-content\">\n<p class=\" wall-content\">\n<p class=\" wall-content\">\n<p class=\" wall-content\">\n<p class=\" wall-content\">D\u2019apr\u00e8s les images post\u00e9es sur les r\u00e9seaux sociaux, le panache de fum\u00e9e \u00e9tait visible depuis le <strong>parc naturel r\u00e9gional du Vexin<\/strong>.<\/p>\n<p class=\" wall-content\">\n<p class=\" wall-content\">Une intervention de tr\u00e8s grande ampleur qui a mobilis\u00e9 <strong>60 engins et 200 sapeurs-pompiers<\/strong>. Malgr\u00e9 les moyens d\u00e9ploy\u00e9s, les locaux du Syctom, le service public de traitement et de valorisation des d\u00e9chets m\u00e9nagers de 82 communes en \u00cele-de-France, a \u00e9t\u00e9 en partie d\u00e9truit par les flammes.<\/p>\n<p>Vid\u00e9os : en ce moment sur Actu<\/p>\n<p class=\" wall-content\">\u00ab\u2009Pour l\u2019instant, on ne d\u00e9tecte <strong>aucune toxicit\u00e9<\/strong>. De ce point de vue, les nouvelles sont assez rassurantes mais on a quand m\u00eame d\u00e9fini un p\u00e9rim\u00e8tre par pr\u00e9caution\u2009\u00bb, a expliqu\u00e9 le pr\u00e9fet de police.<\/p>\n<p class=\" wall-content\">Quatre-vingt pompiers sont encore sur place, le dispositif de surveillance est maintenu et le <strong>p\u00e9rim\u00e8tre de s\u00e9curit\u00e9<\/strong> n\u2019est pas encore lev\u00e9.<\/p>\n<p class=\" wall-content\">Suivez toute l\u2019actualit\u00e9 de vos villes et m\u00e9dias favoris en vous inscrivant \u00e0 <a href=\"https:\/\/moncompte.actu.fr\" title=\"D\u00e9couvez Mon Actu\" rel=\"nofollow noopener\" data-trk=\"{&quot;cta&quot;:{&quot;action&quot;:&quot;https:\\\/\\\/moncompte.actu.fr&quot;,&quot;category&quot;:&quot;mon compte&quot;,&quot;from&quot;:&quot;article footer&quot;,&quot;name&quot;:&quot;Mon actu&quot;,&quot;type&quot;:&quot;cta&quot;}}\" target=\"_blank\">Mon Actu<\/a>.<\/p>\n","protected":false},"excerpt":{"rendered":"Par Sarah Coulet Publi\u00e9 le 8 avr. 2025 \u00e0 8h50 Son panache de fum\u00e9e noire, visible \u00e0 des&hellip;\n","protected":false},"author":2,"featured_media":10607,"comment_status":"","ping_status":"","sticky":false,"template":"","format":"standard","meta":{"footnotes":""},"categories":[1888],"tags":[1111,1928,11,1927,3056,3008,1777,674,118,1011,27,1310,12,1926,626,1925,25],"class_list":{"0":"post-10606","1":"post","2":"type-post","3":"status-publish","4":"format-standard","5":"has-post-thumbnail","7":"category-paris","8":"tag-actu","9":"tag-actu-paris","10":"tag-actualites","11":"tag-actualites-paris","12":"tag-brigade-de-sapeurs-pompiers-de-paris","13":"tag-dechets","14":"tag-eu","15":"tag-europe","16":"tag-faits-divers","17":"tag-fr","18":"tag-france","19":"tag-incendie","20":"tag-news","21":"tag-news-paris","22":"tag-paris","23":"tag-paris-news","24":"tag-republique-francaise"},"share_on_mastodon":{"url":"https:\/\/pubeurope.com\/@fr\/114303212296955490","error":""},"_links":{"self":[{"href":"https:\/\/www.europesays.com\/fr\/wp-json\/wp\/v2\/posts\/10606","targetHints":{"allow":["GET"]}}],"collection":[{"href":"https:\/\/www.europesays.com\/fr\/wp-json\/wp\/v2\/posts"}],"about":[{"href":"https:\/\/www.europesays.com\/fr\/wp-json\/wp\/v2\/types\/post"}],"author":[{"embeddable":true,"href":"https:\/\/www.europesays.com\/fr\/wp-json\/wp\/v2\/users\/2"}],"replies":[{"embeddable":true,"href":"https:\/\/www.europesays.com\/fr\/wp-json\/wp\/v2\/comments?post=10606"}],"version-history":[{"count":0,"href":"https:\/\/www.europesays.com\/fr\/wp-json\/wp\/v2\/posts\/10606\/revisions"}],"wp:featuredmedia":[{"embeddable":true,"href":"https:\/\/www.europesays.com\/fr\/wp-json\/wp\/v2\/media\/10607"}],"wp:attachment":[{"href":"https:\/\/www.europesays.com\/fr\/wp-json\/wp\/v2\/media?parent=10606"}],"wp:term":[{"taxonomy":"category","embeddable":true,"href":"https:\/\/www.europesays.com\/fr\/wp-json\/wp\/v2\/categories?post=10606"},{"taxonomy":"post_tag","embeddable":true,"href":"https:\/\/www.europesays.com\/fr\/wp-json\/wp\/v2\/tags?post=10606"}],"curies":[{"name":"wp","href":"https:\/\/api.w.org\/{rel}","templated":true}]}}