{"id":106060,"date":"2025-05-17T03:58:17","date_gmt":"2025-05-17T03:58:17","guid":{"rendered":"https:\/\/www.europesays.com\/fr\/106060\/"},"modified":"2025-05-17T03:58:17","modified_gmt":"2025-05-17T03:58:17","slug":"ukraine-nantes-metropole-et-saint-nazaire-agglo-signent-un-partenariat-avec-kherson","status":"publish","type":"post","link":"https:\/\/www.europesays.com\/fr\/106060\/","title":{"rendered":"Ukraine. Nantes M\u00e9tropole et Saint-Nazaire Agglo signent un partenariat avec Kherson"},"content":{"rendered":"<p>Nantes M\u00e9tropole et Saint-Nazaire Agglo ont sign\u00e9 un partenariat avec la Ville ukrainienne de Kherson. Un acte de solidarit\u00e9 avec cette ville martyre de la guerre et un engagement sur de futures coop\u00e9rations.<\/p>\n<p>Les partenaires soutiendront notamment la reconstruction et le d\u00e9veloppement \u00e9conomique de la ville ukrainienne situ\u00e9e dans l\u2019estuaire du Dniepr. Un appui sera apport\u00e9 \u00e0 la reconstruction des infrastructures de gestion de l\u2019eau et de l\u2019assainissement lourdement touch\u00e9es par les bombardements russes. <\/p>\n<p>\u00ab\u00a0En ces temps difficiles, ce geste fort et symbolique a pour nous une immense importance. Les habitants de Kherson restent in\u00e9branlables. Nous souhaitons vraiment vous montrer \u00e0 quel point Kherson peut \u00eatre une ville partenaire int\u00e9ressante, unique et pleine de potentiel. Ce partenariat est donc bien plus qu\u2019une formalit\u00e9. C\u2019est une alliance entre les courageux et les in\u00e9branlables. Et j\u2019esp\u00e8re de tout c\u0153ur qu\u2019un jour prochain, apr\u00e8s notre victoire, lorsque l\u2019Ukraine aura obtenu une paix juste, je pourrai vous accueillir \u00e0 Kherson libre et renaissante\u00ab\u00a0, a d\u00e9clar\u00e9 Vitalii Bielobrov, vice-maire de Kherson.<\/p>\n<p>Pour David Samzun, pr\u00e9sident de Saint-Nazaire Agglo, \u00ab\u00a0ce partenariat est bien plus qu\u2019un geste symbolique : c\u2019est un acte de solidarit\u00e9 concr\u00e8te, de responsabilit\u00e9 europ\u00e9enne et d\u2019engagement pour la paix. En apportant notre soutien, nous affirmons qu\u2019il n\u2019y a pas de petites solidarit\u00e9s, seulement des actes concrets pour faire vivre nos valeurs communes.\u00a0\u00bb\u00a0<\/p>\n<p><strong>L\u2019info en plus\u00a0<\/strong><\/p>\n<ul class=\"wp-block-list\">\n<li>Une d\u00e9l\u00e9gation ukrainienne participe ce vendredi 16 mai \u00e0 Cordemais \u00e0 la journ\u00e9e de r\u00e9flexion sur les estuaires organis\u00e9e par le p\u00f4le m\u00e9tropolitain de Nantes-Saint-Nazaire. <\/li>\n<\/ul>\n","protected":false},"excerpt":{"rendered":"Nantes M\u00e9tropole et Saint-Nazaire Agglo ont sign\u00e9 un partenariat avec la Ville ukrainienne de Kherson. Un acte de&hellip;\n","protected":false},"author":2,"featured_media":106061,"comment_status":"","ping_status":"","sticky":false,"template":"","format":"standard","meta":{"footnotes":""},"categories":[2818],"tags":[1111,11,1777,674,1011,27,766,12,2636,25],"class_list":{"0":"post-106060","1":"post","2":"type-post","3":"status-publish","4":"format-standard","5":"has-post-thumbnail","7":"category-nantes","8":"tag-actu","9":"tag-actualites","10":"tag-eu","11":"tag-europe","12":"tag-fr","13":"tag-france","14":"tag-nantes","15":"tag-news","16":"tag-pays-de-la-loire","17":"tag-republique-francaise"},"share_on_mastodon":{"url":"https:\/\/pubeurope.com\/@fr\/114521171813259780","error":""},"_links":{"self":[{"href":"https:\/\/www.europesays.com\/fr\/wp-json\/wp\/v2\/posts\/106060","targetHints":{"allow":["GET"]}}],"collection":[{"href":"https:\/\/www.europesays.com\/fr\/wp-json\/wp\/v2\/posts"}],"about":[{"href":"https:\/\/www.europesays.com\/fr\/wp-json\/wp\/v2\/types\/post"}],"author":[{"embeddable":true,"href":"https:\/\/www.europesays.com\/fr\/wp-json\/wp\/v2\/users\/2"}],"replies":[{"embeddable":true,"href":"https:\/\/www.europesays.com\/fr\/wp-json\/wp\/v2\/comments?post=106060"}],"version-history":[{"count":0,"href":"https:\/\/www.europesays.com\/fr\/wp-json\/wp\/v2\/posts\/106060\/revisions"}],"wp:featuredmedia":[{"embeddable":true,"href":"https:\/\/www.europesays.com\/fr\/wp-json\/wp\/v2\/media\/106061"}],"wp:attachment":[{"href":"https:\/\/www.europesays.com\/fr\/wp-json\/wp\/v2\/media?parent=106060"}],"wp:term":[{"taxonomy":"category","embeddable":true,"href":"https:\/\/www.europesays.com\/fr\/wp-json\/wp\/v2\/categories?post=106060"},{"taxonomy":"post_tag","embeddable":true,"href":"https:\/\/www.europesays.com\/fr\/wp-json\/wp\/v2\/tags?post=106060"}],"curies":[{"name":"wp","href":"https:\/\/api.w.org\/{rel}","templated":true}]}}