{"id":106066,"date":"2025-05-17T04:01:12","date_gmt":"2025-05-17T04:01:12","guid":{"rendered":"https:\/\/www.europesays.com\/fr\/106066\/"},"modified":"2025-05-17T04:01:12","modified_gmt":"2025-05-17T04:01:12","slug":"a-toulouse-des-soignants-en-rea-pediatrique-alertent","status":"publish","type":"post","link":"https:\/\/www.europesays.com\/fr\/106066\/","title":{"rendered":"\u00e0 Toulouse, des soignants en r\u00e9a p\u00e9diatrique alertent"},"content":{"rendered":"<p>            Par<br \/>\n        <strong><br \/>\n            <a href=\"https:\/\/actu.fr\/auteur\/lucie-2\" title=\"Consulter tous les articles de Lucie Fraisse\" rel=\"nofollow noopener\" target=\"_blank\">Lucie Fraisse<\/a><br \/>\n        <\/strong><\/p>\n<p>        Publi\u00e9 le<\/p>\n<p>            16 mai 2025 \u00e0 16h21        <\/p>\n<p>Un pr\u00e9avis de gr\u00e8ve vient d\u2019\u00eatre d\u00e9pos\u00e9 par des personnels param\u00e9dicaux (infirmi\u00e8res pu\u00e9ricultrices et auxiliaires de pu\u00e9riculture) du service de r\u00e9animation p\u00e9diatrique et de n\u00e9onatale du <a href=\"https:\/\/actu.fr\/tag\/chu-de-toulouse\" rel=\"nofollow noopener\" target=\"_blank\">CHU de Toulouse<\/a>. Les soignants d\u00e9noncent une<strong> \u00ab\u00a0d\u00e9gradation alarmante\u00a0\u00bb de leurs conditions de travail<\/strong>.\u00a0<\/p>\n<p>Un service de pointe\u00a0<\/p>\n<p class=\" wall-content\">\u00ab\u00a0On se mobilise parce qu\u2019apr\u00e8s plusieurs rendez-vous avec la hi\u00e9rarchie, on n\u2019obtient pas satisfaction, souffle Pauline, l\u2019une des infirmi\u00e8res pu\u00e9ricultrices du service. On a le sentiment que si on ne fait pas ce mouvement, on va continuer \u00e0 gal\u00e9rer dans le service.\u00a0\u00bb<\/p>\n<p>1100 enfants accueillis chaque ann\u00e9e\u00a0<\/p>\n<p class=\" wall-content\">Le service de r\u00e9animation p\u00e9diatrique et n\u00e9onatale est situ\u00e9 \u00e0 <strong>Purpan<\/strong>, \u00e0 l\u2019h\u00f4pital des enfants. Un service de pointe, qui accueille en soins intensifs des enfants de 0 \u00e0 18 ans venus de toute l\u2019ex-r\u00e9gion Midi-Pyr\u00e9n\u00e9es, dans des situations d\u2019extr\u00eame urgence. 1100 enfants y sont accueillis chaque ann\u00e9e par les 102 auxiliaires de pu\u00e9riculture et infirmi\u00e8res pu\u00e9ricultrices qui travaillent autour des 22 lits du service.<\/p>\n<p class=\" wall-content\"><strong>Un service dit \u00ab\u00a0norm\u00e9\u00a0\u00bb<\/strong>. Son fonctionnement est balis\u00e9 par des textes de lois qui d\u00e9finissent l\u2019encadrement par enfant : soit une pu\u00e9ricultrice pour deux enfants en r\u00e9animation n\u00e9onatale et une pu\u00e9ricultrice pour deux enfants en r\u00e9animation p\u00e9diatrique et une auxiliaire de pu\u00e9riculture pour 4 enfants. Et ce 24 h\/24 et sept jours sur sept.\u00a0<\/p>\n<p class=\" wall-content\">\u00ab\u00a0Au CHU de Toulouse, <strong>on a d\u00e9cid\u00e9 d\u2019aller au-del\u00e0 de ces normes<\/strong>, souligne Sarah Viguier, directrice du site Purpan et du p\u00f4le p\u00e9diatrie. On a rajout\u00e9 deux pu\u00e9ricultrices en journ\u00e9e et deux auxiliaires de pu\u00e9riculture, pour des missions sp\u00e9cifiques comme la logistique et l\u2019accueil. Et<strong> toute absence est remplac\u00e9e, c\u2019est la r\u00e8gle<\/strong>.\u00a0\u00bb<\/p>\n<p>Vid\u00e9os : en ce moment sur ActuDes recrutements r\u00e9clam\u00e9s<\/p>\n<p class=\" wall-content\">Mais depuis plusieurs mois, des soignants signalent leur \u00e9puisement.<\/p>\n<p class=\" wall-content\">\u00ab\u00a0On se retrouve tr\u00e8s r\u00e9guli\u00e8rement avec pas assez d\u2019auxiliaires de pu\u00e9riculture en poste, assure Pauline. Il y a des renforts avec le pool de l\u2019h\u00f4pital des enfants, mais il n\u2019y a pas que le service r\u00e9animation \u00e0 soulager. Et puis le CHU de Toulouse pr\u00f4ne la mobilit\u00e9 entre les services, mais <strong>la r\u00e9animation, c\u2019est vraiment tr\u00e8s sp\u00e9cifique<\/strong>. Pour nous, il faut recruter <strong>six \u00e9quivalents temps plein d\u2019auxiliaires de pu\u00e9riculture<\/strong> pour pouvoir bien fonctionner.\u00a0\u00bb<\/p>\n<p class=\" wall-content\">Les personnels param\u00e9dicaux de la r\u00e9animation p\u00e9diatrique r\u00e9clament aussi l\u2019embauche de leurs coll\u00e8gues en CDD.\u00a0<\/p>\n<p>\u00ab\u00a0L\u2019\u00e9puisement s\u2019installe\u00a0\u00bb<\/p>\n<blockquote class=\"ac-article-quote wall-content\">\n<p>On est tr\u00e8s au courant des restrictions budg\u00e9taires dans le domaine de la sant\u00e9. Mais l\u00e0 on tire sur la corde, l\u2019\u00e9puisement s\u2019installe. Le sentiment du travail mal fait nous ronge. Et avec lui, la peur : celle de ne plus pouvoir garantir la qualit\u00e9 et la s\u00e9curit\u00e9 des soins pour nos jeunes patients. Heureusement qu&rsquo;on a les retours positifs des enfants et des familles.<\/p>\n<p>    <strong>Pauline<\/strong><br \/>\n        Infirmi\u00e8re en r\u00e9a p\u00e9diatrique et n\u00e9onatale    <\/p><\/blockquote>\n<p>Rencontres avec la direction<\/p>\n<p class=\" wall-content\">La direction du <strong>CHU de Toulouse<\/strong> a rencontr\u00e9 \u00e0 plusieurs reprises les \u00e9quipes de r\u00e9animation p\u00e9diatriques et n\u00e9onatales. \u00ab\u00a0On comprend les inqui\u00e9tudes de cette \u00e9quipe qui se donne \u00e0 300 %, souffle Sarah Viguier. La r\u00e9animation p\u00e9diatrique, ce n\u2019est pas n\u2019importe quelle \u00e9quipe, ce sont des professionnels extraordinaires, vraiment des experts.\u00a0\u00bb<\/p>\n<p class=\" wall-content\">Le CHU de Toulouse s\u2019est engag\u00e9 pour le moment au recrutement de deux \u00e9quivalents temps plein d\u2019auxiliaires de pu\u00e9ricultrice \u00ab\u00a0de mani\u00e8re imminente\u00a0\u00bb et fait part de son intention \u00ab\u00a0de maintenir un dialogue r\u00e9gulier, ouvert et constructif et de soutenir l\u2019ensemble des professionnels\u00a0\u00bb.<\/p>\n<p>Une vid\u00e9o devenue virale\u00a0<\/p>\n<p class=\" wall-content\">Pour faire conna\u00eetre leur combat, infirmi\u00e8res et auxiliaires de pu\u00e9ricultrices ont tourn\u00e9 une vid\u00e9o publi\u00e9e sur les r\u00e9seaux sociaux. Partag\u00e9e par des personnalit\u00e9s influentes, comme la romanci\u00e8re<strong> Virgine Grimaldi<\/strong> dont l\u2019un des enfants est pass\u00e9 en r\u00e9animation (dans un autre h\u00f4pital), elle est vite devenue virale.<\/p>\n<p class=\" wall-content\"><a href=\"https:\/\/www.instagram.com\/p\/DJrAbwLMEcO\/embed\" title=\"Ouvrir le lien sur Instagram\" rel=\"nofollow noopener\" target=\"_blank\">Visualiser le contenu sur Instagram<\/a><\/p>\n<p class=\" wall-content\">Localement, les infirmi\u00e8res et auxiliaires de pu\u00e9riculture se mobiliseront mercredi prochain. En gr\u00e8ve, elles continueront tout de m\u00eame \u00e0 travailler. Un rassemblement est tout de m\u00eame pr\u00e9vu \u00e0 9 heures, devant l\u2019h\u00f4pital des enfants.<\/p>\n<p class=\" wall-content\">Suivez toute l\u2019actualit\u00e9 de vos villes et m\u00e9dias favoris en vous inscrivant \u00e0 <a href=\"https:\/\/moncompte.actu.fr\" title=\"D\u00e9couvez Mon Actu\" rel=\"nofollow noopener\" data-trk=\"{&quot;cta&quot;:{&quot;action&quot;:&quot;https:\\\/\\\/moncompte.actu.fr&quot;,&quot;category&quot;:&quot;mon compte&quot;,&quot;from&quot;:&quot;article footer&quot;,&quot;name&quot;:&quot;Mon actu&quot;,&quot;type&quot;:&quot;cta&quot;}}\" target=\"_blank\">Mon Actu<\/a>.<\/p>\n<p>                    <script async src=\"\/\/www.instagram.com\/embed.js\"><\/script><\/p>\n","protected":false},"excerpt":{"rendered":"Par Lucie Fraisse Publi\u00e9 le 16 mai 2025 \u00e0 16h21 Un pr\u00e9avis de gr\u00e8ve vient d\u2019\u00eatre d\u00e9pos\u00e9 par&hellip;\n","protected":false},"author":2,"featured_media":106067,"comment_status":"","ping_status":"","sticky":false,"template":"","format":"standard","meta":{"footnotes":""},"categories":[2816],"tags":[1111,11,2630,1777,674,1011,27,12,2680,25,71,104,2312],"class_list":{"0":"post-106066","1":"post","2":"type-post","3":"status-publish","4":"format-standard","5":"has-post-thumbnail","7":"category-toulouse","8":"tag-actu","9":"tag-actualites","10":"tag-chu-de-toulouse","11":"tag-eu","12":"tag-europe","13":"tag-fr","14":"tag-france","15":"tag-news","16":"tag-occitanie","17":"tag-republique-francaise","18":"tag-sante","19":"tag-societe","20":"tag-toulouse"},"share_on_mastodon":{"url":"https:\/\/pubeurope.com\/@fr\/114521183546010305","error":""},"_links":{"self":[{"href":"https:\/\/www.europesays.com\/fr\/wp-json\/wp\/v2\/posts\/106066","targetHints":{"allow":["GET"]}}],"collection":[{"href":"https:\/\/www.europesays.com\/fr\/wp-json\/wp\/v2\/posts"}],"about":[{"href":"https:\/\/www.europesays.com\/fr\/wp-json\/wp\/v2\/types\/post"}],"author":[{"embeddable":true,"href":"https:\/\/www.europesays.com\/fr\/wp-json\/wp\/v2\/users\/2"}],"replies":[{"embeddable":true,"href":"https:\/\/www.europesays.com\/fr\/wp-json\/wp\/v2\/comments?post=106066"}],"version-history":[{"count":0,"href":"https:\/\/www.europesays.com\/fr\/wp-json\/wp\/v2\/posts\/106066\/revisions"}],"wp:featuredmedia":[{"embeddable":true,"href":"https:\/\/www.europesays.com\/fr\/wp-json\/wp\/v2\/media\/106067"}],"wp:attachment":[{"href":"https:\/\/www.europesays.com\/fr\/wp-json\/wp\/v2\/media?parent=106066"}],"wp:term":[{"taxonomy":"category","embeddable":true,"href":"https:\/\/www.europesays.com\/fr\/wp-json\/wp\/v2\/categories?post=106066"},{"taxonomy":"post_tag","embeddable":true,"href":"https:\/\/www.europesays.com\/fr\/wp-json\/wp\/v2\/tags?post=106066"}],"curies":[{"name":"wp","href":"https:\/\/api.w.org\/{rel}","templated":true}]}}