{"id":106072,"date":"2025-05-17T04:05:11","date_gmt":"2025-05-17T04:05:11","guid":{"rendered":"https:\/\/www.europesays.com\/fr\/106072\/"},"modified":"2025-05-17T04:05:11","modified_gmt":"2025-05-17T04:05:11","slug":"vers-un-nouveau-reseau-dobservateurs-en-mer","status":"publish","type":"post","link":"https:\/\/www.europesays.com\/fr\/106072\/","title":{"rendered":"Vers un nouveau r\u00e9seau d\u2019observateurs en mer"},"content":{"rendered":"\n<p>C\u2019est parti\u00a0! Mercredi 14\u00a0mai \u00e0 la base nautique, \u00ab\u00a0une quinzaine d\u2019\u00e9cogardes du Parc national des Calanques, la directrice du port de Cassis et la police nautique cassidenne ont \u00e9t\u00e9 form\u00e9s \u00e0 l\u2019utilisation de l\u2019application Donia\u00a0\u00bb, pr\u00e9sente Alain Matesi. Par le biais de cet outil, le pr\u00e9sident de l\u2019asso CoLLecT-IF \u00ab\u00a0initie et coordonne le d\u00e9veloppement du projet les Sentinelles de la mer M\u00e9diterran\u00e9e (LSMM)\u00a0\u00bb.<\/p>\n<p> Une zone pilote cr\u00e9\u00e9e\n              <\/p>\n<p>Donia, dot\u00e9 d\u2019un acc\u00e8s premium gratuit et d\u2019un outil de photo-identification pourra \u00eatre utilis\u00e9e \u00ab\u00a0par des observateurs b\u00e9n\u00e9voles. L\u2019objectif pour cette ann\u00e9e est de construire, cr\u00e9er et animer un r\u00e9seau de plaisanciers volontaires pour enregistrer sur une plateforme collaborative, \u00e0 partir de cette application, les observations de surface en mer et sensibiliser le plaisancier et le grand public. Elle concerne tous les types d\u2019observations : mammif\u00e8res marins, tortues marines, poissons, oiseaux, mais aussi les activit\u00e9s humaines, telles que la plaisance, la p\u00eache, les pollutions, les hydrocarbures, les macrod\u00e9chets\u00a0\u00bb, d\u00e9veloppe le pr\u00e9sident de l\u2019association. Il s\u2019agit, dit-il, \u00ab\u00a0de valoriser la simple sortie en mer et la rendre utile\u00a0\u00bb.<\/p>\n<p>Soutenu par l\u2019Agence de l\u2019eau Rh\u00f4ne M\u00e9diterran\u00e9e Corse, la Ville de La Ciotat, le service Mer, l\u2019Observatoire de l\u2019environnement et le Parc national des Calanques, le projet de r\u00e9seau \u00ab\u00a0qui entre \u00e9galement dans le dispositif de Natura 2000 en mer, avec le concours des laboratoires scientifiques et des gestionnaires des espaces naturels est \u00e0 construire et \u00e0 structurer en zones g\u00e9ographiques, \u00e0 terme sur l\u2019ensemble de la M\u00e9diterran\u00e9e, avec des centaines d\u2019observateurs volontaires et engag\u00e9s en mer ! Avec une possibilit\u00e9 de diff\u00e9rents niveaux d\u2019observations et des protocoles scientifiques sp\u00e9cifiques \u00e0 la demande\u00a0\u00bb. En ce mois de mai, les Sentinelles de la mer se d\u00e9ploient sur une zone pilote, bassin de navigation test, sur la baie de La Ciotat et St-Cyr jusqu\u2019aux Embiez et sur les calanques du Parc national des Calanques.<\/p>\n","protected":false},"excerpt":{"rendered":"C\u2019est parti\u00a0! Mercredi 14\u00a0mai \u00e0 la base nautique, \u00ab\u00a0une quinzaine d\u2019\u00e9cogardes du Parc national des Calanques, la directrice&hellip;\n","protected":false},"author":2,"featured_media":106073,"comment_status":"","ping_status":"","sticky":false,"template":"","format":"standard","meta":{"footnotes":""},"categories":[2814],"tags":[1111,11,1777,674,1011,27,884,6127,12,882,25],"class_list":{"0":"post-106072","1":"post","2":"type-post","3":"status-publish","4":"format-standard","5":"has-post-thumbnail","7":"category-marseille","8":"tag-actu","9":"tag-actualites","10":"tag-eu","11":"tag-europe","12":"tag-fr","13":"tag-france","14":"tag-marseille","15":"tag-mer","16":"tag-news","17":"tag-provence-alpes-cote-dazur","18":"tag-republique-francaise"},"share_on_mastodon":{"url":"https:\/\/pubeurope.com\/@fr\/114521199278634212","error":""},"_links":{"self":[{"href":"https:\/\/www.europesays.com\/fr\/wp-json\/wp\/v2\/posts\/106072","targetHints":{"allow":["GET"]}}],"collection":[{"href":"https:\/\/www.europesays.com\/fr\/wp-json\/wp\/v2\/posts"}],"about":[{"href":"https:\/\/www.europesays.com\/fr\/wp-json\/wp\/v2\/types\/post"}],"author":[{"embeddable":true,"href":"https:\/\/www.europesays.com\/fr\/wp-json\/wp\/v2\/users\/2"}],"replies":[{"embeddable":true,"href":"https:\/\/www.europesays.com\/fr\/wp-json\/wp\/v2\/comments?post=106072"}],"version-history":[{"count":0,"href":"https:\/\/www.europesays.com\/fr\/wp-json\/wp\/v2\/posts\/106072\/revisions"}],"wp:featuredmedia":[{"embeddable":true,"href":"https:\/\/www.europesays.com\/fr\/wp-json\/wp\/v2\/media\/106073"}],"wp:attachment":[{"href":"https:\/\/www.europesays.com\/fr\/wp-json\/wp\/v2\/media?parent=106072"}],"wp:term":[{"taxonomy":"category","embeddable":true,"href":"https:\/\/www.europesays.com\/fr\/wp-json\/wp\/v2\/categories?post=106072"},{"taxonomy":"post_tag","embeddable":true,"href":"https:\/\/www.europesays.com\/fr\/wp-json\/wp\/v2\/tags?post=106072"}],"curies":[{"name":"wp","href":"https:\/\/api.w.org\/{rel}","templated":true}]}}