{"id":106076,"date":"2025-05-17T04:07:09","date_gmt":"2025-05-17T04:07:09","guid":{"rendered":"https:\/\/www.europesays.com\/fr\/106076\/"},"modified":"2025-05-17T04:07:09","modified_gmt":"2025-05-17T04:07:09","slug":"des-reperages-effectues-a-lyon","status":"publish","type":"post","link":"https:\/\/www.europesays.com\/fr\/106076\/","title":{"rendered":"des rep\u00e9rages effectu\u00e9s \u00e0 Lyon"},"content":{"rendered":"<p>Le biopic a d\u00e9cid\u00e9ment le vent en poupe. Le r\u00e9alisateur hongrois L\u00e1szl\u00f3 Nemes signe son grand retour avec un film consacr\u00e9 \u00e0 <a href=\"https:\/\/www.leprogres.fr\/societe\/2023\/06\/07\/jean-moulin-l-inconnu-de-lyon-un-hors-serie-du-progres\" target=\"_blank\" rel=\"nofollow noopener\">Jean Moulin, figure majeure de la R\u00e9sistance fran\u00e7aise<\/a> et arr\u00eat\u00e9 en r\u00e9gion lyonnaise en 1943. Une nouvelle incursion dans la Seconde Guerre mondiale pour le cin\u00e9aste, apr\u00e8s le succ\u00e8s international du <a href=\"https:\/\/www.leprogres.fr\/sortir\/2015\/11\/04\/le-fils-de-saul-un-grand-film-choc-radical-et-dechirant-sur-l-enfer-des-crematoires\" target=\"_blank\" rel=\"nofollow noopener\"> Fils de Saul<\/a> (Grand Prix \u00e0 Cannes en 2015 et Oscar du meilleur film en langue \u00e9trang\u00e8re en 2016).<\/p>\n<p>  Lars Eidinger pour interpr\u00e9ter Klaus Barbie<\/p>\n<p>Dans un entretien accord\u00e9 au magazine am\u00e9ricain <a href=\"https:\/\/variety.com\/2025\/film\/news\/laszlo-nemes-jean-moulin-gilles-lellouche-lars-eidinger-1236393013\/\" target=\"_blank\" rel=\"nofollow noopener\">Variety<\/a> , Nemes expliquait vouloir, avec ce projet, \u00ab\u00a0mettre en lumi\u00e8re l\u2019horreur dont l\u2019\u00eatre humain est capable\u00a0\u00bb.<\/p>\n<p>C\u00f4t\u00e9 casting, le producteur Alain Goldman <a href=\"https:\/\/ecran-total.fr\/2025\/02\/20\/grand-entretien-alain-goldman-legende-films-le-financement-nest-jamais-facile-il-est-plus-ou-moins-difficile\/?srsltid=AfmBOoqaEflQZCKFNB6N8RVsffqUUXdxYoUy7URdNLjlUZNpqDif6vWj\" target=\"_blank\" rel=\"nofollow noopener\"> r\u00e9v\u00e9lait en f\u00e9vrier dans \u00c9cran Total<\/a> que <a href=\"https:\/\/www.google.com\/url?sa=t&amp;rct=j&amp;q=&amp;esrc=s&amp;source=web&amp;cd=&amp;cad=rja&amp;uact=8&amp;ved=2ahUKEwjV9ZyI-KeNAxVxRKQEHdC5EIAQFnoECBYQAQ&amp;url=https%3A%2F%2Fwww.leprogres.fr%2Fculture-loisirs%2F2022%2F03%2F08%2Fgilles-lellouche-je-suis-un-citoyen-concerne&amp;usg=AOvVaw1P0K8j5gO9CUBEUNMg64Ew&amp;opi=89978449\" target=\"_blank\" rel=\"nofollow noopener\">Gilles Lellouche<\/a> pr\u00eatera ses traits \u00e0 Jean Moulin. Le r\u00f4le de<a href=\"https:\/\/www.google.com\/url?sa=t&amp;rct=j&amp;q=&amp;esrc=s&amp;source=web&amp;cd=&amp;cad=rja&amp;uact=8&amp;ved=2ahUKEwj-9POR-KeNAxUtVKQEHbRrLpYQFnoECBgQAQ&amp;url=https%3A%2F%2Fwww.leprogres.fr%2Fsociete%2F2025%2F05%2F04%2Fj-ai-essaye-de-le-retourner-mais-je-n-y-arrivais-pas-les-derniers-secrets-de-klaus-barbie-sur-la-mort-de-jean-moulin&amp;usg=AOvVaw30DTaGxPTMpbjNE4oQeHaI&amp;opi=89978449\" target=\"_blank\" rel=\"nofollow noopener\"> Klaus Barbie, chef de la Gestapo lyonnaise<\/a>, sera quant \u00e0 lui interpr\u00e9t\u00e9 par l\u2019acteur allemand Lars Eidinger (Babylon Berlin, Un week-end en famille\u2026).<\/p>\n<p>  Pas de date de tournage<\/p>\n<p>Un tournage \u00e0 Lyon n\u2019est pas confirm\u00e9, mais aurait tout son sens, tant le lien entre Jean Moulin et la ville est fort. Le M\u00e9morial de la prison de Montluc, o\u00f9 il a \u00e9t\u00e9 emprisonn\u00e9 apr\u00e8s son arrestation, indique au Progr\u00e8s avoir re\u00e7u l\u2019\u00e9quipe du film en rep\u00e9rage il y a quelques mois, en pr\u00e9sence de L\u00e1szl\u00f3 Nemes. Des informations historiques sur le fonctionnement de la prison sous l\u2019Occupation et sur l\u2019internement du r\u00e9sistant ont \u00e9t\u00e9 transmises \u00e0 l\u2019\u00e9quipe.<\/p>\n<p>Le film, qui devrait s\u2019appeler Moulin, sera pr\u00e9sent\u00e9 aux acheteurs lors du prochain march\u00e9 du film de Cannes. Aucune date de tournage n\u2019a encore \u00e9t\u00e9 annonc\u00e9e.<\/p>\n","protected":false},"excerpt":{"rendered":"Le biopic a d\u00e9cid\u00e9ment le vent en poupe. Le r\u00e9alisateur hongrois L\u00e1szl\u00f3 Nemes signe son grand retour avec&hellip;\n","protected":false},"author":2,"featured_media":106077,"comment_status":"","ping_status":"","sticky":false,"template":"","format":"standard","meta":{"footnotes":""},"categories":[1889],"tags":[1111,11,2430,650,1687,2757,1777,674,107,1011,27,2428,2756,12,25,2429],"class_list":{"0":"post-106076","1":"post","2":"type-post","3":"status-publish","4":"format-standard","5":"has-post-thumbnail","7":"category-lyon","8":"tag-actu","9":"tag-actualites","10":"tag-auvergne-rhone-alpes","11":"tag-cinema","12":"tag-culture-loisirs","13":"tag-edition-lyon-villeurbanne","14":"tag-eu","15":"tag-europe","16":"tag-fil-info","17":"tag-fr","18":"tag-france","19":"tag-lyon","20":"tag-lyon-bassin","21":"tag-news","22":"tag-republique-francaise","23":"tag-rhone"},"share_on_mastodon":{"url":"https:\/\/pubeurope.com\/@fr\/114521207226321675","error":""},"_links":{"self":[{"href":"https:\/\/www.europesays.com\/fr\/wp-json\/wp\/v2\/posts\/106076","targetHints":{"allow":["GET"]}}],"collection":[{"href":"https:\/\/www.europesays.com\/fr\/wp-json\/wp\/v2\/posts"}],"about":[{"href":"https:\/\/www.europesays.com\/fr\/wp-json\/wp\/v2\/types\/post"}],"author":[{"embeddable":true,"href":"https:\/\/www.europesays.com\/fr\/wp-json\/wp\/v2\/users\/2"}],"replies":[{"embeddable":true,"href":"https:\/\/www.europesays.com\/fr\/wp-json\/wp\/v2\/comments?post=106076"}],"version-history":[{"count":0,"href":"https:\/\/www.europesays.com\/fr\/wp-json\/wp\/v2\/posts\/106076\/revisions"}],"wp:featuredmedia":[{"embeddable":true,"href":"https:\/\/www.europesays.com\/fr\/wp-json\/wp\/v2\/media\/106077"}],"wp:attachment":[{"href":"https:\/\/www.europesays.com\/fr\/wp-json\/wp\/v2\/media?parent=106076"}],"wp:term":[{"taxonomy":"category","embeddable":true,"href":"https:\/\/www.europesays.com\/fr\/wp-json\/wp\/v2\/categories?post=106076"},{"taxonomy":"post_tag","embeddable":true,"href":"https:\/\/www.europesays.com\/fr\/wp-json\/wp\/v2\/tags?post=106076"}],"curies":[{"name":"wp","href":"https:\/\/api.w.org\/{rel}","templated":true}]}}