{"id":1060835,"date":"2026-07-12T22:16:25","date_gmt":"2026-07-12T22:16:25","guid":{"rendered":"https:\/\/www.europesays.com\/fr\/1060835\/"},"modified":"2026-07-12T22:16:25","modified_gmt":"2026-07-12T22:16:25","slug":"incendie-meurtrier-en-espagne-la-francaise-disparue-est-une-vauclusienne-enseignante-a-sorgues","status":"publish","type":"post","link":"https:\/\/www.europesays.com\/fr\/1060835\/","title":{"rendered":"Incendie meurtrier en Espagne : la Fran\u00e7aise disparue est une Vauclusienne, enseignante \u00e0 Sorgues"},"content":{"rendered":"<p>La Vauclusienne reste introuvable depuis plusieurs jours. St\u00e9phanie Navarro, professeure de math\u00e9matique au coll\u00e8ge priv\u00e9 Marie-Rivier, \u00e0\u00a0<a href=\"https:\/\/www.laprovence.com\/vaucluse\/sorgues-84129\/page-5\" target=\"_self\" rel=\"nofollow noopener\">Sorgues,<\/a> compte <a href=\"https:\/\/www.laprovence.com\/article\/faits-divers-justice\/5553408131961414\/incendie-en-espagne-mere-de-famille-arrivee-recemment-sur-place-ce-que-lon-sait-de-la-francaise-disparue\" target=\"_self\" rel=\"nofollow noopener\">parmi les 23 personnes disparues<\/a> dans le terrible incendie qui a fait 12 morts dans le sud de l&rsquo;Espagne depuis ce jeudi 9 juillet.<\/p>\n<p>L&rsquo;enseignante venait d&rsquo;arriver dans sa maison de vacances de B\u00e9dar (Andalousie), avec son mari et leurs chiens quand ils ont \u00e9t\u00e9 surpris par l&rsquo;incendie. J\u00e9r\u00f4me Navarro, son \u00e9poux, a t\u00e9moign\u00e9 <a href=\"https:\/\/www.tf1info.fr\/justice-faits-divers\/reportage-tf1-et-la-j-ai-perdu-le-contact-avec-ma-femme-le-temoignage-d-un-francais-pris-au-piege-dans-un-feu-de-foret-en-andalousie-2452658.html\" target=\"_blank\" rel=\"nofollow noopener\">au micro de TF1<\/a> et expliqu\u00e9 qu&rsquo;elle avait tent\u00e9 de fuir les lieux en voiture avec leurs animaux.<\/p>\n<p>\u00ab\u00a0On est constern\u00e9\u00a0\u00bb<\/p>\n<p>\u00ab\u00a0J&rsquo;ai dit \u00e0 ma femme : &lsquo;Sors vite, tu laisses tout, tu sors vite.&rsquo; Et l\u00e0, le temps de dire \u00e7a, j&rsquo;\u00e9tais entour\u00e9 d&rsquo;une boule de feu. Je n&rsquo;ai pu que partir en courant. Et l\u00e0, j&rsquo;ai perdu le contact avec ma femme\u00a0\u00bb, a-t-il relat\u00e9.<\/p>\n<p>\u00ab\u00a0On est constern\u00e9 par le drame qui touche l&rsquo;Espagne\u00a0\u00bb, exprime ce dimanche 12 juillet, le maire de Sorgues, Thierry Lagneau, confirmant ainsi la disparition de St\u00e9phanie Navarro. Pour l&rsquo;heure, l&rsquo;enseignante est toujours officiellement port\u00e9e disparue. \u00ab\u00a0On pense douloureusement \u00e0 sa famille, \u00e0 ses amis, et \u00e0 elle \u00e9videmment.\u00a0\u00bb<\/p>\n<p>Dimanche, apr\u00e8s trois jours et 7 000 hectares de d\u00e9g\u00e2ts, les autorit\u00e9s ont annonc\u00e9 que le feu provoqu\u00e9 par la chute d&rsquo;un c\u00e2ble \u00e9lectrique, \u00e9tait enfin stabilis\u00e9. Le bilan du nombre de victimes n&rsquo;a pas encore \u00e9t\u00e9 communiqu\u00e9 par les autorit\u00e9s espagnoles tant que les autopsies et l&rsquo;identification des corps ne sont pas achev\u00e9es.<\/p>\n","protected":false},"excerpt":{"rendered":"La Vauclusienne reste introuvable depuis plusieurs jours. St\u00e9phanie Navarro, professeure de math\u00e9matique au coll\u00e8ge priv\u00e9 Marie-Rivier, \u00e0\u00a0Sorgues, compte&hellip;\n","protected":false},"author":2,"featured_media":1060836,"comment_status":"","ping_status":"","sticky":false,"template":"","format":"standard","meta":{"footnotes":"","_share_on_mastodon":"0"},"categories":[2],"tags":[5734,11,1446,6044,10147,123,932,274,1011,26,27,1310,12],"class_list":["post-1060835","post","type-post","status-publish","format-standard","has-post-thumbnail","category-actualites","tag-5734","tag-actualites","tag-dans","tag-disparue","tag-enseignante","tag-espagne","tag-est","tag-faits-divers-justice","tag-fr","tag-francaise","tag-france","tag-incendie","tag-news"],"share_on_mastodon":{"url":"https:\/\/pubeurope.com\/@fr\/116909322175802774","error":""},"_links":{"self":[{"href":"https:\/\/www.europesays.com\/fr\/wp-json\/wp\/v2\/posts\/1060835","targetHints":{"allow":["GET"]}}],"collection":[{"href":"https:\/\/www.europesays.com\/fr\/wp-json\/wp\/v2\/posts"}],"about":[{"href":"https:\/\/www.europesays.com\/fr\/wp-json\/wp\/v2\/types\/post"}],"author":[{"embeddable":true,"href":"https:\/\/www.europesays.com\/fr\/wp-json\/wp\/v2\/users\/2"}],"replies":[{"embeddable":true,"href":"https:\/\/www.europesays.com\/fr\/wp-json\/wp\/v2\/comments?post=1060835"}],"version-history":[{"count":0,"href":"https:\/\/www.europesays.com\/fr\/wp-json\/wp\/v2\/posts\/1060835\/revisions"}],"wp:featuredmedia":[{"embeddable":true,"href":"https:\/\/www.europesays.com\/fr\/wp-json\/wp\/v2\/media\/1060836"}],"wp:attachment":[{"href":"https:\/\/www.europesays.com\/fr\/wp-json\/wp\/v2\/media?parent=1060835"}],"wp:term":[{"taxonomy":"category","embeddable":true,"href":"https:\/\/www.europesays.com\/fr\/wp-json\/wp\/v2\/categories?post=1060835"},{"taxonomy":"post_tag","embeddable":true,"href":"https:\/\/www.europesays.com\/fr\/wp-json\/wp\/v2\/tags?post=1060835"}],"curies":[{"name":"wp","href":"https:\/\/api.w.org\/{rel}","templated":true}]}}