{"id":106088,"date":"2025-05-17T04:15:13","date_gmt":"2025-05-17T04:15:13","guid":{"rendered":"https:\/\/www.europesays.com\/fr\/106088\/"},"modified":"2025-05-17T04:15:13","modified_gmt":"2025-05-17T04:15:13","slug":"dans-la-tete-de-vladimir-poutine","status":"publish","type":"post","link":"https:\/\/www.europesays.com\/fr\/106088\/","title":{"rendered":"Dans la t\u00eate de Vladimir Poutine"},"content":{"rendered":"<p>Par Matthieu Le Gall<\/p>\n<p>En confiant les r\u00eanes de la d\u00e9l\u00e9gation russe \u00e0 un troisi\u00e8me couteau, l\u2019historien Vladimir Medinski, id\u00e9ologue du Kremlin et pourfendeur d\u2019un Occident d\u00e9g\u00e9n\u00e9r\u00e9, Vladimir Poutine a d\u00e9voil\u00e9 ses v\u00e9ritables intentions\u00a0: le pr\u00e9sident russe n\u2019a \u00e9videmment jamais eu l\u2019ambition de n\u00e9gocier quoi que ce soit d\u2019acceptable pour l\u2019Ukraine. Vendredi, <a target=\"_self\" href=\"https:\/\/www.lanouvellerepublique.fr\/a-la-une\/la-russie-et-l-ukraine-s-accordent-sur-un-echange-de-prisonniers-mais-pas-sur-une-treve-1747415692\" rel=\"nofollow noopener\">rien n\u2019est donc sorti de cette rencontre entre bellig\u00e9rants sous l\u2019\u00e9gide de la Turquie<\/a>, la premi\u00e8re depuis le d\u00e9but de la guerre, il y a trois ans.<\/p>\n<p>Quels sont les objectifs de Moscou\u00a0? La cession des territoires ukrainiens, la d\u00e9militarisation du pays et sa finlandisation, sans oublier l\u2019indispensable changement de r\u00e9gime. Pas question, pour Vladimir Poutine, de toujours trouver dans son arri\u00e8re-cour, apr\u00e8s la guerre, l\u2019insupportable Zelensky. \u00c0 l\u2019extr\u00e9misme du pr\u00e9sident russe qu\u2019il esp\u00e8re faire plier, l\u2019ouest n\u2019apporte en revanche que des r\u00e9ponses tr\u00e8s limit\u00e9es. Certes, les sanctions affaiblissent l\u2019\u00e9conomie russe. Mais un tyran n\u2019a pas de compte \u00e0 rendre \u00e0 son peuple. La versatilit\u00e9 de Donald Trump, qui dit tout et son contraire, et le soutien continu de Xi Jinping sont aussi de formidables atouts pour Vladimir Poutine.<\/p>\n<p>Le temps est un alli\u00e9. Le ma\u00eetre du Kremlin peut continuer la guerre, jouer des dissensions europ\u00e9ennes et de l\u2019impatience \u00e0 Washington pour avancer ses pions. Et si les Europ\u00e9ens ne veulent pas se retrouver \u00e0 \u00ab\u00a0faire le sale boulot\u00a0\u00bb de Vladimir Poutine, en faisant avaler \u00e0 l\u2019Ukraine un \u00ab\u00a0deal\u00a0\u00bb ignoble <a target=\"_blank\" href=\"https:\/\/www.ifri.org\/fr\/briefings\/trump-poutine-logiques-et-perspectives-dune-negociation-sur-lukraine\" rel=\"nofollow noopener\">comme le pr\u00e9dit le sp\u00e9cialiste de la Russie Dimitri Minic<\/a>, il va falloir faire monter la pression autrement que par les mots.<\/p>\n","protected":false},"excerpt":{"rendered":"Par Matthieu Le Gall En confiant les r\u00eanes de la d\u00e9l\u00e9gation russe \u00e0 un troisi\u00e8me couteau, l\u2019historien Vladimir&hellip;\n","protected":false},"author":2,"featured_media":106089,"comment_status":"","ping_status":"","sticky":false,"template":"","format":"standard","meta":{"footnotes":""},"categories":[1591],"tags":[328,11,2518,1887,329,74,12,1885,1886,132,220],"class_list":{"0":"post-106088","1":"post","2":"type-post","3":"status-publish","4":"format-standard","5":"has-post-thumbnail","7":"category-russie","8":"tag-a-la-une","9":"tag-actualites","10":"tag-edito","11":"tag-federation-de-russie","12":"tag-france-monde","13":"tag-monde","14":"tag-news","15":"tag-russia","16":"tag-russian-federation","17":"tag-russie","18":"tag-ukraine"},"share_on_mastodon":{"url":"https:\/\/pubeurope.com\/@fr\/114521238773110107","error":""},"_links":{"self":[{"href":"https:\/\/www.europesays.com\/fr\/wp-json\/wp\/v2\/posts\/106088","targetHints":{"allow":["GET"]}}],"collection":[{"href":"https:\/\/www.europesays.com\/fr\/wp-json\/wp\/v2\/posts"}],"about":[{"href":"https:\/\/www.europesays.com\/fr\/wp-json\/wp\/v2\/types\/post"}],"author":[{"embeddable":true,"href":"https:\/\/www.europesays.com\/fr\/wp-json\/wp\/v2\/users\/2"}],"replies":[{"embeddable":true,"href":"https:\/\/www.europesays.com\/fr\/wp-json\/wp\/v2\/comments?post=106088"}],"version-history":[{"count":0,"href":"https:\/\/www.europesays.com\/fr\/wp-json\/wp\/v2\/posts\/106088\/revisions"}],"wp:featuredmedia":[{"embeddable":true,"href":"https:\/\/www.europesays.com\/fr\/wp-json\/wp\/v2\/media\/106089"}],"wp:attachment":[{"href":"https:\/\/www.europesays.com\/fr\/wp-json\/wp\/v2\/media?parent=106088"}],"wp:term":[{"taxonomy":"category","embeddable":true,"href":"https:\/\/www.europesays.com\/fr\/wp-json\/wp\/v2\/categories?post=106088"},{"taxonomy":"post_tag","embeddable":true,"href":"https:\/\/www.europesays.com\/fr\/wp-json\/wp\/v2\/tags?post=106088"}],"curies":[{"name":"wp","href":"https:\/\/api.w.org\/{rel}","templated":true}]}}