{"id":1060889,"date":"2026-07-12T22:55:15","date_gmt":"2026-07-12T22:55:15","guid":{"rendered":"https:\/\/www.europesays.com\/fr\/1060889\/"},"modified":"2026-07-12T22:55:15","modified_gmt":"2026-07-12T22:55:15","slug":"psg-100-me-par-an-le-contrat-fou-qui-attend-paris-actualite","status":"publish","type":"post","link":"https:\/\/www.europesays.com\/fr\/1060889\/","title":{"rendered":"PSG : 100 M\u20ac par an, le contrat fou qui attend Paris &#8211; Actualite"},"content":{"rendered":"<p>Le Paris Saint-Germain n\u2019en finit plus de r\u00e9colter les fruits de son ascension. Double champion d\u2019Europe en titre et d\u00e9sormais install\u00e9 parmi les r\u00e9f\u00e9rences mondiales du football, le club de la capitale s\u2019appr\u00eate \u00e0 conclure un accord historique avec son \u00e9quipementier Nike. Une prolongation qui pourrait lier les deux parties jusqu\u2019en 2037, avec \u00e0 la cl\u00e9 un contrat avoisinant les 100 millions d\u2019euros par saison.<\/p>\n<p>Selon les informations de L\u2019\u00c9quipe, les discussions, entam\u00e9es apr\u00e8s le premier sacre europ\u00e9en du PSG en 2025, sont sur le point d\u2019aboutir. Bien que le contrat actuel courre d\u00e9j\u00e0 jusqu\u2019en 2032, Nasser Al-Khela\u00effi avait souhait\u00e9 profiter du nouveau statut du club pour ren\u00e9gocier les conditions du partenariat avec la firme am\u00e9ricaine. Le r\u00e9sultat est spectaculaire. Le futur accord prolongerait la collaboration de cinq ann\u00e9es suppl\u00e9mentaires, jusqu\u2019en 2037, tout en faisant bondir les revenus annuels du PSG.<\/p>\n<p>Actuellement estim\u00e9s \u00e0 une soixantaine de millions d\u2019euros par saison, ils atteindraient d\u00e9sormais pr\u00e8s de 100 millions d\u2019euros. Une \u00e9volution qui place le PSG parmi les clubs les mieux valoris\u00e9s au monde sur le march\u00e9 des \u00e9quipementiers, au niveau des plus grandes institutions europ\u00e9ennes. Ce nouveau contrat est loin d\u2019\u00eatre un simple ajustement financier. Il illustre la transformation du Paris Saint-Germain ces derni\u00e8res ann\u00e9es. Deux Ligues des champions remport\u00e9es cons\u00e9cutivement, une image internationale renforc\u00e9e, une attractivit\u00e9 sportive retrouv\u00e9e et un merchandising qui explose de nouveau : tous les indicateurs sont d\u00e9sormais au vert. Apr\u00e8s une p\u00e9riode de ralentissement cons\u00e9cutive aux d\u00e9parts de Lionel Messi, Neymar puis Kylian Mbapp\u00e9, les ventes de maillots ont retrouv\u00e9 une dynamique impressionnante gr\u00e2ce aux succ\u00e8s europ\u00e9ens et \u00e0 la nouvelle g\u00e9n\u00e9ration men\u00e9e par Luis Enrique. Le PSG est aujourd\u2019hui devenu bien plus qu\u2019un club de football. C\u2019est une marque mondiale dont la valeur ne cesse de grandir.<\/p>\n<p><strong>Le partenariat Jordan reste un atout unique<\/strong> Autre \u00e9l\u00e9ment majeur de cette prolongation : le Paris Saint-Germain conservera son statut unique dans le football mondial en restant le seul club officiellement associ\u00e9 \u00e0 la marque Jordan, propri\u00e9t\u00e9 de Nike. Au fil des saisons, cette collaboration a permis au club parisien de d\u00e9passer le simple cadre du sport. Les collections Jordan x PSG se sont impos\u00e9es dans l\u2019univers de la mode et du lifestyle, s\u00e9duisant aussi bien les supporters que de nombreuses c\u00e9l\u00e9brit\u00e9s internationales. Cette identit\u00e9 singuli\u00e8re constitue aujourd\u2019hui l\u2019un des plus puissants leviers marketing du club. Un PSG plus fort que jamais.<\/p>\n<p>Ce futur accord confirme une tendance devenue \u00e9vidente : le Paris Saint-Germain est entr\u00e9 dans une nouvelle dimension. Les performances sportives ouvrent d\u00e9sormais les portes des plus grands contrats commerciaux. Avec pr\u00e8s de 100 millions d\u2019euros par saison vers\u00e9s par Nike, le champion de France disposera de moyens encore plus importants pour poursuivre son d\u00e9veloppement, investir et conserver sa place au sommet du football europ\u00e9en. Une nouvelle preuve que le PSG ne construit plus seulement une \u00e9quipe capable de gagner, mais une institution mondiale dont l\u2019influence d\u00e9passe largement les terrains.<\/p>\n","protected":false},"excerpt":{"rendered":"Le Paris Saint-Germain n\u2019en finit plus de r\u00e9colter les fruits de son ascension. Double champion d\u2019Europe en titre&hellip;\n","protected":false},"author":2,"featured_media":1060890,"comment_status":"","ping_status":"","sticky":false,"template":"","format":"standard","meta":{"footnotes":"","_share_on_mastodon":"0"},"categories":[1888],"tags":[1111,1928,11,1927,20639,3108,11823,1777,674,1011,27,45896,7820,4924,12,1926,4565,626,1925,3948,25,3213,32867],"class_list":["post-1060889","post","type-post","status-publish","format-standard","has-post-thumbnail","category-paris","tag-actu","tag-actu-paris","tag-actualites","tag-actualites-paris","tag-attend","tag-contrat","tag-dehors","tag-eu","tag-europe","tag-fr","tag-france","tag-franchir","tag-germain","tag-m","tag-news","tag-news-paris","tag-nouveau","tag-paris","tag-paris-news","tag-point","tag-republique-francaise","tag-saint","tag-terrains"],"share_on_mastodon":{"url":"https:\/\/pubeurope.com\/@fr\/116909475508987820","error":""},"_links":{"self":[{"href":"https:\/\/www.europesays.com\/fr\/wp-json\/wp\/v2\/posts\/1060889","targetHints":{"allow":["GET"]}}],"collection":[{"href":"https:\/\/www.europesays.com\/fr\/wp-json\/wp\/v2\/posts"}],"about":[{"href":"https:\/\/www.europesays.com\/fr\/wp-json\/wp\/v2\/types\/post"}],"author":[{"embeddable":true,"href":"https:\/\/www.europesays.com\/fr\/wp-json\/wp\/v2\/users\/2"}],"replies":[{"embeddable":true,"href":"https:\/\/www.europesays.com\/fr\/wp-json\/wp\/v2\/comments?post=1060889"}],"version-history":[{"count":0,"href":"https:\/\/www.europesays.com\/fr\/wp-json\/wp\/v2\/posts\/1060889\/revisions"}],"wp:featuredmedia":[{"embeddable":true,"href":"https:\/\/www.europesays.com\/fr\/wp-json\/wp\/v2\/media\/1060890"}],"wp:attachment":[{"href":"https:\/\/www.europesays.com\/fr\/wp-json\/wp\/v2\/media?parent=1060889"}],"wp:term":[{"taxonomy":"category","embeddable":true,"href":"https:\/\/www.europesays.com\/fr\/wp-json\/wp\/v2\/categories?post=1060889"},{"taxonomy":"post_tag","embeddable":true,"href":"https:\/\/www.europesays.com\/fr\/wp-json\/wp\/v2\/tags?post=1060889"}],"curies":[{"name":"wp","href":"https:\/\/api.w.org\/{rel}","templated":true}]}}