{"id":106092,"date":"2025-05-17T04:17:12","date_gmt":"2025-05-17T04:17:12","guid":{"rendered":"https:\/\/www.europesays.com\/fr\/106092\/"},"modified":"2025-05-17T04:17:12","modified_gmt":"2025-05-17T04:17:12","slug":"usa-une-tornade-fait-cinq-morts-dans-le-missouri-17-05-2025-a-0514","status":"publish","type":"post","link":"https:\/\/www.europesays.com\/fr\/106092\/","title":{"rendered":"USA-Une tornade fait cinq morts dans le Missouri &#8211; 17\/05\/2025 \u00e0 05:14"},"content":{"rendered":"<p>\n Au moins cinq personnes ont \u00e9t\u00e9 tu\u00e9es<br \/>\nvendredi au passage d&rsquo;une tornade qui a touch\u00e9 Saint-Louis, dans<br \/>\nle Missouri, arrachant les toits de plusieurs maisons et<br \/>\nendommageant des lignes \u00e9lectriques.\n<\/p>\n<p>\n \u00ab\u00a0Notre ville est en deuil ce soir\u00a0\u00bb, a d\u00e9clar\u00e9 \u00e0 la presse la<br \/>\nmaire de la ville, Cara Spencer. \u00ab\u00a0Les pertes en vies humaines et<br \/>\nles destructions sont vraiment, vraiment horribles.\u00a0\u00bb\n<\/p>\n<p>\n Le nombre de bless\u00e9s n&rsquo;a pas encore \u00e9t\u00e9 d\u00e9termin\u00e9, les<br \/>\nautorit\u00e9s ayant indiqu\u00e9 qu&rsquo;elles recueillaient encore des<br \/>\ninformations aupr\u00e8s de plusieurs h\u00f4pitaux o\u00f9 des personnes<br \/>\navaient \u00e9t\u00e9 transport\u00e9es.\n<\/p>\n<p>\n Un couvre-feu a \u00e9t\u00e9 impos\u00e9 de 21h00 \u00e0 06h00 (0200-1100 GMT)<br \/>\ndans les deux quartiers comptant le plus de d\u00e9g\u00e2ts afin d&rsquo;\u00e9viter<br \/>\nles pillages et le risque de voir des personnes \u00eatre bless\u00e9es<br \/>\npar des d\u00e9bris.\n<\/p>\n<p>\n Environ 500 secouristes, dont 17 \u00e9quipes de recherche, ont<br \/>\n\u00e9t\u00e9 d\u00e9ploy\u00e9s, et les premi\u00e8res constations sugg\u00e8rent que le<br \/>\nnombre de bless\u00e9s est relativement faible au regard de<br \/>\nl&rsquo;ensemble des d\u00e9g\u00e2ts, a d\u00e9clar\u00e9 le chef des pompiers Dennis<br \/>\nJenkerson.\n<\/p>\n<p>\n (Daniel Trotta; version fran\u00e7aise Camille Raynaud)<\/p>\n","protected":false},"excerpt":{"rendered":"Au moins cinq personnes ont \u00e9t\u00e9 tu\u00e9es vendredi au passage d&rsquo;une tornade qui a touch\u00e9 Saint-Louis, dans le&hellip;\n","protected":false},"author":2,"featured_media":2486,"comment_status":"","ping_status":"","sticky":false,"template":"","format":"standard","meta":{"footnotes":""},"categories":[1589],"tags":[400,11,398,408,405,73,1866,403,402,399,404,12,401,406,1864,1865,1863,308,407],"class_list":{"0":"post-106092","1":"post","2":"type-post","3":"status-publish","4":"format-standard","5":"has-post-thumbnail","7":"category-etats-unis","8":"tag-action-cac-40","9":"tag-actualites","10":"tag-bourse-de-paris","11":"tag-boursorama","12":"tag-cotations","13":"tag-etats-unis","14":"tag-etats-unis-damerique","15":"tag-indices-devises","16":"tag-investir","17":"tag-investissement","18":"tag-marche-boursier","19":"tag-news","20":"tag-sicav","21":"tag-trackers","22":"tag-united-states","23":"tag-united-states-of-america","24":"tag-us","25":"tag-usa","26":"tag-warrants"},"share_on_mastodon":{"url":"https:\/\/pubeurope.com\/@fr\/114521246511624218","error":""},"_links":{"self":[{"href":"https:\/\/www.europesays.com\/fr\/wp-json\/wp\/v2\/posts\/106092","targetHints":{"allow":["GET"]}}],"collection":[{"href":"https:\/\/www.europesays.com\/fr\/wp-json\/wp\/v2\/posts"}],"about":[{"href":"https:\/\/www.europesays.com\/fr\/wp-json\/wp\/v2\/types\/post"}],"author":[{"embeddable":true,"href":"https:\/\/www.europesays.com\/fr\/wp-json\/wp\/v2\/users\/2"}],"replies":[{"embeddable":true,"href":"https:\/\/www.europesays.com\/fr\/wp-json\/wp\/v2\/comments?post=106092"}],"version-history":[{"count":0,"href":"https:\/\/www.europesays.com\/fr\/wp-json\/wp\/v2\/posts\/106092\/revisions"}],"wp:featuredmedia":[{"embeddable":true,"href":"https:\/\/www.europesays.com\/fr\/wp-json\/wp\/v2\/media\/2486"}],"wp:attachment":[{"href":"https:\/\/www.europesays.com\/fr\/wp-json\/wp\/v2\/media?parent=106092"}],"wp:term":[{"taxonomy":"category","embeddable":true,"href":"https:\/\/www.europesays.com\/fr\/wp-json\/wp\/v2\/categories?post=106092"},{"taxonomy":"post_tag","embeddable":true,"href":"https:\/\/www.europesays.com\/fr\/wp-json\/wp\/v2\/tags?post=106092"}],"curies":[{"name":"wp","href":"https:\/\/api.w.org\/{rel}","templated":true}]}}