{"id":106096,"date":"2025-05-17T04:20:11","date_gmt":"2025-05-17T04:20:11","guid":{"rendered":"https:\/\/www.europesays.com\/fr\/106096\/"},"modified":"2025-05-17T04:20:11","modified_gmt":"2025-05-17T04:20:11","slug":"leurope-convient-dune-reponse-commune-a-lattitude-russe-vis-a-vis-de-lukraine","status":"publish","type":"post","link":"https:\/\/www.europesays.com\/fr\/106096\/","title":{"rendered":"L&rsquo;Europe convient d&rsquo;une r\u00e9ponse commune \u00e0 l&rsquo;attitude russe vis-\u00e0-vis de l&rsquo;Ukraine"},"content":{"rendered":"<p>Les dirigeants europ\u00e9ens ont convenu vendredi de poursuivre une action commune contre la Russie apr\u00e8s l\u2019\u00e9chec d\u2019un cessez-le-feu en Ukraine, a annonc\u00e9 le premier ministre britannique Keir Starmer, apr\u00e8s des consultations avec le pr\u00e9sident am\u00e9ricain, Donald Trump.<\/p>\n<p>M.\u00a0Starmer s\u2019exprimait depuis Tirana, la capitale albanaise, o\u00f9 les dirigeants de dizaines de pays europ\u00e9ens \u00e9taient r\u00e9unis pour le sommet de la Communaut\u00e9 politique europ\u00e9enne (CPE), auquel participait le pr\u00e9sident ukrainien, Volodymyr Zelensky.<\/p>\n<p>\u00abNous venons de rencontrer le pr\u00e9sident Zelensky, puis de nous entretenir par t\u00e9l\u00e9phone avec le pr\u00e9sident Trump, afin de discuter de l\u2019\u00e9volution des n\u00e9gociations aujourd\u2019hui, et la position russe est clairement inacceptable\u00bb, a d\u00e9clar\u00e9 M.\u00a0Starmer aux journalistes.<\/p>\n<p>\u00abEn cons\u00e9quence de cette rencontre avec le pr\u00e9sident Zelensky, en discussion avec le pr\u00e9sident Trump, nous harmonisons et coordonnons d\u00e9sormais \u00e9troitement nos r\u00e9ponses et nous continuerons de le faire\u00bb, a-t-il ajout\u00e9. <\/p>\n<p>M.\u00a0Starmer a d\u00e9clar\u00e9 que lui-m\u00eame et les dirigeants fran\u00e7ais, allemand et polonais avaient consult\u00e9 le dirigeant des \u00c9tats-Unis. <\/p>\n<p>Il n\u2019a pas pr\u00e9cis\u00e9 quelles pourraient \u00eatre les cons\u00e9quences de la r\u00e9ponse, mais certains dirigeants europ\u00e9ens ont insist\u00e9 pour que de nouvelles sanctions soient prises. <\/p>\n<p>L\u2019Union europ\u00e9enne devrait adopter une nouvelle s\u00e9rie de mesures d\u00e8s mardi.<\/p>\n<p>La Russie et l\u2019Ukraine ont tenu leurs premiers pourparlers de paix directs depuis les premi\u00e8res semaines de l\u2019invasion russe \u00e0 grande \u00e9chelle, qui a d\u00e9but\u00e9 le 24\u00a0f\u00e9vrier\u00a02022. Les discussions, qui se sont tenues vendredi en Turquie, se sont achev\u00e9es apr\u00e8s moins de deux heures, selon le minist\u00e8re turc des Affaires \u00e9trang\u00e8res et un responsable ukrainien.<\/p>\n<p>Le pr\u00e9sident fran\u00e7ais, Emmanuel Macron, a indiqu\u00e9 sur X qu\u2019\u00abune nouvelle fois, le pr\u00e9sident Poutine ne r\u00e9pond pas \u00e0 la proposition de cessez-le-feu inconditionnel faite par les Am\u00e9ricains et soutenue par l\u2019Ukraine et les Europ\u00e9ens.\u00bb<\/p>\n<p>M.\u00a0Macron a ajout\u00e9: \u00abEn refusant le cessez-le-feu et le dialogue avec l\u2019Ukraine, la Russie montre qu\u2019elle ne veut pas la paix, et qu\u2019elle cherche \u00e0 gagner du temps, en poursuivant la guerre.\u00bb<\/p>\n<p>Le pr\u00e9sident fran\u00e7ais a assur\u00e9 que les partenaires europ\u00e9ens continueraient \u00e0 se coordonner avec les \u00c9tats-Unis et que de nouveaux contacts et retours d\u2019information auraient lieu dans les prochaines heures.<\/p>\n<p>Le chancelier allemand Friedrich Merz a d\u00e9clar\u00e9: \u00abLes efforts diplomatiques que nous avons d\u00e9ploy\u00e9s jusqu\u2019\u00e0 pr\u00e9sent ont malheureusement \u00e9chou\u00e9 en raison du manque de volont\u00e9 de la Russie \u00e0 faire les premiers pas dans la bonne direction.\u00bb<\/p>\n<p>M.\u00a0Merz a ensuite ajout\u00e9: \u00abMais nous ne baisserons pas les bras\u00a0; nous continuerons et nous assurerons une bonne coordination du c\u00f4t\u00e9 europ\u00e9en, avec les Am\u00e9ricains.\u00bb<\/p>\n<p><b>\u00abLe monde doit r\u00e9agir\u00bb<\/b><\/p>\n<p>Plus t\u00f4t, Volodymyr Zelensky avait affirm\u00e9 que l\u2019Ukraine \u00e9tait d\u00e9termin\u00e9e \u00e0 mettre fin \u00e0 la guerre, mais avait exhort\u00e9 les dirigeants europ\u00e9ens \u00e0 renforcer les sanctions si le pr\u00e9sident russe, Vladimir Poutine, continuait \u00e0 gagner du temps dans les n\u00e9gociations visant \u00e0 obtenir une tr\u00eave.<\/p>\n<p>\u00abL\u2019Ukraine est pr\u00eate \u00e0 prendre toutes les mesures r\u00e9alistes pour mettre fin \u00e0 cette guerre\u00bb, a martel\u00e9 M.\u00a0Zelensky. Il a toutefois averti: \u00abS\u2019il s\u2019av\u00e8re que la d\u00e9l\u00e9gation russe ne fait que jouer la com\u00e9die et ne peut fournir aucun r\u00e9sultat aujourd\u2019hui, le monde devra r\u00e9agir.\u00bb<\/p>\n<p>Cette r\u00e9action, a-t-il ajout\u00e9, devrait inclure \u00abdes sanctions contre le secteur \u00e9nerg\u00e9tique et les banques russes\u00bb. <\/p>\n<p>Les d\u00e9clarations du pr\u00e9sident ukrainien interviennent apr\u00e8s que M.\u00a0Poutine a refus\u00e9 de participer aux discussions en face-\u00e0-face \u00e0 Istanbul.<\/p>\n<p>\u00abJe pense que M.\u00a0Poutine a commis une erreur en envoyant une d\u00e9l\u00e9gation de faible niveau\u00bb, a estim\u00e9 le secr\u00e9taire g\u00e9n\u00e9ral de l\u2019OTAN, Mark Rutte, \u00e0 son arriv\u00e9e au sommet. \u00abLa balle est clairement dans son camp. Il doit jouer le jeu. Il doit \u00eatre s\u00e9rieux dans sa volont\u00e9 de paix.\u00bb<\/p>\n<p>La pr\u00e9sidente de la Commission europ\u00e9enne, Ursula von der Leyen, a indiqu\u00e9 qu\u2019il \u00e9tait clair que \u00able pr\u00e9sident Zelensky \u00e9tait pr\u00eat \u00e0 rencontrer le pr\u00e9sident Poutine, mais il ne s\u2019est jamais pr\u00e9sent\u00e9, ce qui t\u00e9moigne de sa conviction profonde. Nous allons donc accro\u00eetre la pression.\u00bb<\/p>\n<p>Mme\u00a0von der Leyen a pr\u00e9venu que l\u2019Union europ\u00e9enne (UE) pr\u00e9parait un nouveau train de sanctions. Elle a pr\u00e9cis\u00e9 que ces mesures cibleraient la flotte fant\u00f4me de cargos vieillissants que la Russie utilise pour contourner les sanctions internationales et le consortium du gazoduc Nord Stream.<\/p>\n<p>Le secteur financier russe serait \u00e9galement vis\u00e9, a-t-elle ajout\u00e9. <\/p>\n<p>Les envoy\u00e9s de l\u2019UE travaillent sur le nouveau paquet de sanctions depuis plusieurs semaines, et les ministres des Affaires \u00e9trang\u00e8res de l\u2019Union pourraient le promulguer d\u00e8s mardi.<\/p>\n<p>___<\/p>\n<p>Lorne Cook a \u00e9crit depuis Bruxelles.<\/p>\n","protected":false},"excerpt":{"rendered":"Les dirigeants europ\u00e9ens ont convenu vendredi de poursuivre une action commune contre la Russie apr\u00e8s l\u2019\u00e9chec d\u2019un cessez-le-feu&hellip;\n","protected":false},"author":2,"featured_media":106097,"comment_status":"","ping_status":"","sticky":false,"template":"","format":"standard","meta":{"footnotes":""},"categories":[1586],"tags":[11,1777,674,1011,27,1854,4576,12,25],"class_list":{"0":"post-106096","1":"post","2":"type-post","3":"status-publish","4":"format-standard","5":"has-post-thumbnail","7":"category-europe","8":"tag-actualites","9":"tag-eu","10":"tag-europe","11":"tag-fr","12":"tag-france","13":"tag-https-lactualite-com-sujet-international","14":"tag-https-lactualite-com-sujet-politique","15":"tag-news","16":"tag-republique-francaise"},"share_on_mastodon":{"url":"https:\/\/pubeurope.com\/@fr\/114521258315328705","error":""},"_links":{"self":[{"href":"https:\/\/www.europesays.com\/fr\/wp-json\/wp\/v2\/posts\/106096","targetHints":{"allow":["GET"]}}],"collection":[{"href":"https:\/\/www.europesays.com\/fr\/wp-json\/wp\/v2\/posts"}],"about":[{"href":"https:\/\/www.europesays.com\/fr\/wp-json\/wp\/v2\/types\/post"}],"author":[{"embeddable":true,"href":"https:\/\/www.europesays.com\/fr\/wp-json\/wp\/v2\/users\/2"}],"replies":[{"embeddable":true,"href":"https:\/\/www.europesays.com\/fr\/wp-json\/wp\/v2\/comments?post=106096"}],"version-history":[{"count":0,"href":"https:\/\/www.europesays.com\/fr\/wp-json\/wp\/v2\/posts\/106096\/revisions"}],"wp:featuredmedia":[{"embeddable":true,"href":"https:\/\/www.europesays.com\/fr\/wp-json\/wp\/v2\/media\/106097"}],"wp:attachment":[{"href":"https:\/\/www.europesays.com\/fr\/wp-json\/wp\/v2\/media?parent=106096"}],"wp:term":[{"taxonomy":"category","embeddable":true,"href":"https:\/\/www.europesays.com\/fr\/wp-json\/wp\/v2\/categories?post=106096"},{"taxonomy":"post_tag","embeddable":true,"href":"https:\/\/www.europesays.com\/fr\/wp-json\/wp\/v2\/tags?post=106096"}],"curies":[{"name":"wp","href":"https:\/\/api.w.org\/{rel}","templated":true}]}}