{"id":106098,"date":"2025-05-17T04:21:10","date_gmt":"2025-05-17T04:21:10","guid":{"rendered":"https:\/\/www.europesays.com\/fr\/106098\/"},"modified":"2025-05-17T04:21:10","modified_gmt":"2025-05-17T04:21:10","slug":"il-y-a-eu-plusieurs-fuites-de-bentonite-un-chantier-a-travers-les-bois-de-seraing-met-des-riverains-en-colere","status":"publish","type":"post","link":"https:\/\/www.europesays.com\/fr\/106098\/","title":{"rendered":"\u00ab\u00a0Il y a eu plusieurs fuites de bentonite\u00a0\u00bb: un chantier \u00e0 travers les bois de Seraing met des riverains en col\u00e8re"},"content":{"rendered":"<p>Mais cette m\u00e9thode se heurte \u00e0 des difficult\u00e9s, car\u00a0le terrain s\u2019affaisse et des tiges de forage\u00a0rompent. La bentonite (une sorte d\u2019argile m\u00e9lang\u00e9e \u00e0 de l\u2019eau)\u00a0utilis\u00e9e pour\u00a0lubrifier les forages en sous-sol, a ainsi refait surface \u00e0 plusieurs reprises, parfois \u00e0 quelques m\u00e8tres d\u2019une zone Natura 2000. Selon plusieurs t\u00e9moignages recueillis, des \u00e9coulements ont \u00e9t\u00e9 observ\u00e9s plusieurs fois.<\/p>\n<blockquote>\n<p>Une vraie catastrophe \u00e9cologique<\/p>\n<\/blockquote>\n<p>\u00ab\u00a0D\u00e8s le premier forage, les probl\u00e8mes sont apparus\u00a0\u00bb, d\u00e9clare Ascension, riveraine et membre de l&rsquo;ASBL Bois du Val. \u00ab\u00a0Il y a eu des fuites de bentonite lors du forage. Le bois est fortement endommag\u00e9. La derni\u00e8re en date, c\u2019\u00e9tait le 30 avril : une grosse coul\u00e9e de bentonite sur les sentiers, sur une zone Natura 2000.\u00a0\u00bb<\/p>\n<p>\u00ab\u00a0C\u2019est une vraie catastrophe \u00e9cologique\u00a0\u00bb, estime de son c\u00f4t\u00e9 Anne, une des fondatrices de l&rsquo;ASBL Bois du Val. \u00ab\u00a0Je suis riveraine, donc je connais bien les lieux. Et il y a un \u00e9coulement de bentonite, qui est en train d\u2019imperm\u00e9abiliser les sols. Une odeur infecte s\u2019en d\u00e9gage.\u00a0\u00bb<\/p>\n<p>    \u00c0 lire aussi<\/p>\n<p>  <img decoding=\"async\" data-copyright=\"\u00a9RTLinfo\" class=\"r-img\"  typeof=\"foaf:Image\" src=\"https:\/\/www.europesays.com\/fr\/wp-content\/uploads\/2025\/05\/illu-eliaaaa.gif\" alt=\"illu-eliaaaa\"\/><br \/>\n      <a href=\"https:\/\/www.rtl.be\/actu\/vos-temoignages\/si-derange-les-animaux-ils-partent-pour-toujours-des-riverains-se-mobilisent\/2024-06-23\/article\/682544\" class=\"r-stories--link\" target=\"_blank\" rel=\"noopener\">\u00ab\u00a0Si on d\u00e9range les animaux, ils partent pour toujours\u00a0\u00bb: des riverains se mobilisent contre un chantier qui menace une zone naturelle<\/a><\/p>\n<p>Des dysfonctionnements techniques sont \u00e9galement signal\u00e9s par l&rsquo;ASBL Bois du Val. \u00ab\u00a0Quand il y a de la bentonite qui s\u2019enfuit, les pompes ne s\u2019actionnent pas. Le 30 avril, 2 pompes sur 3 ne fonctionnaient pas\u00a0\u00bb, assure Ascension.\u00a0<\/p>\n<blockquote>\n<p>Il faut l\u2019\u00e9vacuer rapidement quand il y a r\u00e9surgence<\/p>\n<\/blockquote>\n<p>\u00ab\u00a0Cela fait l\u2019objet d\u2019un point au conseil communal chaque mois\u00a0\u00bb, r\u00e9agit la bourgmestre de Seraing, D\u00e9borah G\u00e9radon. \u00ab\u00a0De la bentonite est n\u00e9cessaire pour faire le forage. C\u2019est une substance non-nocive pour le sol. Il faut l\u2019\u00e9vacuer rapidement quand il y a r\u00e9surgence. Ce que nous faisons faire \u00e0 Elia.\u00a0\u00bb<\/p>\n<p>D\u00e9borah G\u00e9radon affirme avoir fait interrompre les travaux : \u00ab\u00a0J\u2019ai\u00a0fait stopper le chantier. Pour le moment, ils s\u00e9curisent celui-ci. Je dois revoir les CEO d\u00e9but de semaine prochaine pour d\u00e9terminer les prochaines \u00e9tapes du 2e forage, car la m\u00e9thode ne peut pas rester la m\u00eame.\u00a0\u00bb<\/p>\n<p>L&rsquo;ASBL Bois du Val estime actuellement que les engagements \u00ab\u00a0ne sont pas tenus\u00a0\u00bb. \u00ab\u00a0La confiance est totalement rompue avec la Ville\u00a0\u00bb, affirme Ascension. \u00ab\u00a0Il faut sortir de la for\u00eat, et admettre que ce trac\u00e9 n\u2019est pas possible.\u00a0\u00bb<\/p>\n<p><a href=\"https:\/\/www.elia.be\/fr\/infrastructure-et-projets\/projets-infrastructure\/connexion-de-la-future-centrale-tgv-a-seraing-au-reseau-elia\" target=\"_blank\" rel=\"noopener\">&gt;En savoir plus sur la connexion de la future centrale TGV a Seraing au r\u00e9seau Elia<\/a><br \/>\u00a0<\/p>\n<p>Elia d\u00e9fend sa m\u00e9thodologie et annonce des mesures\u00a0<\/p>\n<p>De son c\u00f4t\u00e9, Elia rappelle que ce chantier vise \u00e0 raccorder la centrale TGV\u00a0(Turbine-Gaz-Vapeur) de Seraing \u00e0 son r\u00e9seau haute tension via une liaison de 10 km, s\u2019\u00e9tendant sur les communes de Seraing, Fl\u00e9malle et Neupr\u00e9. \u00ab\u00a0La liaison est aujourd\u2019hui presqu\u2019enti\u00e8rement pos\u00e9e\u00a0\u00bb, pr\u00e9cise Catherine Wojcicka, porte-parole du gestionnaire de r\u00e9seau. \u00ab\u00a0Le tron\u00e7on en question, situ\u00e9 entre la prairie des Macrales et le Bois de l\u2019Abbaye, constitue la derni\u00e8re \u00e9tape.\u00a0\u00bb<\/p>\n<p>Elia reconna\u00eet que les forages dirig\u00e9s comportent des al\u00e9as. \u00ab\u00a0Des r\u00e9surgences de bentonite sont possibles. Le risque z\u00e9ro n\u2019existe pas\u00a0\u00bb, indique la porte-parole.<\/p>\n<p>En cas de fuite, Elia affirme pr\u00e9venir les autorit\u00e9s comp\u00e9tentes (Ville de Seraing et DNF (D\u00e9partement de la Nature et des For\u00eats)). \u00ab\u00a0Un nettoyage se fait sur base d\u2019une m\u00e9thodologie convenue avec ces derniers et compte tenu des prescriptions locales et de la r\u00e9alit\u00e9 du terrain. Cela sous-entend que le nettoyage de certaines zones peut \u00eatre postpos\u00e9 si cela s\u2019av\u00e8re n\u00e9cessaire et justifi\u00e9 (par exemple : s\u00e9curit\u00e9, p\u00e9riode de nidification, impact du nettoyage sur l\u2019environnement qui demande de postposer l\u2019op\u00e9ration\/revoir la m\u00e9thodologie, etc).\u00a0\u00bb<\/p>\n<p>Et de poursuivre: \u00ab\u00a0Elia prend ses responsabilit\u00e9s tr\u00e8s au s\u00e9rieux. La finalisation de ce chantier pr\u00e9sente certes des difficult\u00e9s techniques sans pr\u00e9c\u00e9dent. Mais les m\u00e9thodes utilis\u00e9es sont suivies par des experts, tant au niveau des techniques de forage dirig\u00e9, que des mesures environnementales \u00e0 prendre.\u00a0\u00bb\u00a0<\/p>\n<p>Concernant les inqui\u00e9tudes des riverains sur les effets potentiels de la bentonite, Elia pr\u00e9cise qu\u2019il s\u2019agit d\u2019un mat\u00e9riau naturel, utilis\u00e9 dans diff\u00e9rents domaines (industrie, cosm\u00e9tique, agriculture, produits pharmaceutiques, construction, etc), et pr\u00e9sentant \u00ab\u00a0peu, voire pas, d\u2019impact environnemental\u00a0\u00bb, sauf \u00ab\u00a0s\u2019il stagne longtemps, auquel cas il peut alt\u00e9rer l\u2019a\u00e9ration des sols.\u00a0\u00bb<\/p>\n<p>\u00ab\u00a0Dans le cadre de notre chantier \u00e0 Seraing, plusieurs riverains nous ont exprim\u00e9 leurs inqui\u00e9tudes quant \u00e0 l\u2019utilisation de la bentonite en grande quantit\u00e9. L\u2019un des risques \u00e9voqu\u00e9s \u00e9tait d\u2019avoir, en cas de fuite, un potentiel effet n\u00e9faste sur le sol, le rendant moins perm\u00e9able, mais \u00e9galement la crainte d\u2019avoir un \u00e9coulement dans le ruisseau en contrebas\u00a0\u00bb, indique\u00a0Catherine Wojcicka, la porte-parole d&rsquo;Elia.<\/p>\n<p>Des dispositifs ont \u00e9t\u00e9 d\u00e9ploy\u00e9s sur le chantier (bacs de d\u00e9cantation, filtres \u00e0 paille, pompes) afin d\u2019emp\u00eacher toute contamination du ruisseau en contrebas. \u00ab\u00a0En cas de fuite de bentonite, ces dispositifs recueillent et contiennent les \u00e9coulements. Si des r\u00e9surgences sont constat\u00e9es en dehors de ces zones am\u00e9nag\u00e9es, ces derni\u00e8res sont identifi\u00e9es, dirig\u00e9es vers les dispositifs en place si possible et\/ou ramass\u00e9es et recollet\u00e9es dans des grands sacs herm\u00e9tiques afin d\u2019\u00eatre \u00e9vacu\u00e9s par la suite, toujours en concertation avec les instances concern\u00e9es. (&#8230;)\u00a0Actuellement, la bentonite est nettoy\u00e9e d\u00e8s qu\u2019il y a une r\u00e9surgence. Toutefois, en accord avec les interlocuteurs pr\u00e9cit\u00e9s, certaines zones seront nettoy\u00e9es ult\u00e9rieurement (s\u00e9curit\u00e9, nidification, \u2026).\u00a0\u00bb<\/p>\n<p>Enfin, Elia insiste sur le caract\u00e8re temporaire des perturbations. \u00ab\u00a0Chaque zone de chantier est remise en \u00e9tat apr\u00e8s les travaux. Un inventaire environnemental sera r\u00e9alis\u00e9 en fin de chantier par un \u00e9cologue mandat\u00e9, qui \u00e9tablira un plan de compensation \u00e0 valider par la Ville et le DNF\u00a0\u00bb, assure Catherine Wojcicka.\u00a0<\/p>\n","protected":false},"excerpt":{"rendered":"Mais cette m\u00e9thode se heurte \u00e0 des difficult\u00e9s, car\u00a0le terrain s\u2019affaisse et des tiges de forage\u00a0rompent. La bentonite&hellip;\n","protected":false},"author":2,"featured_media":106099,"comment_status":"","ping_status":"","sticky":false,"template":"","format":"standard","meta":{"footnotes":""},"categories":[1586],"tags":[11,22308,22309,4107,22311,1777,674,1779,1011,27,2742,12,25,22310,1778,364,22307],"class_list":{"0":"post-106098","1":"post","2":"type-post","3":"status-publish","4":"format-standard","5":"has-post-thumbnail","7":"category-europe","8":"tag-actualites","9":"tag-alertez-nous","10":"tag-bois-du-val-saint-lambert","11":"tag-chantier","12":"tag-elia","13":"tag-eu","14":"tag-europe","15":"tag-european-union","16":"tag-fr","17":"tag-france","18":"tag-nature","19":"tag-news","20":"tag-republique-francaise","21":"tag-seraing","22":"tag-ue","23":"tag-union-europeenne","24":"tag-vos-tu00e9moignages"},"share_on_mastodon":{"url":"https:\/\/pubeurope.com\/@fr\/114521262364765356","error":""},"_links":{"self":[{"href":"https:\/\/www.europesays.com\/fr\/wp-json\/wp\/v2\/posts\/106098","targetHints":{"allow":["GET"]}}],"collection":[{"href":"https:\/\/www.europesays.com\/fr\/wp-json\/wp\/v2\/posts"}],"about":[{"href":"https:\/\/www.europesays.com\/fr\/wp-json\/wp\/v2\/types\/post"}],"author":[{"embeddable":true,"href":"https:\/\/www.europesays.com\/fr\/wp-json\/wp\/v2\/users\/2"}],"replies":[{"embeddable":true,"href":"https:\/\/www.europesays.com\/fr\/wp-json\/wp\/v2\/comments?post=106098"}],"version-history":[{"count":0,"href":"https:\/\/www.europesays.com\/fr\/wp-json\/wp\/v2\/posts\/106098\/revisions"}],"wp:featuredmedia":[{"embeddable":true,"href":"https:\/\/www.europesays.com\/fr\/wp-json\/wp\/v2\/media\/106099"}],"wp:attachment":[{"href":"https:\/\/www.europesays.com\/fr\/wp-json\/wp\/v2\/media?parent=106098"}],"wp:term":[{"taxonomy":"category","embeddable":true,"href":"https:\/\/www.europesays.com\/fr\/wp-json\/wp\/v2\/categories?post=106098"},{"taxonomy":"post_tag","embeddable":true,"href":"https:\/\/www.europesays.com\/fr\/wp-json\/wp\/v2\/tags?post=106098"}],"curies":[{"name":"wp","href":"https:\/\/api.w.org\/{rel}","templated":true}]}}