{"id":106104,"date":"2025-05-17T04:24:21","date_gmt":"2025-05-17T04:24:21","guid":{"rendered":"https:\/\/www.europesays.com\/fr\/106104\/"},"modified":"2025-05-17T04:24:21","modified_gmt":"2025-05-17T04:24:21","slug":"coupe-de-france-neymar-psg-la-carriere-de-christophe-kerbrat-en-chiffres-et-en-photos","status":"publish","type":"post","link":"https:\/\/www.europesays.com\/fr\/106104\/","title":{"rendered":"Coupe de France, Neymar, PSG&#8230;la carri\u00e8re de Christophe Kerbrat en chiffres et en photos"},"content":{"rendered":"<p>De Brest, \u00e0 Guingamp, en passant par Plabennec, pour terminer au Stade Briochin, la carri\u00e8re du Breton Christophe Kerbrat a \u00e9t\u00e9 riche en \u00e9v\u00e8nements.<\/p>\n<p>Le Finist\u00e9rien a d\u2019abord connu des \u00e9pop\u00e9es en Coupe de France avec le Stade Plabennecois, qu\u2019il a quitt\u00e9 pour le voisin guingampais en 2011, avant de rejoindre un autre voisin, le Stade Briochin, en 2020.<\/p>\n<p><img decoding=\"async\" src=\"https:\/\/www.europesays.com\/fr\/wp-content\/uploads\/2025\/05\/6827274bfde85d2e420fb6d4.1.jpeg\" width=\"480\" height=\"300\" class=\"web_golden_m\" loading=\"lazy\" alt=\"Christophe Kerbrat avec le gardien Lo\u00efc Mottier, sous le maillot du Stade Plabennecois.\"\/>Christophe Kerbrat avec le gardien Lo\u00efc Mottier, sous le maillot du Stade Plabennecois. (Photo archives Patrick Tellier)<\/p>\n<p>Un des dates les plus marquantes de sa carri\u00e8re date de plus de dix ans ; <a href=\"https:\/\/www.letelegramme.fr\/cotes-d-armor\/guingamp-22200\/en-avant-guingamp-ces-guingamp-rennes-qui-ont-marque-lhistoire-6497965.php\" target=\"_blank\" rel=\"noopener\">la victoire en finale de la Coupe de France, avec l\u2019En Avant Guingamp, face au Stade Rennais, le 3 mai 2014<\/a> au Stade de France. Le seul titre au palmar\u00e8s de Kerbrat.<\/p>\n<p><img decoding=\"async\" src=\"https:\/\/www.europesays.com\/fr\/wp-content\/uploads\/2025\/05\/6827274be6e078f0f70ab641.1.jpeg\" width=\"480\" height=\"300\" class=\"web_golden_m\" loading=\"lazy\" alt=\"En 2014, Guingamp remporte la Coupe de France face au Stade Rennais.\"\/>En 2014, Guingamp remporte la Coupe de France face au Stade Rennais. (Photo archives Patrick Tellier)<\/p>\n<p>\u00c0 Guingamp, Kerbrat disputera aussi l\u2019Europa League lors de la saison 2014-205, marqu\u00e9e par un beau parcours, et <a href=\"https:\/\/www.letelegramme.fr\/cotes-d-armor\/guingamp-22200\/guingamp-dynamo-kiev-en-coupe-deurope-10-ans-apres-un-choc-qui-se-celebre-6754656.php\" target=\"_blank\" rel=\"noopener\">une \u00e9limination en huiti\u00e8mes de finale face au Dynamo Kiev.<\/a><\/p>\n<p><img decoding=\"async\" src=\"https:\/\/www.europesays.com\/fr\/wp-content\/uploads\/2025\/05\/6827274be6e078f0f70ab640.1.jpeg\" width=\"480\" height=\"300\" class=\"web_golden_m\" loading=\"lazy\" alt=\"Christophe Kerbrat lors du huiti\u00e8me de finale aller d\u2019Europa League face au Dynamo Kiev, remport\u00e9 2-1 par les Guingampais.\"\/>Christophe Kerbrat lors du huiti\u00e8me de finale aller d\u2019Europa League face au Dynamo Kiev, remport\u00e9 2-1 par les Guingampais. (Photo archives Patrick Tellier)<\/p>\n<p>Sous le maillot guingampais, le d\u00e9fenseur central a aussi affront\u00e9 <a href=\"https:\/\/www.letelegramme.fr\/sports\/football\/quand-laventure-francaise-de-neymar-debutait-a-guingamp-en-images-6411008.php\" target=\"_blank\" rel=\"noopener\">un des meilleurs joueurs du monde qui disputait son premier match avec le maillot du Paris-Saint-Germain : le Br\u00e9silien Neymar<\/a>, fra\u00eechement arriv\u00e9 au Paris-Saint-Germain, \u00e0 l\u2019\u00e9t\u00e9 2017, pour 222 millions d\u2019euros.<\/p>\n<p><img decoding=\"async\" src=\"https:\/\/www.europesays.com\/fr\/wp-content\/uploads\/2025\/05\/6827274afde85d2e420fb6d3.1.jpeg\" width=\"480\" height=\"300\" class=\"web_golden_m\" loading=\"lazy\" alt=\"Christophe Kerbrat face \u00e0 Neymar, le 13\u00a0ao\u00fbt 2017, pour le premier match du Br\u00e9silien sous les couleurs du PSG.\"\/>Christophe Kerbrat face \u00e0 Neymar, le 13\u00a0ao\u00fbt 2017, pour le premier match du Br\u00e9silien sous les couleurs du PSG. (Photo Nicolas Cr\u00e9ach)<\/p>\n<p>\u00c0 Guingamp, Christophe Kerbrat disputera 192 rencontres en Ligue 1, et 65 en Ligue 2. Au total, le Finist\u00e9rien disputera plus de 300 matchs sous le maillot rouge et noir, inscrivant deux buts.<\/p>\n<p><img decoding=\"async\" src=\"https:\/\/www.europesays.com\/fr\/wp-content\/uploads\/2025\/05\/6827274ab240d12e79036365.1.jpeg\" width=\"480\" height=\"300\" class=\"web_golden_m\" loading=\"lazy\" alt=\"Christophe Kerbrat et Lionel Mathis sous le maillot d\u2019EAG.\"\/>Christophe Kerbrat et Lionel Mathis sous le maillot d\u2019EAG. (Photo Nicolas Cr\u00e9ach)<img decoding=\"async\" src=\"https:\/\/www.europesays.com\/fr\/wp-content\/uploads\/2025\/05\/6827274a581b5e042402787c.1.jpeg\" width=\"480\" height=\"300\" class=\"web_golden_m\" loading=\"lazy\" alt=\"En juillet\u00a02018, apr\u00e8s un match amical \u00e0 Saint-Quay-Portrieux (22), face \u00e0 Reims, Christophe Kerbrat est le chouchou du public local..\"\/>En juillet\u00a02018, apr\u00e8s un match amical \u00e0 Saint-Quay-Portrieux (22), face \u00e0 Reims, Christophe Kerbrat est le chouchou du public local.. (Photo archives Nicolas Cr\u00e9ach)<img decoding=\"async\" src=\"https:\/\/www.europesays.com\/fr\/wp-content\/uploads\/2025\/05\/6827274ab240d12e79036364.1.jpeg\" width=\"480\" height=\"300\" class=\"web_golden_m\" loading=\"lazy\" alt=\"Christophe Kerbrat et Mamadou Samassa.\"\/>Christophe Kerbrat et Mamadou Samassa. (Photo archives Patrick Tellier)<img decoding=\"async\" src=\"https:\/\/www.europesays.com\/fr\/wp-content\/uploads\/2025\/05\/6827274aa4c45f7bcf055710.1.jpeg\" width=\"480\" height=\"300\" class=\"web_golden_m\" loading=\"lazy\" alt=\"Christophe Kerbrat et son fid\u00e8le co\u00e9quipier, James Le Marer, sous le maillot du Stade Briochin, cette saison.\"\/>Christophe Kerbrat et son fid\u00e8le co\u00e9quipier, James Le Marer, sous le maillot du Stade Briochin, cette saison. (Photo archives Nicolas Cr\u00e9ach)<\/p>\n<p>Au Stade Briochin, la derni\u00e8re saison de sa carri\u00e8re sera marqu\u00e9e par deux accomplissements : <a href=\"https:\/\/www.letelegramme.fr\/sports\/football\/stade-briochin\/direct-saint-brieuc-psg-suivez-le-match-6766029.php\" target=\"_blank\" rel=\"noopener\">un quart de finale de Coupe de France disput\u00e9 face au Paris-Saint-Germain (d\u00e9faite 7-0),<\/a> et <a href=\"https:\/\/www.letelegramme.fr\/sports\/football\/stade-briochin\/n2-avec-la-defaite-de-saint-malo-face-a-blois-le-stade-briochin-retrouve-le-national-6810563.php\" target=\"_blank\" rel=\"noopener\">une mont\u00e9e en National.<\/a><\/p>\n<p><img decoding=\"async\" src=\"https:\/\/www.europesays.com\/fr\/wp-content\/uploads\/2025\/05\/6827274aed4e4edfc3029ea3.1.jpeg\" width=\"480\" height=\"300\" class=\"web_golden_m\" loading=\"lazy\" alt=\"Christophe Kerbrat apr\u00e8s l\u2019\u00e9limination face au PSG en Coupe de France au Roazhon Park.\"\/>Christophe Kerbrat apr\u00e8s l\u2019\u00e9limination face au PSG en Coupe de France au Roazhon Park. (Photo archives Nicolas Cr\u00e9ach)<img decoding=\"async\" src=\"https:\/\/www.europesays.com\/fr\/wp-content\/uploads\/2025\/05\/6827274aed4e4edfc3029ea2.1.jpeg\" width=\"480\" height=\"300\" class=\"web_golden_m\" loading=\"lazy\" alt=\"Sous le maillot du Stade Briochin, Christophe Kerbrat a retrouv\u00e9 l\u2019En Avant Guingamp (B), en National 2.\"\/>Sous le maillot du Stade Briochin, Christophe Kerbrat a retrouv\u00e9 l\u2019En Avant Guingamp (B), en National 2. (Photo archives Laurent Rivier)<\/p>\n<p class=\"titre-tech\">La carri\u00e8re en chiffres<\/p>\n<p class=\"note\"><strong class=\"tech\">38<\/strong>\u00a0: comme son \u00e2ge. Il est n\u00e9 le 2 ao\u00fbt 1986 \u00e0 Brest, Clinique Pasteur.<\/p>\n<p class=\"note\"><strong class=\"tech\">2<\/strong>\u00a0: Avec Plabennec, il est all\u00e9 jusqu\u2019en 8e de finale \u00e0 Auxerre (0-4) apr\u00e8s avoir \u00e9limin\u00e9 deux clubs de Ligue 1, Nice et Nancy. Il a disput\u00e9 172 matchs avec Plab\u2019, dont 79 en National.<\/p>\n<p class=\"note\"><strong class=\"tech\">308<\/strong>\u00a0: comme le nombre de matchs professionnels disput\u00e9s avec Guingamp (194 en Ligue 1, 6 en Europa League). Seul Coco Michel a fait mieux (386). Christophe Kerbrat a \u00e9volu\u00e9 neuf saisons \u00e0 Guingamp (2011-2020).<\/p>\n<p class=\"note\"><strong class=\"tech\">1<\/strong>\u00a0: il a remport\u00e9 une Coupe de France, avec Guingamp, \u00e9dition 2014, contre le Stade Rennais (2-0).<\/p>\n<p class=\"note\"><strong class=\"tech\">4<\/strong>\u00a0: avec le Stade Briochin, cette saison, il a \u00e9limin\u00e9 trois clubs professionnels (Le Havre, Annecy, Nice) avant d\u2019en d\u00e9fier un quatri\u00e8me, le grand Paris SG, en quart de finale, le 26 f\u00e9vrier au Roazhon Park de Rennes (0-7).<\/p>\n<p class=\"note\"><strong class=\"tech\">130<\/strong>\u00a0: le match de samedi sera le 130e et dernier avec le Stade Briochin (80 de National, 18 de N2).<\/p>\n","protected":false},"excerpt":{"rendered":"De Brest, \u00e0 Guingamp, en passant par Plabennec, pour terminer au Stade Briochin, la carri\u00e8re du Breton Christophe&hellip;\n","protected":false},"author":2,"featured_media":106105,"comment_status":"","ping_status":"","sticky":false,"template":"","format":"standard","meta":{"footnotes":""},"categories":[4],"tags":[11,9594,63,1011,27,4044,2131,12,22312,25,4937,60,12089],"class_list":{"0":"post-106104","1":"post","2":"type-post","3":"status-publish","4":"format-standard","5":"has-post-thumbnail","7":"category-france","8":"tag-actualites","9":"tag-en-avant-guingamp","10":"tag-football","11":"tag-fr","12":"tag-france","13":"tag-guingamp","14":"tag-morlaix","15":"tag-news","16":"tag-plabennec","17":"tag-republique-francaise","18":"tag-saint-brieuc","19":"tag-sports","20":"tag-stade-briochin"},"share_on_mastodon":{"url":"https:\/\/pubeurope.com\/@fr\/114521274339444052","error":""},"_links":{"self":[{"href":"https:\/\/www.europesays.com\/fr\/wp-json\/wp\/v2\/posts\/106104","targetHints":{"allow":["GET"]}}],"collection":[{"href":"https:\/\/www.europesays.com\/fr\/wp-json\/wp\/v2\/posts"}],"about":[{"href":"https:\/\/www.europesays.com\/fr\/wp-json\/wp\/v2\/types\/post"}],"author":[{"embeddable":true,"href":"https:\/\/www.europesays.com\/fr\/wp-json\/wp\/v2\/users\/2"}],"replies":[{"embeddable":true,"href":"https:\/\/www.europesays.com\/fr\/wp-json\/wp\/v2\/comments?post=106104"}],"version-history":[{"count":0,"href":"https:\/\/www.europesays.com\/fr\/wp-json\/wp\/v2\/posts\/106104\/revisions"}],"wp:featuredmedia":[{"embeddable":true,"href":"https:\/\/www.europesays.com\/fr\/wp-json\/wp\/v2\/media\/106105"}],"wp:attachment":[{"href":"https:\/\/www.europesays.com\/fr\/wp-json\/wp\/v2\/media?parent=106104"}],"wp:term":[{"taxonomy":"category","embeddable":true,"href":"https:\/\/www.europesays.com\/fr\/wp-json\/wp\/v2\/categories?post=106104"},{"taxonomy":"post_tag","embeddable":true,"href":"https:\/\/www.europesays.com\/fr\/wp-json\/wp\/v2\/tags?post=106104"}],"curies":[{"name":"wp","href":"https:\/\/api.w.org\/{rel}","templated":true}]}}