{"id":106108,"date":"2025-05-17T04:27:12","date_gmt":"2025-05-17T04:27:12","guid":{"rendered":"https:\/\/www.europesays.com\/fr\/106108\/"},"modified":"2025-05-17T04:27:12","modified_gmt":"2025-05-17T04:27:12","slug":"deux-joueurs-affichent-leur-devotion-pour-le-stade-francais","status":"publish","type":"post","link":"https:\/\/www.europesays.com\/fr\/106108\/","title":{"rendered":"deux joueurs affichent leur d\u00e9votion pour le Stade Fran\u00e7ais"},"content":{"rendered":"<p>            Par<br \/>\n        <strong><br \/>\n            <a href=\"https:\/\/actu.fr\/auteur\/nicolas-dendri-actu-fr\" title=\"Consulter tous les articles de Nicolas Dendri\" target=\"_blank\" rel=\"noopener\">Nicolas Dendri<\/a><br \/>\n        <\/strong><\/p>\n<p>        Publi\u00e9 le<\/p>\n<p>            16 mai 2025 \u00e0 19h10        <\/p>\n<p>Au c\u0153ur de la temp\u00eate pour se maintenir en <a href=\"https:\/\/actu.fr\/rugby\/top-14\" target=\"_blank\" rel=\"noopener\">Top 14<\/a>, le <strong>Stade Fran\u00e7ais<\/strong> a enregistr\u00e9 la prolongation d\u2019un joueur cadre, arriv\u00e9 au d\u00e9but de la saison 2022-2023. <a href=\"https:\/\/actu.fr\/rugby\/joueur\/ward_64e0d0bb7b8c09c4fed0f2bd\/\" target=\"_blank\" rel=\"noopener\">Jeremy Ward<\/a> a annonc\u00e9 dans la semaine \u00e0 nos confr\u00e8res de Midi Olympique son intention de rester \u00e0 Paris \u00ab\u00a0quoi qu\u2019il se passe.\u00a0\u00bb Pr\u00e9sent en conf\u00e9rence de presse, le trois-quarts centre sud-africain a soulign\u00e9 son engagement pour le club. Tout comme <a href=\"https:\/\/actu.fr\/rugby\/joueur\/alo-emile_653e3eb4f2c03f0c6971ef31\/\" target=\"_blank\" rel=\"noopener\">Paul Alo-Emile<\/a> qui \u00e9tait \u00e0 ses c\u00f4t\u00e9s face aux journalistes ce jeudi 15 mai.\u00a0<\/p>\n<p>Stade Fran\u00e7ais : Ward et Alo-Emile et leur d\u00e9claration<\/p>\n<p class=\" wall-content\">Bless\u00e9 au mollet \u00e0 la fin du mois de mars contre Montpellier,\u00a0Jeremy Ward a fait son retour la semaine derni\u00e8re face \u00e0 Perpignan. Une courte d\u00e9faite (20-18) apr\u00e8s laquelle les Parisiens sont \u00e0 la <strong>13e place<\/strong> \u00e0 un point de la derni\u00e8re position occup\u00e9e par Vannes. Une situation qui met <strong>le Stade Fran\u00e7ais au pied du mur<\/strong> sur ses trois derniers matchs.\u00a0<\/p>\n<p class=\" wall-content\">\u00ab\u00a0Je ne joue pas pour ma carri\u00e8re. Je joue pour le maillot, pour le club, pour les anciens joueurs et pour tout le monde qui repr\u00e9sente le club. C\u2019est vraiment important. Je ne suis pas Fran\u00e7ais. Je ne suis pas n\u00e9 ici mais <strong>je suis Parisien maintenant<\/strong>\u00ab\u00a0, souligne Jeremy Ward face \u00e0 la mission de maintenir le club au plus haut niveau du rugby fran\u00e7ais.\u00a0<\/p>\n<p class=\" wall-content\">Arriv\u00e9 \u00e0 Paris il y a 10 ans en provenance d\u2019Australie, Paul Alo-Emile reconna\u00eet que \u00ab\u00a0<strong>cette saison est la plus compliqu\u00e9e<\/strong>\u00a0\u00bb qu\u2019il ait connue. Pour le pilier australien de 33 ans, le maintien serait une r\u00e9tribution par rapport \u00e0 ce que le Stade Fran\u00e7ais lui a offert :\u00a0<\/p>\n<blockquote class=\"ac-article-quote wall-content\">\n<p>\u00ab\u00a0C&rsquo;est le club qui m&rsquo;a fait grandir comme pilier. Je suis toujours reconnaissant que le club m&rsquo;a donn\u00e9 cette chance de venir-l\u00e0. Au tout d\u00e9but, c&rsquo;est un club qui m&rsquo;a donn\u00e9 une chance pour moi qui \u00e9tait un jeune pilier en Australie. Je n&rsquo;avais pas fait grand-chose, seulement quelques matchs de Super Rugby.\u00a0\u00bb<\/p>\n<p>    <strong>Paul Alo-Emile<\/strong><br \/>\n        Pilier du Stade Fran\u00e7ais     <\/p><\/blockquote>\n<p class=\" wall-content\">\n<p>Les vid\u00e9os des anciens du Stade Fran\u00e7ais<\/p>\n<p class=\" wall-content\">En plus du travail mental mis en place pour le staff de Paul Gustard, <a href=\"https:\/\/actu.fr\/ile-de-france\/paris_75056\/ils-nous-a-laisse-un-beau-message-la-mobilisation-des-anciens-du-stade-francais-pour-le-maintien_62601071.html\" target=\"_blank\" rel=\"noopener\">plusieurs anciens du Stade Fran\u00e7ais ont fait des vid\u00e9os<\/a> pour soutenir l\u2019\u00e9quipe suite \u00e0 une initiative lanc\u00e9e par Mathieu Blin, consultant de la m\u00eal\u00e9e.\u00a0<\/p>\n<p class=\" wall-content\">Jeremy Ward a donn\u00e9 son sentiment par rapport aux messages envoy\u00e9s par les anciennes figures parisiennes. \u00ab\u00a0La fiert\u00e9 d\u2019\u00eatre un joueur pour le Stade Fran\u00e7ais. La fiert\u00e9 d\u2019avoir le privil\u00e8ge de se donner pour le maillot. Chaque fois que tu es sur le terrain et que tu as l\u2019opportunit\u00e9 de te donner pour le maillot, c\u2019est un privil\u00e8ge\u00a0\u00bb, a r\u00e9pondu le joueur de 29 ans qui sera titulaire ce week-end face \u00e0 Lyon.\u00a0<\/p>\n<p class=\" wall-content\">\u00ab\u00a0Je vois des joueurs qui, comme Jeremy l\u2019a dit, sont fiers de ce club. Il y a des joueurs qui ont mont\u00e9 le club\u00a0\u00bb, a poursuivi Paul Alo-Emile avant de livrer son sentiment profond sur l\u2019urgence v\u00e9cue par le club :\u00a0<\/p>\n<blockquote class=\"ac-article-quote wall-content\">\n<p>\u00ab\u00a0Quand je porte ce maillot, c&rsquo;est honteux. Je suis dans l&rsquo;\u00e9quipe et je fais partie de l&rsquo;\u00e9quipe qui peut descendre. Je suis donc l\u00e0 pour jouer et je ne peux pas laisser le club descendre.\u00a0\u00bb<\/p>\n<p>    <strong>Paul Alo-Emile<\/strong><br \/>\n        Pilier du Stade Fran\u00e7ais     <\/p><\/blockquote>\n<p class=\" wall-content\">Pour \u00e9viter de descendre, les Parisiens devront faire un r\u00e9sultat ce samedi 17 mai lors de la 24e journ\u00e9e face \u00e0 Lyon.\u00a0<\/p>\n<p class=\" wall-content\">Suivez toute l\u2019actualit\u00e9 de vos villes et m\u00e9dias favoris en vous inscrivant \u00e0 <a href=\"https:\/\/moncompte.actu.fr\" title=\"D\u00e9couvez Mon Actu\" rel=\"nofollow noopener\" data-trk=\"{&quot;cta&quot;:{&quot;action&quot;:&quot;https:\\\/\\\/moncompte.actu.fr&quot;,&quot;category&quot;:&quot;mon compte&quot;,&quot;from&quot;:&quot;article footer&quot;,&quot;name&quot;:&quot;Mon actu&quot;,&quot;type&quot;:&quot;cta&quot;}}\" target=\"_blank\">Mon Actu<\/a>.<\/p>\n","protected":false},"excerpt":{"rendered":"Par Nicolas Dendri Publi\u00e9 le 16 mai 2025 \u00e0 19h10 Au c\u0153ur de la temp\u00eate pour se maintenir&hellip;\n","protected":false},"author":2,"featured_media":106109,"comment_status":"","ping_status":"","sticky":false,"template":"","format":"standard","meta":{"footnotes":""},"categories":[1416],"tags":[1011,27,3788,479,1468,60,2558,478],"class_list":{"0":"post-106108","1":"post","2":"type-post","3":"status-publish","4":"format-standard","5":"has-post-thumbnail","7":"category-rugby","8":"tag-fr","9":"tag-france","10":"tag-pro","11":"tag-rugby","12":"tag-rugby-football","13":"tag-sports","14":"tag-stade-francais","15":"tag-top-14"},"share_on_mastodon":{"url":"https:\/\/pubeurope.com\/@fr\/114521285836192342","error":""},"_links":{"self":[{"href":"https:\/\/www.europesays.com\/fr\/wp-json\/wp\/v2\/posts\/106108","targetHints":{"allow":["GET"]}}],"collection":[{"href":"https:\/\/www.europesays.com\/fr\/wp-json\/wp\/v2\/posts"}],"about":[{"href":"https:\/\/www.europesays.com\/fr\/wp-json\/wp\/v2\/types\/post"}],"author":[{"embeddable":true,"href":"https:\/\/www.europesays.com\/fr\/wp-json\/wp\/v2\/users\/2"}],"replies":[{"embeddable":true,"href":"https:\/\/www.europesays.com\/fr\/wp-json\/wp\/v2\/comments?post=106108"}],"version-history":[{"count":0,"href":"https:\/\/www.europesays.com\/fr\/wp-json\/wp\/v2\/posts\/106108\/revisions"}],"wp:featuredmedia":[{"embeddable":true,"href":"https:\/\/www.europesays.com\/fr\/wp-json\/wp\/v2\/media\/106109"}],"wp:attachment":[{"href":"https:\/\/www.europesays.com\/fr\/wp-json\/wp\/v2\/media?parent=106108"}],"wp:term":[{"taxonomy":"category","embeddable":true,"href":"https:\/\/www.europesays.com\/fr\/wp-json\/wp\/v2\/categories?post=106108"},{"taxonomy":"post_tag","embeddable":true,"href":"https:\/\/www.europesays.com\/fr\/wp-json\/wp\/v2\/tags?post=106108"}],"curies":[{"name":"wp","href":"https:\/\/api.w.org\/{rel}","templated":true}]}}