{"id":106119,"date":"2025-05-17T04:34:12","date_gmt":"2025-05-17T04:34:12","guid":{"rendered":"https:\/\/www.europesays.com\/fr\/106119\/"},"modified":"2025-05-17T04:34:12","modified_gmt":"2025-05-17T04:34:12","slug":"cannes-2025-juliette-binoche-audacieuse-ce-detail-sans-pareil-de-son-look-fait-mouche","status":"publish","type":"post","link":"https:\/\/www.europesays.com\/fr\/106119\/","title":{"rendered":"CANNES 2025. Juliette Binoche audacieuse : ce d\u00e9tail sans pareil de son look fait mouche"},"content":{"rendered":"<p>Cela fait d\u00e9j\u00e0 trois jours que l<strong>a 78\u00e8me \u00e9dition du<br \/>\nFestival de Cannes<\/strong> bat son plein. Tout autant de jours o\u00f9<br \/>\nles c\u00e9l\u00e9brit\u00e9s se succ\u00e8dent et affichent des looks plus ou moins<br \/>\nsalu\u00e9s par les internautes.<\/p>\n<p>Si le tapis rouge a vu se succ\u00e9der de nombreuses stars<br \/>\nam\u00e9ricaines, des c\u00e9l\u00e9brit\u00e9s fran\u00e7aises font aussi sensation.<br \/>\nVendredi 16 mai, c\u2019est la pr\u00e9sidente Juliette Binoche qui a retenu<br \/>\nl\u2019attention.<\/p>\n<p>Juliette Binoche fait sensation avec ses lunettes de<br \/>\nsoleil<\/p>\n<p>Vendredi 16 mai, l\u2019ensemble du jury a mont\u00e9 les marches \u00e0<br \/>\nl\u2019occasion du film Eddington. Cette ann\u00e9e, <a href=\"https:\/\/www.closermag.fr\/people\/juliette-binoche-a-quoi-ressemblait-la-presidente-du-jury-lors-de-son-premier-festival-de-cannes-3543650\" target=\"_blank\" rel=\"noopener\"><br \/>\nJuliette Binoche pr\u00e9side le jury.<\/a> Elle est accompang\u00e9e de\u00a0<br \/>\nl\u2019actrice am\u00e9ricaine Halle Berry, du r\u00e9alisateur sud-cor\u00e9en Hong<br \/>\nSang-soo, de l\u2019\u00e9crivain franco-marocain Le\u00efla Slimani, de l\u2019acteur<br \/>\nam\u00e9ricain Jeremy Strong, de la cin\u00e9aste indienne Payal Kapadia, de<br \/>\nl\u2019actrice italienne Alba Rohrwacher, du documentariste congolais<br \/>\nDieudo Hamadi et du r\u00e9alisateur mexicain Carlos Reygadas. Ce<br \/>\njour-l\u00e0, <a href=\"https:\/\/www.closermag.fr\/people\/cannes-2025-le-sexe-et-la-drogue-juliette-binoche-nelude-aucun-sujet-tabou-3544644\" target=\"_blank\" rel=\"noopener\"><br \/>\nla pr\u00e9sidente du jury<\/a> a de nouveau fait mouche avec son look.<br \/>\nAujourd\u2019hui, elle choisit <strong>un look entre le blanc et l\u2019\u00e9cru,<br \/>\nmais avec un d\u00e9tail qui a tout chang\u00e9.<\/strong><\/p>\n<p>Ainsi, l\u2019actrice a rev\u00eatu un pantalon de tailleur \u00e9cru, cintr\u00e9<br \/>\nau niveau de la taille, mais tr\u00e8s large au niveau des jambes. Il<br \/>\ntombait sur ses chevilles, cachant ainsi ses chaussures. Elle<br \/>\nportait une veste blazer accord\u00e9, elle aussi de couleur \u00e9cru. Sous<br \/>\nce blazer, une simple chemise blanche, avec une longue cravate<br \/>\ntombant sous la taille. Mais ce qui a marqu\u00e9, ce sont <strong>ses<br \/>\nlunettes de soleil, avec un top bar et un bridge, de couleur<br \/>\nnoir.<\/strong> Elles ont permis d\u2019apporter encore plus de classe et<br \/>\nde contrast\u00e9 avec le blanc des v\u00eatements. Juliette Binoche a<br \/>\ncompl\u00e9t\u00e9 son look avec de nombreux bijoux. Elle portrait des<br \/>\nboucles d\u2019oreilles scintillantes de couleur argent\u00e9. Elle avait<br \/>\naussi de nombreuses bagues, notamment sur sa main gauche. Juliette<br \/>\nBinoche a m\u00eame superpos\u00e9 plusieurs bagues, une mani\u00e8re tr\u00e8s<br \/>\ntendance de porter ce bijou.<\/p>\n<p><img aria-describedby=\"caption-attachment-3545698\" itemprop=\"thumbnailUrl\" decoding=\"async\" loading=\"lazy\" class=\"size-full wp-image-3545698 img-responsive\" src=\"https:\/\/www.europesays.com\/fr\/wp-content\/uploads\/2025\/05\/bestimage_00706855_000040.jpg\" alt=\"\" width=\"1200\" height=\"1799\"\/> \u00a9 \u00a9 Jacovides-Moreau \/<br \/>\nBestimage<\/p>\n<p id=\"caption-attachment-3545698\" class=\"wp-caption-text\">Juliette<br \/>\nBinoche &#8211; Mont\u00e9e des marches du film \u00ab Eddington \u00bb lors du 78\u00e8me<br \/>\nFestival International du Film de Cannes, au Palais des Festivals \u00e0<br \/>\nCannes. Le 16 mai 2025<\/p>\n<p>Hollywood est \u00e0 Cannes pour une<br \/>\nnouvelle projection<\/p>\n<p>Ce vendredi 16 mai, Cannes a eu des airs d\u2019Hollywood. En effet,<br \/>\nJoaquin Phoenix, <a href=\"https:\/\/www.closermag.fr\/people\/emma-stone-qui-est-son-mari-et-pere-de-sa-fille-3437202\" target=\"_blank\" rel=\"noopener\"><br \/>\nEmma Stone<\/a> et Pedro Pascal ont mont\u00e9 les marches. Ils se sont<br \/>\nfait remarquer avant m\u00eame d\u2019arriver, en raison de leur retard. En<br \/>\neffet, lors de cet \u00e9v\u00e9nement, tout est millim\u00e9tr\u00e9.<\/p>\n<p>Cependant Emma Stone a tout de m\u00eame fait une entr\u00e9e remarqu\u00e9e,<br \/>\navec ses cheveux courts et roux coiff\u00e9s en arri\u00e8re, mais surtout<br \/>\navec sa sublime robe blanche. Elle est arriv\u00e9e en compagnie de<br \/>\nRooney Mara, Pedro Pascal et Austin Butler<\/p>\n","protected":false},"excerpt":{"rendered":"Cela fait d\u00e9j\u00e0 trois jours que la 78\u00e8me \u00e9dition du Festival de Cannes bat son plein. Tout autant&hellip;\n","protected":false},"author":2,"featured_media":106120,"comment_status":"","ping_status":"","sticky":false,"template":"","format":"standard","meta":{"footnotes":""},"categories":[1359],"tags":[548,58,59,1011,27,5683,973],"class_list":{"0":"post-106119","1":"post","2":"type-post","3":"status-publish","4":"format-standard","5":"has-post-thumbnail","7":"category-people","8":"tag-article-simple","9":"tag-divertissement","10":"tag-entertainment","11":"tag-fr","12":"tag-france","13":"tag-juliette-binoche","14":"tag-people"},"share_on_mastodon":{"url":"https:\/\/pubeurope.com\/@fr\/114521313511506687","error":""},"_links":{"self":[{"href":"https:\/\/www.europesays.com\/fr\/wp-json\/wp\/v2\/posts\/106119","targetHints":{"allow":["GET"]}}],"collection":[{"href":"https:\/\/www.europesays.com\/fr\/wp-json\/wp\/v2\/posts"}],"about":[{"href":"https:\/\/www.europesays.com\/fr\/wp-json\/wp\/v2\/types\/post"}],"author":[{"embeddable":true,"href":"https:\/\/www.europesays.com\/fr\/wp-json\/wp\/v2\/users\/2"}],"replies":[{"embeddable":true,"href":"https:\/\/www.europesays.com\/fr\/wp-json\/wp\/v2\/comments?post=106119"}],"version-history":[{"count":0,"href":"https:\/\/www.europesays.com\/fr\/wp-json\/wp\/v2\/posts\/106119\/revisions"}],"wp:featuredmedia":[{"embeddable":true,"href":"https:\/\/www.europesays.com\/fr\/wp-json\/wp\/v2\/media\/106120"}],"wp:attachment":[{"href":"https:\/\/www.europesays.com\/fr\/wp-json\/wp\/v2\/media?parent=106119"}],"wp:term":[{"taxonomy":"category","embeddable":true,"href":"https:\/\/www.europesays.com\/fr\/wp-json\/wp\/v2\/categories?post=106119"},{"taxonomy":"post_tag","embeddable":true,"href":"https:\/\/www.europesays.com\/fr\/wp-json\/wp\/v2\/tags?post=106119"}],"curies":[{"name":"wp","href":"https:\/\/api.w.org\/{rel}","templated":true}]}}