{"id":10612,"date":"2025-04-08T16:11:11","date_gmt":"2025-04-08T16:11:11","guid":{"rendered":"https:\/\/www.europesays.com\/fr\/10612\/"},"modified":"2025-04-08T16:11:11","modified_gmt":"2025-04-08T16:11:11","slug":"a-paris-lincendie-dans-le-xviie-arrondissement-nest-pas-eteint-mais-maitrise-pas-de-toxicite-a-ce-stade","status":"publish","type":"post","link":"https:\/\/www.europesays.com\/fr\/10612\/","title":{"rendered":"\u00c0 Paris, l\u2019incendie dans le XVIIe arrondissement n\u2019est \u00ab\u00a0pas \u00e9teint\u00a0\u00bb mais \u00ab\u00a0ma\u00eetris\u00e9\u00a0\u00bb, pas de toxicit\u00e9 \u00e0 ce stade"},"content":{"rendered":"\n<p> La lecture de ce contenu est susceptible d\u2019entra\u00eener un d\u00e9p\u00f4t de cookies de la part de l\u2019op\u00e9rateur tiers qui l\u2019h\u00e9berge. Compte-tenu des choix que vous avez exprim\u00e9s en mati\u00e8re de d\u00e9p\u00f4t de cookies, nous avons bloqu\u00e9 l\u2019affichage de ce contenu. Si vous souhaitez y acc\u00e9der, vous devez accepter la cat\u00e9gorie de cookies \u201cContenus tiers\u201d en cliquant sur le bouton ci-dessous. <\/p>\n<p> Lire la Vid\u00e9o              <\/p>\n<p class=\"asset asset-text\">INCENDIE &#8211; Les flammes sont ma\u00eetris\u00e9es, mais pas compl\u00e8tement \u00e9teintes. L\u2019<a href=\"https:\/\/www.huffingtonpost.fr\/environnement\/article\/en-californie-le-plus-vieil-arbre-du-monde-est-en-danger-a-cause-d-un-incendie_248274.html\" target=\"_blank\" rel=\"noopener\">incendie<\/a> spectaculaire qui a ravag\u00e9 lundi 7\u00a0avril dans la soir\u00e9e un centre de d\u00e9chets dans le 17e arrondissement de <a href=\"https:\/\/www.huffingtonpost.fr\/politique\/article\/ce-que-prevoit-la-reforme-controversee-des-municipales-a-paris-lyon-et-marseille_248480.html\" target=\"_blank\" rel=\"noopener\">Paris<\/a>, \u00e0 proximit\u00e9 du Palais de justice, a \u00e9t\u00e9 circonscrit peu avant minuit. Il faudra encore plusieurs heures avant que le feu, qui n\u2019a pas touch\u00e9 les b\u00e2timents alentour, soit compl\u00e8tement \u00e9teint, ont pr\u00e9cis\u00e9 les pompiers.<\/p>\n<p class=\"asset asset-text\">Le feu s\u2019est d\u00e9clar\u00e9 vers 20\u00a0heures et a ravag\u00e9 des locaux du Syctom, le service public de traitement et de valorisation des d\u00e9chets m\u00e9nagers de 82 communes en \u00cele-de-France.\u00a0Les nombreuses vid\u00e9os prises par des passants montraient des locaux d\u00e9truits par les flammes. \u00ab\u00a0Une grande partie du b\u00e2timent s\u2019est effondr\u00e9 sur lui-m\u00eame\u00a0\u00bb, ont ajout\u00e9 les pompiers.<\/p>\n<p class=\"asset asset-text\">\u00ab\u00a0Les employ\u00e9s du centre de tri ont \u00e9t\u00e9 \u00e9vacu\u00e9s\u00a0\u00bb, a assur\u00e9 une source polici\u00e8re \u00e0 l\u2019AFP. De leur c\u00f4t\u00e9, les pompiers ont indiqu\u00e9 qu\u2019un seul bless\u00e9 \u00ab\u00a0tr\u00e8s l\u00e9ger\u00a0\u00bb est \u00e0 recenser, il s\u2019agit d\u2019un employ\u00e9 du Syctom. \u00ab\u00a045\u00a0engins et 180\u00a0effectifs militaires de la brigade de sapeurs-pompiers\u00a0\u00bb ont \u00e9t\u00e9 engag\u00e9s, a d\u00e9taill\u00e9 le pr\u00e9fet de police de Paris <a href=\"https:\/\/www.huffingtonpost.fr\/france\/article\/laurent-nunez-prefet-de-paris-veut-maintenir-la-videosurveillance-algorithmique-testee-pendant-les-jo_240104.html\" target=\"_blank\" rel=\"noopener\">Laurent Nu\u00f1ez<\/a>, qui a fait \u00e9tat d\u2019\u00ab\u00a0un effondrement \u00e0 l\u2019int\u00e9rieur du b\u00e2timent\u00a0\u00bb.<\/p>\n<p>    \u00ab\u00a0Aucune toxicit\u00e9 pour l\u2019instant\u00a0\u00bb    <\/p>\n<p class=\"asset asset-text\">Au vu de l\u2019impressionnant panache de fum\u00e9e qui se d\u00e9gageait de l\u2019incendie, la question de la qualit\u00e9 de l\u2019air aux alentours de l\u2019incendie s\u2019est rapidement pos\u00e9e. \u00ab\u00a0La brigade des sapeurs-pompiers effectue des pr\u00e9l\u00e8vements au plus pr\u00e8s, puis au plus loin, pour l\u2019instant on ne d\u00e9tecte aucune toxicit\u00e9\u00a0\u00bb, a fait savoir Laurent Nu\u00f1ez, indiquant par ailleurs que les pr\u00e9l\u00e8vements d\u2019Airparif \u00ab\u00a0sur l\u2019ensemble de la r\u00e9gion \u00cele-de-France\u00a0\u00bb sont eux aussi rassurants.<\/p>\n<p class=\"asset asset-text\">\u00ab\u00a0On a quand m\u00eame d\u00e9fini un p\u00e9rim\u00e8tre [\u2026] dans lequel on recommande aux personnes de rester chez elles et de composer le 18\u00a0en cas de difficult\u00e9s respiratoires\u00a0\u00bb, a annonc\u00e9 le pr\u00e9fet de Paris, pr\u00e9cisant que cette zone concerne une partie du 17e arrondissement. \u00ab\u00a0C\u2019est vraiment \u00e0 titre de pr\u00e9caution\u00a0\u00bb, a-t-il insist\u00e9.<\/p>\n<p class=\"asset asset-text\">\u00ab\u00a0Fermez vos fen\u00eatres\u00a0\u00bb, a demand\u00e9 aux riverains la mairie d\u2019arrondissement dans un message sur X repartag\u00e9 par la mairie de Clichy, situ\u00e9e de l\u2019autre c\u00f4t\u00e9 du p\u00e9riph\u00e9rique parisien. Le maire du 17e, Geoffroy Boulard, a redit ce mardi matin sur BFMTV que les mesures de qualit\u00e9 de l\u2019air \u00ab\u00a0se poursuivent\u00a0\u00bb et sont \u00ab\u00a0plut\u00f4t rassurantes\u00a0\u00bb, reconnaissant des \u00ab\u00a0incommodations\u00a0\u00bb li\u00e9es au panache de fum\u00e9e qui s\u2019est \u00e9lev\u00e9 jusqu\u2019\u00e0 \u00ab\u00a0170\u00a0m\u00e8tres\u00a0\u00bb de hauteur.<\/p>\n<p class=\"asset asset-text\">\u00ab\u00a0Il n\u2019y a pas de probl\u00e8me de toxicit\u00e9 de l\u2019air\u00a0\u00bb, a d\u00e9clar\u00e9 de son c\u00f4t\u00e9 le ministre de l\u2019Int\u00e9rieur Bruno Retailleau, interrog\u00e9 ce mardi sur France 2, \u00ab\u00a0mais on y fait tr\u00e8s tr\u00e8s attention \u00e9videmment\u00a0\u00bb, a-t-il ajout\u00e9. \u00ab\u00a0\u00c0 cette heure, il n\u2019y a pas de toxicit\u00e9\u00a0\u00bb, a \u00e9galement assur\u00e9 la ministre de la Transition \u00e9cologique Agn\u00e8s Pannier-Runacher, sur le plateau de <a href=\"https:\/\/www.bfmtv.com\/politique\/incendie-d-un-centre-de-tri-a-paris-a-cette-heure-il-n-y-a-pas-de-toxicite-assure-la-ministre-de-la-transition-ecologique-agnes-pannier-runacher_VN-202504080149.html\" target=\"_blank\" rel=\"noopener\" title=\"Nouvelle fen\u00eatre\">BFMTV<\/a>.<\/p>\n<p>                     Un feu \u00ab\u00a0pas encore \u00e9teint\u00a0\u00bb mais \u00e0 l\u2019intensit\u00e9 \u00ab\u00a0r\u00e9duite\u00a0\u00bb    <\/p>\n<p class=\"asset asset-text\">Pr\u00e9sent ce mardi 8\u00a0avril \u00e0 proximit\u00e9 du site de l\u2019incendie, <a href=\"https:\/\/www.leparisien.fr\/paris-75\/spectaculaire-incendie-dun-centre-de-tri-a-paris-feu-circonscrit-peripherique-rouvert-fumees-le-point-sur-la-situation-08-04-2025-H3LBTHOU35BNBKZPBJ7RPWLFPU.php\" target=\"_blank\" rel=\"noopener\" title=\"Nouvelle fen\u00eatre\">Le Parisien<\/a> indique que des fum\u00e9es se d\u00e9gageaient encore du site \u00e0 l\u2019aube. Le feu \u00ab\u00a0n\u2019est pas encore \u00e9teint\u00a0\u00bb mais son intensit\u00e9 est \u00ab\u00a0vraiment r\u00e9duite\u00a0\u00bb, ont pr\u00e9cis\u00e9 les pompiers \u00e0 l\u2019AFP, assurant que les \u00ab\u00a0quelques flammes\u00a0\u00bb persistantes sont r\u00e9duites \u00ab\u00a0\u00e0 un espace que l\u2019on conna\u00eet\u00a0\u00bb.<\/p>\n<p class=\"asset asset-text\">L\u2019incendie devrait \u00eatre compl\u00e8tement \u00e9teint \u00ab\u00a0\u00e0 la mi-matin\u00e9e ou en fin de matin\u00e9e\u00a0\u00bb, ont-ils fait savoir, pr\u00e9cisant que quatre-vingts soldats du feu sont encore pr\u00e9sents sur place. Le dispositif de surveillance est pour le moment maintenu et le p\u00e9rim\u00e8tre de s\u00e9curit\u00e9 n\u2019est pas encore lev\u00e9. \u00ab\u00a0Le b\u00e2timent est compl\u00e8tement ravag\u00e9 et d\u00e9truit\u00a0\u00bb, a d\u00e9crit Geoffroy Boulard au micro de BFMTV, \u00ab\u00a0les pompiers sont arriv\u00e9s tr\u00e8s vite, mais le feu a pris en souterrain et s\u2019est propag\u00e9 \u00e0 tout le b\u00e2timent par la suite\u00a0\u00bb.<\/p>\n<p class=\"asset asset-text\"><strong>\u00c0 voir \u00e9galement sur Le HuffPost\u00a0:<\/strong><\/p>\n<p> La lecture de ce contenu est susceptible d\u2019entra\u00eener un d\u00e9p\u00f4t de cookies de la part de l\u2019op\u00e9rateur tiers qui l\u2019h\u00e9berge. Compte-tenu des choix que vous avez exprim\u00e9s en mati\u00e8re de d\u00e9p\u00f4t de cookies, nous avons bloqu\u00e9 l\u2019affichage de ce contenu. Si vous souhaitez y acc\u00e9der, vous devez accepter la cat\u00e9gorie de cookies \u201cContenus tiers\u201d en cliquant sur le bouton ci-dessous. <\/p>\n<p> Lire la Vid\u00e9o                <\/p>\n","protected":false},"excerpt":{"rendered":"La lecture de ce contenu est susceptible d\u2019entra\u00eener un d\u00e9p\u00f4t de cookies de la part de l\u2019op\u00e9rateur tiers&hellip;\n","protected":false},"author":2,"featured_media":10613,"comment_status":"","ping_status":"","sticky":false,"template":"","format":"standard","meta":{"footnotes":""},"categories":[1888],"tags":[11,1777,674,1312,1011,27,1310,12,2532,626,25,5153],"class_list":{"0":"post-10612","1":"post","2":"type-post","3":"status-publish","4":"format-standard","5":"has-post-thumbnail","7":"category-paris","8":"tag-actualites","9":"tag-eu","10":"tag-europe","11":"tag-feu","12":"tag-fr","13":"tag-france","14":"tag-incendie","15":"tag-news","16":"tag-nos-videos","17":"tag-paris","18":"tag-republique-francaise","19":"tag-sapeurs-pompiers"},"share_on_mastodon":{"url":"https:\/\/pubeurope.com\/@fr\/114303224270089577","error":""},"_links":{"self":[{"href":"https:\/\/www.europesays.com\/fr\/wp-json\/wp\/v2\/posts\/10612","targetHints":{"allow":["GET"]}}],"collection":[{"href":"https:\/\/www.europesays.com\/fr\/wp-json\/wp\/v2\/posts"}],"about":[{"href":"https:\/\/www.europesays.com\/fr\/wp-json\/wp\/v2\/types\/post"}],"author":[{"embeddable":true,"href":"https:\/\/www.europesays.com\/fr\/wp-json\/wp\/v2\/users\/2"}],"replies":[{"embeddable":true,"href":"https:\/\/www.europesays.com\/fr\/wp-json\/wp\/v2\/comments?post=10612"}],"version-history":[{"count":0,"href":"https:\/\/www.europesays.com\/fr\/wp-json\/wp\/v2\/posts\/10612\/revisions"}],"wp:featuredmedia":[{"embeddable":true,"href":"https:\/\/www.europesays.com\/fr\/wp-json\/wp\/v2\/media\/10613"}],"wp:attachment":[{"href":"https:\/\/www.europesays.com\/fr\/wp-json\/wp\/v2\/media?parent=10612"}],"wp:term":[{"taxonomy":"category","embeddable":true,"href":"https:\/\/www.europesays.com\/fr\/wp-json\/wp\/v2\/categories?post=10612"},{"taxonomy":"post_tag","embeddable":true,"href":"https:\/\/www.europesays.com\/fr\/wp-json\/wp\/v2\/tags?post=10612"}],"curies":[{"name":"wp","href":"https:\/\/api.w.org\/{rel}","templated":true}]}}