{"id":1061211,"date":"2026-07-13T02:56:09","date_gmt":"2026-07-13T02:56:09","guid":{"rendered":"https:\/\/www.europesays.com\/fr\/1061211\/"},"modified":"2026-07-13T02:56:09","modified_gmt":"2026-07-13T02:56:09","slug":"meteo-la-meteo-du-lundi-13-juillet-2026-a-vitry-sur-seine-et-ses-environs","status":"publish","type":"post","link":"https:\/\/www.europesays.com\/fr\/1061211\/","title":{"rendered":"M\u00e9t\u00e9o. La m\u00e9t\u00e9o du lundi 13 juillet 2026 \u00e0 Vitry-sur-Seine et ses environs"},"content":{"rendered":"<p>La matin\u00e9e du lundi 13 juillet 2026 d\u00e9butera sous un voile de nuages \u00e9lev\u00e9s, suivi d\u2019un ciel couvert plus durable. Les temp\u00e9ratures resteront \u00e9lev\u00e9es, passant d\u2019un niveau d\u00e9j\u00e0 chaud en d\u00e9but de matin\u00e9e \u00e0 plus de 30 \u00b0C avant midi. Le vent, d\u2019abord \u00e9tabli au Nord-Est \u00e0 15 km\/h avec des rafales pouvant atteindre 30 km\/h, se renforcera en tournant vers l\u2019Est-Nord-Est, jusqu\u2019\u00e0 20 km\/h et 35 km\/h en rafales. L\u2019humidit\u00e9 reculera au fil des heures, pr\u00e9parant un apr\u00e8s-midi lourd.<\/p>\n<p>L\u2019apr\u00e8s-midi, les temp\u00e9ratures resteront tr\u00e8s \u00e9lev\u00e9es, se stabilisant autour de 33 \u00e0 34 \u00b0C sans baisse sensible jusqu\u2019en fin de journ\u00e9e. Dans la continuit\u00e9 de la matin\u00e9e, le ciel demeurera couvert, avec un l\u00e9ger all\u00e8gement de la couverture en toute fin d\u2019apr\u00e8s-midi. Le vent, d\u2019abord orient\u00e9 \u00e0 l\u2019Est, basculera vers le Nord-Nord-Ouest puis le Nord-Est, se renfor\u00e7ant jusqu\u2019\u00e0 30 km\/h avec des rafales pouvant atteindre 55 km\/h. L\u2019humidit\u00e9 restera faible, ne gagnant que l\u00e9g\u00e8rement en fin de p\u00e9riode.<\/p>\n<p>En soir\u00e9e, la chaleur se maintiendra, avec 34 \u00b0C en d\u00e9but de p\u00e9riode, une baisse vers 30 \u00b0C, puis une remont\u00e9e autour de 32 \u00b0C en fin de soir\u00e9e. Dans le prolongement de l\u2019apr\u00e8s-midi, la n\u00e9bulosit\u00e9 \u00e9voluera, avec une alternance de passages tr\u00e8s nuageux et de phases plus d\u00e9gag\u00e9es. Le vent, soufflant d\u2019abord du Nord-Est \u00e0 20 km\/h avec des rafales jusqu\u2019\u00e0 45 km\/h, faiblira vers 10 km\/h. L\u2019humidit\u00e9 augmentera au fil des heures, renfor\u00e7ant la sensation de lourdeur sous un ciel changeant.<\/p>\n<p>Au cours de la nuit du lundi 13 au mardi 14 juillet 2026, la temp\u00e9rature oscillera entre 29 \u00b0C en d\u00e9but de nuit et 28 \u00b0C vers le petit matin, avec une baisse avant l\u2019aube. Dans le prolongement de la soir\u00e9e, le vent, d\u2019abord de secteur Nord-Nord-Est \u00e0 10 km\/h, s\u2019orientera vers le Nord, puis reviendra au Nord-Nord-Est en se renfor\u00e7ant jusqu\u2019\u00e0 15 km\/h avec des rafales pouvant atteindre 25 km\/h. La n\u00e9bulosit\u00e9 augmentera avant de laisser place \u00e0 un voile de nuages \u00e9lev\u00e9s. L\u2019humidit\u00e9, d\u2019abord faible, tendra \u00e0 s\u2019accentuer en fin de nuit.<\/p>\n<p>Pour la journ\u00e9e de mardi, dans la continuit\u00e9 de cette nuit chaude, les temp\u00e9ratures progresseront nettement, passant d\u2019un d\u00e9but de matin\u00e9e d\u00e9j\u00e0 chaud \u00e0 26 \u00b0C pour atteindre 35 \u00e0 36 \u00b0C en milieu et fin d\u2019apr\u00e8s-midi. Le vent restera de provenance Nord-Nord-Est, soufflant autour de 10 km\/h, tandis que les rafales se renforceront pour atteindre jusqu\u2019\u00e0 30 km\/h en seconde partie de journ\u00e9e. La n\u00e9bulosit\u00e9 augmentera entre le matin peu nuageux et un ciel plus charg\u00e9 ensuite, tandis que l\u2019air deviendra plus sec.<\/p>\n<p><a href=\"https:\/\/www.ouest-france.fr\/meteo\/ile-de-france\/vitry-sur-seine-94400\/\" rel=\"nofollow noopener\" target=\"_blank\">Suivez la m\u00e9t\u00e9o de votre commune en temps r\u00e9el<\/a><\/p>\n<p>Ouest-France vous donne \u00e9galement la possibilit\u00e9 de conna\u00eetre la m\u00e9t\u00e9o de votre commune, heure par heure, sur notre page m\u00e9t\u00e9o d\u00e9di\u00e9e<\/p>\n","protected":false},"excerpt":{"rendered":"La matin\u00e9e du lundi 13 juillet 2026 d\u00e9butera sous un voile de nuages \u00e9lev\u00e9s, suivi d\u2019un ciel couvert&hellip;\n","protected":false},"author":2,"featured_media":1059338,"comment_status":"","ping_status":"","sticky":false,"template":"","format":"standard","meta":{"footnotes":"","_share_on_mastodon":"0"},"categories":[1888],"tags":[11,24583,50925,1777,674,1011,27,90557,24588,12,16483,626,25,90558,12654],"class_list":["post-1061211","post","type-post","status-publish","format-standard","has-post-thumbnail","category-paris","tag-actualites","tag-alfortville","tag-choisy-le-roi","tag-eu","tag-europe","tag-fr","tag-france","tag-lhay-les-roses","tag-maisons-alfort","tag-news","tag-orly","tag-paris","tag-republique-francaise","tag-thiais","tag-vitry-sur-seine"],"share_on_mastodon":{"url":"https:\/\/pubeurope.com\/@fr\/116910423208118039","error":""},"_links":{"self":[{"href":"https:\/\/www.europesays.com\/fr\/wp-json\/wp\/v2\/posts\/1061211","targetHints":{"allow":["GET"]}}],"collection":[{"href":"https:\/\/www.europesays.com\/fr\/wp-json\/wp\/v2\/posts"}],"about":[{"href":"https:\/\/www.europesays.com\/fr\/wp-json\/wp\/v2\/types\/post"}],"author":[{"embeddable":true,"href":"https:\/\/www.europesays.com\/fr\/wp-json\/wp\/v2\/users\/2"}],"replies":[{"embeddable":true,"href":"https:\/\/www.europesays.com\/fr\/wp-json\/wp\/v2\/comments?post=1061211"}],"version-history":[{"count":0,"href":"https:\/\/www.europesays.com\/fr\/wp-json\/wp\/v2\/posts\/1061211\/revisions"}],"wp:featuredmedia":[{"embeddable":true,"href":"https:\/\/www.europesays.com\/fr\/wp-json\/wp\/v2\/media\/1059338"}],"wp:attachment":[{"href":"https:\/\/www.europesays.com\/fr\/wp-json\/wp\/v2\/media?parent=1061211"}],"wp:term":[{"taxonomy":"category","embeddable":true,"href":"https:\/\/www.europesays.com\/fr\/wp-json\/wp\/v2\/categories?post=1061211"},{"taxonomy":"post_tag","embeddable":true,"href":"https:\/\/www.europesays.com\/fr\/wp-json\/wp\/v2\/tags?post=1061211"}],"curies":[{"name":"wp","href":"https:\/\/api.w.org\/{rel}","templated":true}]}}