{"id":106123,"date":"2025-05-17T04:37:09","date_gmt":"2025-05-17T04:37:09","guid":{"rendered":"https:\/\/www.europesays.com\/fr\/106123\/"},"modified":"2025-05-17T04:37:09","modified_gmt":"2025-05-17T04:37:09","slug":"12-points-ou-moins-leurovision-entre-en-finale-actualites","status":"publish","type":"post","link":"https:\/\/www.europesays.com\/fr\/106123\/","title":{"rendered":"12 points ou moins, l&rsquo;Eurovision entre en finale : Actualit\u00e9s"},"content":{"rendered":"<p class=\"lead \">Les 26 chansons en finale de l&rsquo;Eurovision samedi vont conduire les t\u00e9l\u00e9spectateurs \u00e0 choisir entre l&rsquo;humour d&rsquo;une ode au sauna, le regret d&rsquo;un amour dilapid\u00e9, la promesse d&rsquo;une aube nouvelle apr\u00e8s l&rsquo;horreur, l&rsquo;apologie de la jouissance ou encore le souvenir d&rsquo;une maman.<\/p>\n<p class=\"lead \">Le concours de la chanson a 69 ans et c&rsquo;est le plus grand t\u00e9l\u00e9-crochet du monde. Musique, kitsch, comp\u00e9tition, mur LED haute d\u00e9finition et beaucoup de pyrotechnie se disputent l&rsquo;attention et les votes de quelque 160 millions de t\u00e9l\u00e9spectateurs en Europe et au-del\u00e0. <\/p>\n<p class=\"lead \">La Su\u00e8de reste la favorite des parieurs avec l&rsquo;ode du trio comique KAJ et son ent\u00eatant et entra\u00eenant \u00ab\u00a0Bara Bada Bastu\u00a0\u00bb, qui \u00e9voque les joies d&rsquo;un sauna. <\/p>\n<p class=\"lead \">En total contraste mais sur les talons du trio, le contre-t\u00e9nor JJ a \u00e9bloui pour l&rsquo;Autriche avec \u00ab\u00a0Wasted Love\u00a0\u00bb sur l&rsquo;amour dilapid\u00e9 et interpr\u00e9t\u00e9e dans un magnifique noir et blanc de studio Harcourt. <\/p>\n<p class=\"lead \">Apr\u00e8s deux demi-finales et de belles performances, l&rsquo;Autriche, la France, la Finlande, les Pays-Bas et Isra\u00ebl comptent bien cr\u00e9er la surprise \u00e0 la St. Jakobshalle de B\u00e2le. <\/p>\n<p class=\"lead \">Louane, pour la France, \u00e9tait s\u00e9lectionn\u00e9e d&rsquo;office pour la finale, mais sa chanson \u00ab\u00a0maman\u00a0\u00bb hommage \u00e0 sa m\u00e8re disparue, intens\u00e9ment interpr\u00e9t\u00e9e et une sc\u00e9nographie toute en retenue symbolisant le temps qui passe dans un sablier, lui ont permis de se hisser \u00e0 la troisi\u00e8me place des bookmakers. <\/p>\n<p class=\"lead \">&#8211; Adr\u00e9naline &#8211;<\/p>\n<p class=\"lead \">Les fans se sont arrach\u00e9s les 6.500 billets de la finale de samedi. <\/p>\n<p class=\"lead \">\u00ab\u00a0L&rsquo;\u00e9quipe est \u00e9puis\u00e9e, mais super heureuse\u00a0\u00bb, a confi\u00e9 le directeur de l&rsquo;Eurovision, Martin Green \u00e0 l&rsquo;AFP vendredi, \u00e0 24 heures de l&rsquo;apoth\u00e9ose.<\/p>\n<p class=\"lead \">\u00ab\u00a0Ce qui nous motive tous, c&rsquo;est de voir ces artistes chanter, et c&rsquo;est une v\u00e9ritable mont\u00e9e d&rsquo;adr\u00e9naline. Certaines de ces performances sont tout simplement \u00e9poustouflantes\u00a0\u00bb, dit-il.<\/p>\n<p class=\"lead \">\u00ab\u00a0Je trouve que le plateau de la finale est assez diversifi\u00e9, avec des propositions aussi bien up-tempo que des ballades, des moments peut-\u00eatre un peu plus po\u00e9tiques\u00a0\u00bb analyse Fabien Randanne, journaliste musical au journal fran\u00e7ais 20 Minutes et habitu\u00e9 de l&rsquo;Eurovision. <\/p>\n<p class=\"lead \">Le Norv\u00e9gien Kyle Alessandro ouvre le spectacle dans une explosion de flammes, suivi par la Luxembourgeoise Laura Thorn et \u00ab\u00a0la poup\u00e9e monte le son\u00a0\u00bb. Une possible surprise selon Fabien Randanne. La chanteuse d\u00e9nonce le patriarcat en invoquant \u00ab\u00a0Poup\u00e9e de cire, poup\u00e9e de son\u00a0\u00bb, \u00e9crit par Serge Gainsbourg et dont l&rsquo;interpr\u00e9tation par France Gall avait donn\u00e9 la victoire au Luxembourg il y a 60 ans.<\/p>\n<p class=\"lead \">Le spectacle t\u00e9l\u00e9vis\u00e9 d\u00e9bute \u00e0 19H00 GMT, avec deux heures de concerts, avant le suspense des votes : vote s\u00e9par\u00e9 du jury et des t\u00e9l\u00e9spectateurs de chacun des 37 pays participants, avec un poids \u00e9gal. S&rsquo;y ajoute le vote des spectateurs du reste du monde pour d\u00e9signer le vainqueur.<\/p>\n<p class=\"lead \">Bien que tenu au secret sur les chiffres, Thomas Niedermayer, le ma\u00eetre des votes de l&rsquo;Eurovision, a r\u00e9v\u00e9l\u00e9 que les demi-finales de cette semaine \u2013 o\u00f9 20 pays se sont qualifi\u00e9s et 11 ont \u00e9t\u00e9 \u00e9limin\u00e9s \u2013 avaient \u00e9t\u00e9 \u00ab\u00a0tr\u00e8s serr\u00e9es\u00a0\u00bb. <\/p>\n<p class=\"lead \">\u00ab\u00a0C&rsquo;\u00e9tait encore plus serr\u00e9 que les points ne le laissent para\u00eetre. La course a donc \u00e9t\u00e9 passionnante et la course au vainqueur s&rsquo;annonce serr\u00e9e\u00a0\u00bb, dit-il.<\/p>\n<p class=\"lead \">&#8211; Espoir et d\u00e9sir &#8211;<\/p>\n<p class=\"lead \">La chanteuse isra\u00e9lienne et survivante de l&rsquo;attaque du 7-Octobre, Yuval Raphael a vu sa cote augmenter au fil des semaines et son interpr\u00e9tation de \u00ab\u00a0New Day Will Rise\u00a0\u00bb (un jour nouveau se l\u00e8vera) lui a achet\u00e9 un ticket en finale. <\/p>\n<p class=\"lead \">La jeune femme de 24 ans qui a surv\u00e9cu en faisant la morte sous un tas de cadavres pendant le massacre perp\u00e9tr\u00e9 par le Hamas, veut lancer un message universel \u00ab\u00a0d&rsquo;espoir et de solidarit\u00e9\u00a0\u00bb.<\/p>\n<p class=\"lead \">La Finlandaise Erika Vikman, c\u00e9l\u00e8bre la vie \u00e0 sa mani\u00e8re. Body de cuir clout\u00e9, cuissardes, chantant \u00e0 tue t\u00eate \u00ab\u00a0Ich Komme\u00a0\u00bb (je jouis), la chanteuse s&rsquo;envole dans les airs sur un micro g\u00e9ant d&rsquo;o\u00f9 jaillissent des gerbes d&rsquo;\u00e9tincelles. Le public a scand\u00e9 \u00ab\u00a0Erika\u00a0\u00bb, \u00ab\u00a0Erika\u00a0\u00bb, refl\u00e9tant l&rsquo;enthousiasme grandissant pour celle qui a d\u00fb cacher des fesses que l&rsquo;Eurovision ne saurait voir. <\/p>\n<p class=\"lead \">Le myst\u00e8re reste entier autour de la participation de la m\u00e9gastar canadienne C\u00e9line Dion, qui souffre d&rsquo;une grave maladie auto-immune. <\/p>\n<p class=\"lead \">Elle avait 20 ans quand elle a remport\u00e9 l&rsquo;Eurovision 1988 pour la Suisse. Le concours a fait d&rsquo;elle une star mondiale. <\/p>\n<p class=\"small font-weight-bold text-gray3 \"> publi\u00e9 le 17 mai \u00e0 04h01, AFP<\/p>\n<p>                             Partager<\/p>\n","protected":false},"excerpt":{"rendered":"Les 26 chansons en finale de l&rsquo;Eurovision samedi vont conduire les t\u00e9l\u00e9spectateurs \u00e0 choisir entre l&rsquo;humour d&rsquo;une ode&hellip;\n","protected":false},"author":2,"featured_media":106124,"comment_status":"","ping_status":"","sticky":false,"template":"","format":"standard","meta":{"footnotes":""},"categories":[1356],"tags":[58,59,2399,1011,27,873,3067,9556,252,1364],"class_list":{"0":"post-106123","1":"post","2":"type-post","3":"status-publish","4":"format-standard","5":"has-post-thumbnail","7":"category-television","8":"tag-divertissement","9":"tag-entertainment","10":"tag-eurovision","11":"tag-fr","12":"tag-france","13":"tag-musique","14":"tag-suisse","15":"tag-tlvision","16":"tag-television","17":"tag-tv"},"share_on_mastodon":{"url":"https:\/\/pubeurope.com\/@fr\/114521325238252273","error":""},"_links":{"self":[{"href":"https:\/\/www.europesays.com\/fr\/wp-json\/wp\/v2\/posts\/106123","targetHints":{"allow":["GET"]}}],"collection":[{"href":"https:\/\/www.europesays.com\/fr\/wp-json\/wp\/v2\/posts"}],"about":[{"href":"https:\/\/www.europesays.com\/fr\/wp-json\/wp\/v2\/types\/post"}],"author":[{"embeddable":true,"href":"https:\/\/www.europesays.com\/fr\/wp-json\/wp\/v2\/users\/2"}],"replies":[{"embeddable":true,"href":"https:\/\/www.europesays.com\/fr\/wp-json\/wp\/v2\/comments?post=106123"}],"version-history":[{"count":0,"href":"https:\/\/www.europesays.com\/fr\/wp-json\/wp\/v2\/posts\/106123\/revisions"}],"wp:featuredmedia":[{"embeddable":true,"href":"https:\/\/www.europesays.com\/fr\/wp-json\/wp\/v2\/media\/106124"}],"wp:attachment":[{"href":"https:\/\/www.europesays.com\/fr\/wp-json\/wp\/v2\/media?parent=106123"}],"wp:term":[{"taxonomy":"category","embeddable":true,"href":"https:\/\/www.europesays.com\/fr\/wp-json\/wp\/v2\/categories?post=106123"},{"taxonomy":"post_tag","embeddable":true,"href":"https:\/\/www.europesays.com\/fr\/wp-json\/wp\/v2\/tags?post=106123"}],"curies":[{"name":"wp","href":"https:\/\/api.w.org\/{rel}","templated":true}]}}