{"id":106133,"date":"2025-05-17T04:42:10","date_gmt":"2025-05-17T04:42:10","guid":{"rendered":"https:\/\/www.europesays.com\/fr\/106133\/"},"modified":"2025-05-17T04:42:10","modified_gmt":"2025-05-17T04:42:10","slug":"la-rumeur-enfle-autour-de-la-venue-de-celine-dion-a-leurovision-2025","status":"publish","type":"post","link":"https:\/\/www.europesays.com\/fr\/106133\/","title":{"rendered":"la rumeur enfle autour de la venue de C\u00e9line Dion \u00e0 l\u2019Eurovision 2025"},"content":{"rendered":"<p>Trente-sept ans apr\u00e8s sa victoire avec Ne partez pas sans moi pour la Suisse, la star pourrait faire une apparition surprise lors de la grande finale de la 69e \u00e9dition samedi soir.<\/p>\n<p class=\"fig-paragraph\">De notre envoy\u00e9e sp\u00e9ciale \u00e0 B\u00e2le, en Suisse.<\/p>\n<p class=\"fig-paragraph\">La question est sur toutes les l\u00e8vres cet apr\u00e8s-midi \u00e0 B\u00e2le\u00a0:\u00a0<a href=\"http:\/\/www.lefigaro.fr\/culture\/dossier\/celine-dion-la-gloire-et-la-tragedie\" target=\"_blank\" data-fig-type=\"Topic\" rel=\"noopener\" data-gtm-custom-categorie=\"navigation\" data-gtm-custom-action=\"crossclick\" data-gtm-custom-label=\"Contextuel\" data-gtm-event=\"customEventSPE\" data-fig-domain=\"LEFIGARO\"><strong>C\u00e9line Dion<\/strong><\/a> \u00a0sera-t-elle pr\u00e9sente lors de la finale de la 69e \u00e9dition de l\u2019<a href=\"https:\/\/tvmag.lefigaro.fr\/programme-tv\/programme\/concours-eurovision-de-la-chanson-2025-d1940605539\" target=\"_blank\" rel=\"noopener\" data-gtm-custom-categorie=\"navigation\" data-gtm-custom-action=\"crossclick\" data-gtm-custom-label=\"Contextuel\" data-gtm-event=\"customEventSPE\"><strong>Eurovision<\/strong><\/a> \u00a0samedi soir\u00a0? Le myst\u00e8re reste entier. Mais la rumeur enfle. \u00ab Un bruit court en effet, confirme Beno\u00eet Blaszczyk, secr\u00e9taire g\u00e9n\u00e9ral des Eurofans fran\u00e7ais. Nous surveillons depuis ce matin les arriv\u00e9es de jet priv\u00e9 \u00e0 B\u00e2le sur les sites radar. Et ce matin, un avion a d\u00e9coll\u00e9 du Bourget pour atterrir \u00e0 B\u00e2le, un Cessna (marque de l\u2019engin, NDLR.). Nous ne savons pas si c\u2019est le sien mais le doute est permis \u00bb, ajoute-t-il.<\/p>\n<p class=\"fig-paragraph\">La star serait \u00e0 Londres depuis quelques jours pour enregistrer son nouvel album avec\u00a0<a href=\"http:\/\/www.lefigaro.fr\/culture\/jean-jacques-goldman-et-david-hallyday-au-chevet-des-blesses-de-guerre-20250403\" target=\"_blank\" data-fig-type=\"Article\" rel=\"noopener\" data-gtm-custom-categorie=\"navigation\" data-gtm-custom-action=\"crossclick\" data-gtm-custom-label=\"Contextuel\" data-gtm-event=\"customEventSPE\" data-fig-domain=\"LEFIGARO\">Jean-Jacques Goldman<\/a>. Si sa venue \u00e0 l\u2019Eurovision \u00e9tait confirm\u00e9e, elle aurait \u00e9t\u00e9 organis\u00e9e dans le plus grand secret. Une doublure aurait m\u00eame particip\u00e9 \u00e0 des r\u00e9p\u00e9titions t\u00f4t cette semaine. \u00ab Je suppose que si c\u2019est av\u00e9r\u00e9, on le saura au tout dernier moment avant le direct, peut-\u00eatre \u00e0 20h58\u00a0\u00bb, estime encore Benoit Blaszczyk. Certains s\u2019imaginent d\u00e9j\u00e0 qu\u2019elle pourrait donner les points de la Suisse ou remettre le troph\u00e9e au vainqueur.<\/p>\n<p>\u00a0\u00bb<br \/>\n        data-script=\u00a0\u00bbhttps:\/\/static.lefigaro.fr\/widget-video\/short-ttl\/video\/index.js\u00a0\u00bb<br \/>\n    &gt;<\/p>\n<p class=\"fig-body-link\">\n            \u00c0 lire aussi<br \/>\n        <a class=\"fig-body-link__link\" href=\"http:\/\/tvmag.lefigaro.fr\/programme-tv\/people\/louane-a-l-eurovision-2025-les-secrets-d-une-mise-en-scene-spectaculaire-mais-pas-sans-risque-20250516\" target=\"_blank\" data-fig-type=\"Article\" rel=\"noopener\" data-gtm-custom-categorie=\"navigation\" data-gtm-custom-action=\"crossclick\" data-gtm-custom-label=\"Contextuel\" data-gtm-event=\"customEventSPE\" data-fig-domain=\"TVMAG\">Louane \u00e0 l\u2019Eurovision 2025\u00a0: les secrets d\u2019une mise en sc\u00e8ne spectaculaire mais pas sans risque<br \/>\n    <\/a>\n<\/p>\n<blockquote class=\"fig-quote&#10;    \">\n<p class=\"fig-quote__text\">\u00ab Nous souhaitons maintenir le suspense jusqu\u2019au bout\u00a0\u00bb<\/p>\n<p>            Moritz Sandler, producteur ex\u00e9cutif de l\u2019Eurovision\n    <\/p><\/blockquote>\n<p class=\"fig-paragraph\">Nous avons pos\u00e9 la question \u00e0 <strong>Moritz Sandler<\/strong>, producteur ex\u00e9cutif du show et, comme il fallait s\u2019y attendre, il botte en touche. \u00ab La Suisse est tr\u00e8s attach\u00e9e \u00e0 C\u00e9line Dion, l\u2019Eurovision aussi. Je ne r\u00e9pondrai pas \u00e0 votre question car nous souhaitons maintenir le suspense jusqu\u2019au bout. Ce sont des rumeurs, il faut attendre demain, confie-t-il au Figaro. On conna\u00eet C\u00e9line et son \u00e9tat de sant\u00e9. On a toujours dit qu\u2019on \u00e9tait en contact. Maintenant, quel est l\u2019\u00e9tat d\u2019avancement des discussions, je ne vous dirai pas \u00bb, ajoute-t-il en conclusion.<\/p>\n<p class=\"fig-paragraph\">M\u00eame les pr\u00e9sentatrices de l\u2019<a href=\"http:\/\/tvmag.lefigaro.fr\/programme-tv\/actu-tele\/eurovision-2025-israel-conteste-la-france-favorite-avec-louane-les-26-chansons-tout-sur-la-finale-20250516\" target=\"_blank\" data-fig-type=\"Article\" rel=\"noopener\" data-gtm-custom-categorie=\"navigation\" data-gtm-custom-action=\"crossclick\" data-gtm-custom-label=\"Contextuel\" data-gtm-event=\"customEventSPE\" data-fig-domain=\"TVMAG\">Eurovision 2025<\/a>\u00a0ne sont au courant de rien. \u00ab Il y a encore l\u2019espoir qu\u2019elle puisse venir \u00bb mais \u00ab honn\u00eatement, nous ne le savons pas &#8211; et ce n\u2019est pas un mensonge \u00bb, a d\u00e9clar\u00e9 l\u2019une d\u2019entre elles \u00e0 l\u2019AFP, la chanteuse Sandra Studer, qui a repr\u00e9sent\u00e9 la Suisse \u00e0 l\u2019Eurovision en 1991. \u00ab Elle pourrait d\u00e9cider de venir mais nous ne le savons pas. Nous nous sommes pr\u00e9par\u00e9s \u00e0 ce qu\u2019elle ne soit pas l\u00e0 \u00bb, a-t-elle encore d\u00e9clar\u00e9.<\/p>\n<p>Un message vid\u00e9o qui relance les rumeurs<\/p>\n<p class=\"fig-paragraph\">C\u00e9line Dion a \u00e9t\u00e9 diagnostiqu\u00e9e avec le\u00a0<a href=\"http:\/\/tvmag.lefigaro.fr\/programme-tv\/people\/cela-fait-17-ans-celine-dion-avoue-sur-tf1-souffrir-en-silence-de-sa-maladie-depuis-de-nombreuses-annees-20240616\" target=\"_blank\" data-fig-type=\"Article\" rel=\"noopener\" data-gtm-custom-categorie=\"navigation\" data-gtm-custom-action=\"crossclick\" data-gtm-custom-label=\"Contextuel\" data-gtm-event=\"customEventSPE\" data-fig-domain=\"TVMAG\">syndrome de la personne raide<\/a>, une maladie auto-immune qui l\u2019a contrainte \u00e0 annuler des dizaines de concert en 2023 et 2024. Sa derni\u00e8re apparition publique remonte au 26 juillet dernier, lors de la c\u00e9r\u00e9monie d\u2019ouverture des JO o\u00f9 elle avait interpr\u00e9t\u00e9\u00a0<a href=\"http:\/\/tvmag.lefigaro.fr\/programme-tv\/actu-tele\/c-etait-son-reve-thomas-jolly-revient-sur-la-prestation-de-celine-dion-a-la-ceremonie-d-ouverture-des-jo-paris-2024-20240909\" target=\"_blank\" data-fig-type=\"Article\" rel=\"noopener\" data-gtm-custom-categorie=\"navigation\" data-gtm-custom-action=\"crossclick\" data-gtm-custom-label=\"Contextuel\" data-gtm-event=\"customEventSPE\" data-fig-domain=\"TVMAG\">un magistral Hymne \u00e0 l\u2019amour en haut de la Tour Eiffel<\/a>. Elle est aussi r\u00e9apparue mardi, lors de la premi\u00e8re demi-finale de l\u2019Eurovision 2025, dans un message vid\u00e9o surprise qui aurait n\u00e9anmoins \u00e9t\u00e9 enregistr\u00e9e plusieurs mois auparavant, en m\u00eame temps qu\u2019un autre adress\u00e9 \u00e0 la derni\u00e8re promotion de la \u00ab Star Academy\u00a0\u00bb (elle portait la m\u00eame tenue).<\/p>\n<p class=\"fig-paragraph\">\u00ab Je ne demande pas mieux que d\u2019\u00eatre avec vous \u00e0 B\u00e2le en ce moment\u00a0\u00bb, dit-elle dans la s\u00e9quence o\u00f9 elle appara\u00eet assise, entour\u00e9e de bougies. \u00ab La Suisse occupera \u00e0 jamais une place sp\u00e9ciale dans mon c\u0153ur\u00a0: c\u2019est un pays qui a cru en moi et m\u2019a donn\u00e9 la chance de participer \u00e0 quelque chose d\u2019aussi extraordinaire \u00bb, a encore expliqu\u00e9 la chanteuse\u00a0<a href=\"http:\/\/tvmag.lefigaro.fr\/programme-tv\/tele-realite\/une-chanson-parfaite-pour-un-hymne-de-star-academy-l-incroyable-histoire-de-ne-partez-pas-sans-moi-de-celine-dion-20221022\" target=\"_blank\" data-fig-type=\"Article\" rel=\"noopener\" data-gtm-custom-categorie=\"navigation\" data-gtm-custom-action=\"crossclick\" data-gtm-custom-label=\"Contextuel\" data-gtm-event=\"customEventSPE\" data-fig-domain=\"TVMAG\">qui a remport\u00e9 l\u2019Eurovision pour la Suisse en 1988 avec Ne partez pas sans moi<\/a> . \u00ab Sa pr\u00e9sence samedi soir serait ainsi \u00e9minemment symbolique et iconique\u00bb, r\u00eavent \u00e0 l\u2019unisson Nicolas Tanner et Jean-Marc Richard, les commentateurs suisses du concours depuis dix-huit ans. Plus que quelques heures avant la fin du suspense.<\/p><\/p>\n","protected":false},"excerpt":{"rendered":"Trente-sept ans apr\u00e8s sa victoire avec Ne partez pas sans moi pour la Suisse, la star pourrait faire&hellip;\n","protected":false},"author":2,"featured_media":106134,"comment_status":"","ping_status":"","sticky":false,"template":"","format":"standard","meta":{"footnotes":""},"categories":[8],"tags":[497,496,499,7043,58,59,2399,1011,27,500,504,505,495,503,502,501,498],"class_list":{"0":"post-106133","1":"post","2":"type-post","3":"status-publish","4":"format-standard","5":"has-post-thumbnail","7":"category-divertissement","8":"tag-actu-tv","9":"tag-actualite-tv","10":"tag-buzz-tv","11":"tag-celine-dion","12":"tag-divertissement","13":"tag-entertainment","14":"tag-eurovision","15":"tag-fr","16":"tag-france","17":"tag-medias","18":"tag-news-tele","19":"tag-news-television","20":"tag-news-tv","21":"tag-programme-tele","22":"tag-programme-tv","23":"tag-quiz-tv","24":"tag-tv-actu"},"share_on_mastodon":{"url":"https:\/\/pubeurope.com\/@fr\/114521344813150142","error":""},"_links":{"self":[{"href":"https:\/\/www.europesays.com\/fr\/wp-json\/wp\/v2\/posts\/106133","targetHints":{"allow":["GET"]}}],"collection":[{"href":"https:\/\/www.europesays.com\/fr\/wp-json\/wp\/v2\/posts"}],"about":[{"href":"https:\/\/www.europesays.com\/fr\/wp-json\/wp\/v2\/types\/post"}],"author":[{"embeddable":true,"href":"https:\/\/www.europesays.com\/fr\/wp-json\/wp\/v2\/users\/2"}],"replies":[{"embeddable":true,"href":"https:\/\/www.europesays.com\/fr\/wp-json\/wp\/v2\/comments?post=106133"}],"version-history":[{"count":0,"href":"https:\/\/www.europesays.com\/fr\/wp-json\/wp\/v2\/posts\/106133\/revisions"}],"wp:featuredmedia":[{"embeddable":true,"href":"https:\/\/www.europesays.com\/fr\/wp-json\/wp\/v2\/media\/106134"}],"wp:attachment":[{"href":"https:\/\/www.europesays.com\/fr\/wp-json\/wp\/v2\/media?parent=106133"}],"wp:term":[{"taxonomy":"category","embeddable":true,"href":"https:\/\/www.europesays.com\/fr\/wp-json\/wp\/v2\/categories?post=106133"},{"taxonomy":"post_tag","embeddable":true,"href":"https:\/\/www.europesays.com\/fr\/wp-json\/wp\/v2\/tags?post=106133"}],"curies":[{"name":"wp","href":"https:\/\/api.w.org\/{rel}","templated":true}]}}