{"id":106135,"date":"2025-05-17T04:43:12","date_gmt":"2025-05-17T04:43:12","guid":{"rendered":"https:\/\/www.europesays.com\/fr\/106135\/"},"modified":"2025-05-17T04:43:12","modified_gmt":"2025-05-17T04:43:12","slug":"et-si-la-matiere-noire-evoluait-avec-le-temps-une-nouvelle-piste-de-comprehension-de-lunivers","status":"publish","type":"post","link":"https:\/\/www.europesays.com\/fr\/106135\/","title":{"rendered":"Et si la mati\u00e8re noire \u00e9voluait avec le temps ? Une nouvelle piste de comprehension de l&rsquo;Univers"},"content":{"rendered":"<p>Depuis les travaux d\u2019<a href=\"https:\/\/www.geo.fr\/sciences\/et-si-les-trous-noirs-n-etaient-pas-infinis-une-volte-face-au-modele-d-einstein-226487\" target=\"_blank\" rel=\"noopener\">Einstein<\/a> sur la relativit\u00e9 g\u00e9n\u00e9rale &#8211; qui ont profond\u00e9ment transform\u00e9 notre compr\u00e9hension de la gravit\u00e9 et ouvert la voie \u00e0 la cosmologie moderne &#8211; de nombreuses questions continuent d\u2019agiter les cercles scientifiques. Et si la relativit\u00e9 g\u00e9n\u00e9rale \u00e9tait incompl\u00e8te\u00a0? Et si la mati\u00e8re noire n\u2019existait pas\u00a0? Et si l\u2019<a href=\"https:\/\/www.geo.fr\/sciences\/l-univers-tout-entier-serait-en-rotation-une-piste-pour-resoudre-le-mystere-de-sa-vitesse-d-expansion-226082\" target=\"_blank\" rel=\"noopener\">Univers tournait sur lui-m\u00eame\u00a0<\/a>?<\/p>\n<p>\u00c0 cette liste d&rsquo;hypoth\u00e8ses fascinantes s\u2019est ajout\u00e9e une nouvelle\u00a0: et si la mati\u00e8re noire \u00e9voluait\u00a0? Dans <a href=\"https:\/\/arxiv.org\/abs\/2505.02645\" target=\"_blank\" rel=\"noopener\">une \u00e9tude<\/a> publi\u00e9e le 5\u00a0mai, deux chercheurs de l\u2019Universit\u00e9 de Cornell explorent la possibilit\u00e9 que la mati\u00e8re noire change au fil du temps.<\/p>\n<p>Une hypoth\u00e8se in\u00e9dite pour percer les myst\u00e8res de la mati\u00e8re noire<\/p>\n<p>La <a href=\"https:\/\/www.geo.fr\/sciences\/quest-ce-que-la-matiere-noire-226448\" target=\"_blank\" rel=\"noopener\">mati\u00e8re noire<\/a> est une forme de mati\u00e8re invisible qui n\u2019\u00e9met ni lumi\u00e8re ni \u00e9nergie, ce qui la rend ind\u00e9tectable directement. D\u2019apr\u00e8s le CERN, elle repr\u00e9sente environ 27\u00a0% de l\u2019Univers, mais sa nature exacte reste inconnue.<\/p>\n<p>\t\t\t\t\t    <img decoding=\"async\" src=\"https:\/\/www.europesays.com\/fr\/wp-content\/uploads\/2025\/05\/1995-decouverte-de-la-premiere-exoplanete-87ee56.jpg\"  class=\"apply-ratio\" title=\"1995 - D\u00e9couverte de la premi\u00e8re exoplan\u00e8te\"\/> \t\t<\/p>\n<p> 10 grandes d\u00e9couvertes qui ont fait avancer la science\t<\/p>\n<p>Contrairement \u00e0 l\u2019\u00e9nergie noire, dont on suppose depuis un moment qu\u2019elle pourrait \u00e9voluer dans le temps, l\u2019id\u00e9e d\u2019une mati\u00e8re noire \u00e9volutive a \u00e9t\u00e9 tr\u00e8s peu explor\u00e9e. L\u2019\u00e9nergie noire est une force myst\u00e9rieuse responsable de l\u2019acc\u00e9l\u00e9ration de l\u2019expansion de l\u2019univers, tandis que la mati\u00e8re noire est une substance invisible qui agit comme une \u00ab\u00a0colle gravitationnelle\u00a0\u00bb, maintenant les galaxies ensemble.<\/p>\n<p>Jusqu\u2019ici, les chercheurs qui critiquent la mati\u00e8re noire pr\u00e9f\u00e8rent en g\u00e9n\u00e9ral l\u2019\u00e9liminer compl\u00e8tement (en modifiant la th\u00e9orie de la gravit\u00e9) plut\u00f4t que de penser qu\u2019elle pourrait simplement avoir des propri\u00e9t\u00e9s plus complexes. Comme le d\u00e9montre <a href=\"https:\/\/www.universetoday.com\/articles\/could-dark-matter-be-evolving-over-time-and-not-dark-energy\" target=\"_blank\" rel=\"noopener\">Universe Today<\/a>, c\u2019est ce qui fait de cette nouvelle \u00e9tude de Cornell, une hypoth\u00e8se \u00e0 la fois originale et prometteuse.<\/p>\n<p>\t\t\t\tLa cl\u00e9 pour r\u00e9soudre la tension de Hubble\u00a0?<\/p>\n<p>Pour expliquer l\u2019\u00e9volution de l\u2019<a href=\"https:\/\/www.geo.fr\/sciences\/relativite-et-mecanique-quantique-une-etude-tente-d-expliquer-l-univers-en-reconciliant-ces-deux-theories-226431\" target=\"_blank\" rel=\"noopener\">Univers<\/a>, les chercheurs ont examin\u00e9 deux mod\u00e8les\u00a0: celui d\u2019une \u00e9nergie noire qui \u00e9voluerait dans le temps, et celui, moins \u00e9tudi\u00e9, d\u2019une mati\u00e8re noire \u00e9volutive. Ils ont ainsi commenc\u00e9 par constater que ces deux id\u00e9es \u00e9taient li\u00e9es\u00a0: ce qui compte pour le comportement de l\u2019Univers, c\u2019est la proportion entre la mati\u00e8re et l\u2019\u00e9nergie. Mais en comparant ces deux mod\u00e8les, les chercheurs ont d\u00e9couvert que celui o\u00f9 la mati\u00e8re noire \u00e9volue correspond mieux aux donn\u00e9es que nous avons.<\/p>\n<p>Les auteurs de l\u2019\u00e9tude poursuivent en proposant que la mati\u00e8re noire puisse exister sous une forme un peu diff\u00e9rente de ce que l\u2019on pensait jusqu\u2019\u00e0 pr\u00e9sent. Au lieu d\u2019avoir des propri\u00e9t\u00e9s fixes, une partie de cette mati\u00e8re noire aurait une \u00e9quation d\u2019\u00e9tat (qui relie sa pression et sa densit\u00e9) qui oscille au fil du temps.<\/p>\n<p>Cette id\u00e9e s\u2019inspire des <a href=\"https:\/\/www.geo.fr\/sciences\/le-pari-fou-de-kumiko-kotera-chasseuse-de-neutrinos-pour-capter-les-signaux-secrets-de-lunivers-225482\" target=\"_blank\" rel=\"noopener\">neutrinos<\/a>, des particules l\u00e9g\u00e8res qui, comme la mati\u00e8re noire, n\u2019interagissent que tr\u00e8s peu avec la lumi\u00e8re et dont la masse varie aussi dans le temps. M\u00eame si les neutrinos ne peuvent pas expliquer toute la mati\u00e8re noire, ils montrent que ce genre de comportement est possible. Les chercheurs pensent donc que 15\u00a0% de la mati\u00e8re noire froide pourrait avoir ce comportement oscillant, tandis que les 85\u00a0% restants resteraient stables, comme dans les mod\u00e8les classiques.<\/p>\n<p>Cette d\u00e9couverte pourrait contribuer \u00e0 r\u00e9soudre la fameuse tension de Hubble : ce d\u00e9saccord entre deux fa\u00e7ons de mesurer le taux d\u2019expansion de l\u2019Univers. L\u2019id\u00e9e d\u2019une mati\u00e8re noire \u00e9volutive pourrait aider \u00e0 comprendre pourquoi ces deux techniques de mesures aboutissent \u00e0 des vitesses d\u2019expansion diff\u00e9rentes.<\/p>\n","protected":false},"excerpt":{"rendered":"Depuis les travaux d\u2019Einstein sur la relativit\u00e9 g\u00e9n\u00e9rale &#8211; qui ont profond\u00e9ment transform\u00e9 notre compr\u00e9hension de la gravit\u00e9&hellip;\n","protected":false},"author":2,"featured_media":106136,"comment_status":"","ping_status":"","sticky":false,"template":"","format":"standard","meta":{"footnotes":""},"categories":[7],"tags":[1867,2741,22317,18304,6196,436,1011,27,22318,22316,1892,937,2927,22319,43,40,41,39,42,44,22315,586],"class_list":{"0":"post-106135","1":"post","2":"type-post","3":"status-publish","4":"format-standard","5":"has-post-thumbnail","7":"category-sciences-et-technologies","8":"tag-animaux","9":"tag-aventure","10":"tag-communautu00e9-photo","11":"tag-destinations","12":"tag-diaporamas","13":"tag-environnement","14":"tag-fr","15":"tag-france","16":"tag-fronds-du00e9cran","17":"tag-grands-dossiers","18":"tag-gu00e9opolitique","19":"tag-histoire","20":"tag-podcasts","21":"tag-quiz-concours","22":"tag-science","23":"tag-science-and-technology","24":"tag-sciences","25":"tag-sciences-et-technologies","26":"tag-technologies","27":"tag-technology","28":"tag-vidu00e9os","29":"tag-voyage"},"share_on_mastodon":{"url":"https:\/\/pubeurope.com\/@fr\/114521348831209840","error":""},"_links":{"self":[{"href":"https:\/\/www.europesays.com\/fr\/wp-json\/wp\/v2\/posts\/106135","targetHints":{"allow":["GET"]}}],"collection":[{"href":"https:\/\/www.europesays.com\/fr\/wp-json\/wp\/v2\/posts"}],"about":[{"href":"https:\/\/www.europesays.com\/fr\/wp-json\/wp\/v2\/types\/post"}],"author":[{"embeddable":true,"href":"https:\/\/www.europesays.com\/fr\/wp-json\/wp\/v2\/users\/2"}],"replies":[{"embeddable":true,"href":"https:\/\/www.europesays.com\/fr\/wp-json\/wp\/v2\/comments?post=106135"}],"version-history":[{"count":0,"href":"https:\/\/www.europesays.com\/fr\/wp-json\/wp\/v2\/posts\/106135\/revisions"}],"wp:featuredmedia":[{"embeddable":true,"href":"https:\/\/www.europesays.com\/fr\/wp-json\/wp\/v2\/media\/106136"}],"wp:attachment":[{"href":"https:\/\/www.europesays.com\/fr\/wp-json\/wp\/v2\/media?parent=106135"}],"wp:term":[{"taxonomy":"category","embeddable":true,"href":"https:\/\/www.europesays.com\/fr\/wp-json\/wp\/v2\/categories?post=106135"},{"taxonomy":"post_tag","embeddable":true,"href":"https:\/\/www.europesays.com\/fr\/wp-json\/wp\/v2\/tags?post=106135"}],"curies":[{"name":"wp","href":"https:\/\/api.w.org\/{rel}","templated":true}]}}