{"id":106137,"date":"2025-05-17T04:44:10","date_gmt":"2025-05-17T04:44:10","guid":{"rendered":"https:\/\/www.europesays.com\/fr\/106137\/"},"modified":"2025-05-17T04:44:10","modified_gmt":"2025-05-17T04:44:10","slug":"washington-envisage-dabandonner-les-poursuites","status":"publish","type":"post","link":"https:\/\/www.europesays.com\/fr\/106137\/","title":{"rendered":"Washington envisage d\u2019abandonner les poursuites"},"content":{"rendered":"<p class=\"fig-paragraph\">Le d\u00e9partement am\u00e9ricain de la justice a annonc\u00e9 aux familles des victimes des deux crashs a\u00e9riens de\u00a0<a href=\"http:\/\/www.lefigaro.fr\/international\/le-boeing-offert-a-trump-par-le-qatar-embarrasse-les-republicains-20250515\" target=\"_blank\" data-fig-type=\"Article\" rel=\"noopener\" data-gtm-custom-categorie=\"navigation\" data-gtm-custom-action=\"crossclick\" data-gtm-custom-label=\"Contextuel\" data-gtm-event=\"customEventSPE\" data-fig-domain=\"LEFIGARO\">Boeing<\/a>\u00a0737 MAX qu&rsquo;il envisageait d&rsquo;abandonner les poursuites contre l&rsquo;avionneur, ont regrett\u00e9 vendredi les avocats des proches. \u00abAujourd&rsquo;hui, le d\u00e9partement de la Justice a tenu une \u201csession d&rsquo;\u00e9change\u201d mais n&rsquo;a pas franchement \u00e9chang\u00e9\u00bb, a d\u00e9clar\u00e9 l&rsquo;un des avocats des familles, Paul Cassell, cit\u00e9 dans un communiqu\u00e9 du cabinet Clifford.<\/p>\n<p class=\"fig-paragraph\">\u00abAu lieu de cela, ils ont d\u00e9velopp\u00e9 leur id\u00e9e pr\u00e9con\u00e7ue selon laquelle Boeing devrait \u00eatre autoris\u00e9 \u00e0 \u00e9chapper aux r\u00e9elles cons\u00e9quences de ses mensonges criminels\u00bb, a-t-il d\u00e9nonc\u00e9, d\u00e9crivant l&rsquo;approche du minist\u00e8re de la Justice comme un \u00abplan \u00e9trange\u00bb. Selon le cabinet d&rsquo;avocats, le minist\u00e8re a assur\u00e9 aux familles qu&rsquo;aucune d\u00e9cision d\u00e9finitive n&rsquo;avait \u00e9t\u00e9 prise.<\/p>\n<p>346 d\u00e9c\u00e8s<\/p>\n<p class=\"fig-paragraph\">Contact\u00e9s par l&rsquo;AFP, ni le d\u00e9partement de la Justice, ni l&rsquo;avionneur n&rsquo;ont jusqu&rsquo;ici fait de commentaire. La r\u00e9union de jeudi entre le minist\u00e8re et les repr\u00e9sentants des familles \u00e9tait la derni\u00e8re \u00e9tape en date du contentieux lanc\u00e9 apr\u00e8s la proc\u00e9dure de transaction p\u00e9nale entam\u00e9e en 2021 au sujet des\u00a0<a href=\"https:\/\/www.lefigaro.fr\/societes\/2019\/03\/22\/20005-20190322ARTFIG00198-boeing-assailli-de-critiques-apres-les-deux-crashes-de-737-max.php\" target=\"_blank\" data-fig-type=\"Article\" rel=\"noopener\" data-gtm-custom-categorie=\"navigation\" data-gtm-custom-action=\"crossclick\" data-gtm-custom-label=\"Contextuel\" data-gtm-event=\"customEventSPE\" data-fig-domain=\"LEFIGARO\">deux crashs de Boeing 737 Max<\/a>, en 2018 et 2019, qui avaient entra\u00een\u00e9 la mort de 346 personnes.<\/p>\n<p>\u00a0\u00bb<br \/>\n        data-script=\u00a0\u00bbhttps:\/\/static.lefigaro.fr\/widget-video\/short-ttl\/video\/index.js\u00a0\u00bb<br \/>\n    &gt;<\/p>\n<p class=\"fig-paragraph\">Le constructeur a accept\u00e9 en juillet dernier de plaider coupable apr\u00e8s que le d\u00e9partement de la Justice a conclu que Boeing n&rsquo;avait pas respect\u00e9 l&rsquo;accord de 2021. Mais en d\u00e9cembre, un juge am\u00e9ricain avait rejet\u00e9 l&rsquo;accord int\u00e9grant le plaider coupable, donnant l&rsquo;opportunit\u00e9 au nouveau gouvernement de Donald Trump de d\u00e9cider de la marche \u00e0 suivre.<\/p>\n<p class=\"fig-paragraph\">Le juge a fix\u00e9 une date de proc\u00e8s au 23 juin \u00e0 Fort Worth, dans le Texas (Sud), accordant \u00e9galement, ces derni\u00e8res semaines, la possibilit\u00e9 aux familles des victimes de justifier leur demande de visa par la tenue du proc\u00e8s. Selon le quotidien \u00e9conomique Wall Street Journal, le d\u00e9partement d&rsquo;\u00c9tat et Boeing seraient parvenus \u00e0 un accord de principe qui n&rsquo;imposerait pas \u00e0 Boeing de plaider coupable avec le statut de criminel.<\/p>\n","protected":false},"excerpt":{"rendered":"Le d\u00e9partement am\u00e9ricain de la justice a annonc\u00e9 aux familles des victimes des deux crashs a\u00e9riens de\u00a0Boeing\u00a0737 MAX&hellip;\n","protected":false},"author":2,"featured_media":106138,"comment_status":"","ping_status":"","sticky":false,"template":"","format":"standard","meta":{"footnotes":""},"categories":[6],"tags":[1111,47,11,888,1109,35,4098,1112,33,34,118,1108,107,1106,1107,1011,27,1110,1114,14,12,1113,316],"class_list":{"0":"post-106137","1":"post","2":"type-post","3":"status-publish","4":"format-standard","5":"has-post-thumbnail","7":"category-economie","8":"tag-actu","9":"tag-actualite","10":"tag-actualites","11":"tag-boeing","12":"tag-breves","13":"tag-business","14":"tag-crash","15":"tag-depeches","16":"tag-economie","17":"tag-economy","18":"tag-faits-divers","19":"tag-fil","20":"tag-fil-info","21":"tag-flash","22":"tag-flash-actu","23":"tag-fr","24":"tag-france","25":"tag-informations","26":"tag-infos","27":"tag-international","28":"tag-news","29":"tag-nouvelles","30":"tag-politique"},"share_on_mastodon":{"url":"https:\/\/pubeurope.com\/@fr\/114521352780893469","error":""},"_links":{"self":[{"href":"https:\/\/www.europesays.com\/fr\/wp-json\/wp\/v2\/posts\/106137","targetHints":{"allow":["GET"]}}],"collection":[{"href":"https:\/\/www.europesays.com\/fr\/wp-json\/wp\/v2\/posts"}],"about":[{"href":"https:\/\/www.europesays.com\/fr\/wp-json\/wp\/v2\/types\/post"}],"author":[{"embeddable":true,"href":"https:\/\/www.europesays.com\/fr\/wp-json\/wp\/v2\/users\/2"}],"replies":[{"embeddable":true,"href":"https:\/\/www.europesays.com\/fr\/wp-json\/wp\/v2\/comments?post=106137"}],"version-history":[{"count":0,"href":"https:\/\/www.europesays.com\/fr\/wp-json\/wp\/v2\/posts\/106137\/revisions"}],"wp:featuredmedia":[{"embeddable":true,"href":"https:\/\/www.europesays.com\/fr\/wp-json\/wp\/v2\/media\/106138"}],"wp:attachment":[{"href":"https:\/\/www.europesays.com\/fr\/wp-json\/wp\/v2\/media?parent=106137"}],"wp:term":[{"taxonomy":"category","embeddable":true,"href":"https:\/\/www.europesays.com\/fr\/wp-json\/wp\/v2\/categories?post=106137"},{"taxonomy":"post_tag","embeddable":true,"href":"https:\/\/www.europesays.com\/fr\/wp-json\/wp\/v2\/tags?post=106137"}],"curies":[{"name":"wp","href":"https:\/\/api.w.org\/{rel}","templated":true}]}}