{"id":106139,"date":"2025-05-17T04:45:09","date_gmt":"2025-05-17T04:45:09","guid":{"rendered":"https:\/\/www.europesays.com\/fr\/106139\/"},"modified":"2025-05-17T04:45:09","modified_gmt":"2025-05-17T04:45:09","slug":"le-corps-dune-femme-enceinte-maintenu-artificiellement-en-vie-a-cause-de-la-loi-anti-avortemement-liberation","status":"publish","type":"post","link":"https:\/\/www.europesays.com\/fr\/106139\/","title":{"rendered":"le corps d\u2019une femme enceinte maintenu artificiellement en vie \u00e0 cause de la loi anti-avortemement \u2013 Lib\u00e9ration"},"content":{"rendered":"<p class=\"sc-ksZaOG ehjQrN text-element\">De plus en plus loin dans l\u2019horreur. <a href=\"https:\/\/www.liberation.fr\/international\/amerique\/avortement-aux-etats-unis-une-premiere-jeune-femme-morte-a-cause-des-restrictions-sur-livg-20240917_YJC3JK473NHB5D6FXUSADLXFH4\/\" target=\"_blank\" rel=\"noreferrer nofollow noopener\" title=\"https:\/\/www.liberation.fr\/international\/amerique\/avortement-aux-etats-unis-une-premiere-jeune-femme-morte-a-cause-des-restrictions-sur-livg-20240917_YJC3JK473NHB5D6FXUSADLXFH4\/\">Apr\u00e8s la mort<\/a> d\u2019une Am\u00e9ricaine enceinte de 28\u00a0ans, dans l\u2019Etat de G\u00e9orgie, en raison de la bataille politique et l\u00e9gale men\u00e9e <a href=\"https:\/\/www.liberation.fr\/international\/amerique\/la-cour-supreme-des-etats-unis-torpille-le-droit-a-lavortement-20220624_6OBPMXKAYBH3FB6E5WOTFJ2XFU\/\" target=\"_blank\" rel=\"noreferrer nofollow noopener\" title=\"https:\/\/www.liberation.fr\/international\/amerique\/la-cour-supreme-des-etats-unis-torpille-le-droit-a-lavortement-20220624_6OBPMXKAYBH3FB6E5WOTFJ2XFU\/\">contre le droit \u00e0 l\u2019avortement<\/a>, une autre femme, vivant dans le m\u00eame Etat, est maintenue artificiellement en vie depuis trois mois, enceinte, pour permettre au f\u0153tus de grandir et d\u2019\u00eatre accouch\u00e9. Une d\u00e9cision de l\u2019h\u00f4pital en vertu de la loi dite des \u00abbattements de c\u0153ur\u00bb de G\u00e9orgie, qui interdit l\u2019avortement d\u00e8s qu\u2019une activit\u00e9 cardiaque est d\u00e9tect\u00e9e chez le f\u0153tus. Ce vendredi 16\u00a0mai, sa famille m\u00e9diatise l\u2019affaire aupr\u00e8s des m\u00e9dias am\u00e9ricains, d\u00e9non\u00e7ant le fait qu\u2019elle n\u2019ait pas eu son mot \u00e0 dire.<\/p>\n<p class=\"sc-ksZaOG ehjQrN text-element\">Ag\u00e9e de 30\u00a0ans, Adriana Smith \u00e9tait une infirmi\u00e8re, et m\u00e8re d\u2019un petit gar\u00e7on de 5\u00a0ans lorsqu\u2019en f\u00e9vrier, elle a \u00e9t\u00e9 d\u00e9clar\u00e9e en \u00e9tat de mort c\u00e9r\u00e9brale. Elle souffrait depuis quelques jours de violents maux de t\u00eate lorsqu\u2019elle a \u00e9t\u00e9 admise \u00e0 l\u2019h\u00f4pital universitaire Emory, \u00e0 Atlanta, o\u00f9 lui ont \u00e9t\u00e9 diagnostiqu\u00e9s des caillots sanguins dans le cerveau puis son d\u00e9c\u00e8s, annonc\u00e9. Alors enceinte depuis quelques semaines, les m\u00e9decins refusent de d\u00e9brancher les appareils la maintenant en vie, selon la loi de l\u2019Etat interdisant la pratique de l\u2019IVG d\u00e8s six semaines de grossesse.<\/p>\n<p class=\"sc-ksZaOG ehjQrN text-element\"><a href=\"https:\/\/www.liberation.fr\/planete\/2019\/05\/08\/etats-unis-la-vague-anti-avortement-emporte-la-georgie_1725593\/\" target=\"_blank\" rel=\"noreferrer nofollow noopener\" title=\"https:\/\/www.liberation.fr\/planete\/2019\/05\/08\/etats-unis-la-vague-anti-avortement-emporte-la-georgie_1725593\/\">Cette loi ultra-restrictive, adopt\u00e9e en\u00a02019<\/a>, n\u2019est entr\u00e9e en vigueur qu\u2019apr\u00e8s l\u2019annulation catastrophique de <a href=\"https:\/\/www.liberation.fr\/international\/amerique\/quest-ce-que-la-jurisprudence-roe-versus-wade-sur-laquelle-repose-le-droit-a-lavortement-aux-etats-unis-20220503_TKKGSTWSO5AX7AJWYXJ2GVCJQQ\/\" target=\"_blank\" rel=\"noreferrer nofollow noopener\" title=\"https:\/\/www.liberation.fr\/international\/amerique\/quest-ce-que-la-jurisprudence-roe-versus-wade-sur-laquelle-repose-le-droit-a-lavortement-aux-etats-unis-20220503_TKKGSTWSO5AX7AJWYXJ2GVCJQQ\/\">l\u2019arr\u00eat Roe v. Wade<\/a>, qui garantissait le droit \u00e0 l\u2019avortement aux Etats-Unis, permettant \u00e0 chaque Etat de faire comme bon lui semble. Depuis, douze Etats interdisent l\u2019avortement \u00e0 tous les stades de la grossesse, et trois autres appliquent des conditions similaires \u00e0 celles de la G\u00e9orgie (soit une entr\u00e9e en vigueur apr\u00e8s environ six semaines). Une exception est tout de m\u00eame pr\u00e9vue dans l\u2019Etat du Sud-Est si l\u2019avortement est n\u00e9cessaire au maintien de la vie d\u2019une femme.<\/p>\n<p class=\"sc-ksZaOG ehjQrN text-element\">Aujourd\u2019hui, Adriana Smith est enceinte de 21 semaines, et le retrait de ses tubes respiratoires entra\u00eenerait probablement la mort du f\u0153tus. Sa famille, y compris son fils de 5\u00a0ans, lui rendent toujours visite \u00e0 l\u2019h\u00f4pital. Sa m\u00e8re, April Newkirk, a affirm\u00e9 \u00e0 une cha\u00eene t\u00e9l\u00e9vis\u00e9e d\u2019Atlanta que les m\u00e9decins \u00e9taient inquiets pour la sant\u00e9 de l\u2019enfant \u00e0 na\u00eetre, car il avait d\u00e9velopp\u00e9 du liquide dans le cerveau. \u00abIl pourrait \u00eatre aveugle, incapable de marcher, et ne pas survivre \u00e0 sa naissance\u00bb, a-t-elle d\u00e9plor\u00e9.<\/p>\n<p class=\"sc-ksZaOG ehjQrN text-element\">L\u2019h\u00f4pital, de son c\u00f4t\u00e9, s\u2019est content\u00e9 de publier un communiqu\u00e9 indiquant que leurs d\u00e9cisions s\u2019appuyaient \u00absur le consensus des experts cliniques, la litt\u00e9rature m\u00e9dicale et les conseils juridiques, [\u2026] conform\u00e9ment aux lois g\u00e9orgiennes sur l\u2019avortement et \u00e0 toutes les autres lois applicables\u00bb. Et d\u2019ajouter, sans g\u00eane\u00a0: \u00abLa s\u00e9curit\u00e9 et le bien-\u00eatre des patients restent notre priorit\u00e9 absolue.\u00bb Le s\u00e9nateur de l\u2019Etat de G\u00e9orgie, Ed Setzler, un r\u00e9publicain qui a fortement soutenu la loi des \u00abbattements de c\u0153ur\u00bb, est venu \u00e0 la rescousse de l\u2019\u00e9tablissement hospitalier\u00a0: \u00abIl est tout \u00e0 fait appropri\u00e9 que l\u2019h\u00f4pital fasse tout ce qu\u2019il peut pour sauver la vie de l\u2019enfant. [\u2026] Je trouve cette situation inhabituelle, mais elle souligne la valeur de la vie humaine innocente. Je pense que l\u2019h\u00f4pital agit de mani\u00e8re appropri\u00e9e.\u00bb<\/p>\n<p class=\"sc-ksZaOG ehjQrN text-element\">Outre l\u2019aspect moral et \u00e9thique plus que douteux, les experts ne sont pas certains que la loi g\u00e9orgienne s\u2019applique r\u00e9ellement dans le cas d\u2019Adriana Smith. Interrog\u00e9 par Associated Press, Thaddeus Pope, bio\u00e9thicien et avocat dans le Minnesota, a d\u00e9clar\u00e9 que si quelques Etats ont des lois qui interdisent sp\u00e9cifiquement de d\u00e9brancher une femme enceinte en \u00e9tat de mort c\u00e9r\u00e9brale, la G\u00e9orgie n\u2019en fait pas partie. \u00abL\u2019arr\u00eat de la ventilation m\u00e9canique ou de tout autre dispositif d\u2019assistance ne constituerait pas un avortement\u00bb, a-t-il soulign\u00e9. \u00abLa poursuite du traitement n\u2019est pas l\u00e9galement requise.\u00bb Lois Shepherd, bio\u00e9thicienne et professeure de droit \u00e0 l\u2019universit\u00e9 de Virginie, ne pense pas non plus que le maintien des fonctions vitales soit l\u00e9galement requis dans ce cas.<\/p>\n<p class=\"sc-ksZaOG ehjQrN text-element\">Ce n\u2019est pas la premi\u00e8re fois qu\u2019une femme en \u00e9tat de mort c\u00e9r\u00e9brale est maintenue en vie parce qu\u2019enceinte. Au Texas, en\u00a02014, Marlise Munoz avait \u00e9t\u00e9 maintenue sous assistance respiratoire pendant environ deux mois, contre la volont\u00e9 de sa famille, avant qu\u2019un juge ne statue finalement que l\u2019h\u00f4pital avait mal appliqu\u00e9 la loi de l\u2019Etat. Elle avait \u00e9t\u00e9 d\u00e9branch\u00e9e. Si l\u2019h\u00f4pital g\u00e9orgien persiste, Adriana Smith devrait encore \u00eatre gard\u00e9e en vie trois mois suppl\u00e9mentaires avant d\u2019arriver au terme de sa grossesse. Un glissement dangereux vers une soci\u00e9t\u00e9 o\u00f9 l\u2019on accorde davantage de droits au f\u0153tus qu\u2019aux femmes \u2013 m\u00eame mortes.<\/p>\n","protected":false},"excerpt":{"rendered":"De plus en plus loin dans l\u2019horreur. Apr\u00e8s la mort d\u2019une Am\u00e9ricaine enceinte de 28\u00a0ans, dans l\u2019Etat de&hellip;\n","protected":false},"author":2,"featured_media":106140,"comment_status":"","ping_status":"","sticky":false,"template":"","format":"standard","meta":{"footnotes":""},"categories":[5],"tags":[11,73,1011,27,14,7085,12,28],"class_list":{"0":"post-106139","1":"post","2":"type-post","3":"status-publish","4":"format-standard","5":"has-post-thumbnail","7":"category-international","8":"tag-actualites","9":"tag-etats-unis","10":"tag-fr","11":"tag-france","12":"tag-international","13":"tag-ivg","14":"tag-news","15":"tag-world"},"share_on_mastodon":{"url":"https:\/\/pubeurope.com\/@fr\/114521356673833064","error":""},"_links":{"self":[{"href":"https:\/\/www.europesays.com\/fr\/wp-json\/wp\/v2\/posts\/106139","targetHints":{"allow":["GET"]}}],"collection":[{"href":"https:\/\/www.europesays.com\/fr\/wp-json\/wp\/v2\/posts"}],"about":[{"href":"https:\/\/www.europesays.com\/fr\/wp-json\/wp\/v2\/types\/post"}],"author":[{"embeddable":true,"href":"https:\/\/www.europesays.com\/fr\/wp-json\/wp\/v2\/users\/2"}],"replies":[{"embeddable":true,"href":"https:\/\/www.europesays.com\/fr\/wp-json\/wp\/v2\/comments?post=106139"}],"version-history":[{"count":0,"href":"https:\/\/www.europesays.com\/fr\/wp-json\/wp\/v2\/posts\/106139\/revisions"}],"wp:featuredmedia":[{"embeddable":true,"href":"https:\/\/www.europesays.com\/fr\/wp-json\/wp\/v2\/media\/106140"}],"wp:attachment":[{"href":"https:\/\/www.europesays.com\/fr\/wp-json\/wp\/v2\/media?parent=106139"}],"wp:term":[{"taxonomy":"category","embeddable":true,"href":"https:\/\/www.europesays.com\/fr\/wp-json\/wp\/v2\/categories?post=106139"},{"taxonomy":"post_tag","embeddable":true,"href":"https:\/\/www.europesays.com\/fr\/wp-json\/wp\/v2\/tags?post=106139"}],"curies":[{"name":"wp","href":"https:\/\/api.w.org\/{rel}","templated":true}]}}