{"id":106144,"date":"2025-05-17T04:48:12","date_gmt":"2025-05-17T04:48:12","guid":{"rendered":"https:\/\/www.europesays.com\/fr\/106144\/"},"modified":"2025-05-17T04:48:12","modified_gmt":"2025-05-17T04:48:12","slug":"firminy-prix-des-dossards-animations-comment-la-corrida-appelouse-veut-se-demarquer","status":"publish","type":"post","link":"https:\/\/www.europesays.com\/fr\/106144\/","title":{"rendered":"Firminy. Prix des dossards, animations\u2026\u00a0Comment la Corrida appelouse veut se d\u00e9marquer"},"content":{"rendered":"<p>Apr\u00e8s des mois de travail intense, la pr\u00e9paration de la 3e Corrida appelouse est maintenant enfin boucl\u00e9e. Les organisateurs ne ch\u00f4ment pas pour autant, ils doivent en effet encore peaufiner les derniers d\u00e9tails.<\/p>\n<p>Les inscriptions arrivent\u00a0: plus de 350 adultes se sont d\u00e9j\u00e0 enregistr\u00e9s sur le site internet. \u00ab\u00a0On est vraiment en avance par rapport \u00e0 l\u2019ann\u00e9e pass\u00e9e\u00a0\u00bb, se r\u00e9jouit David Soulier. Les contacts sont bons avec les associations sportives locales et de nombreux enfants devraient \u00eatre pr\u00e9sents le 22\u00a0juin.<\/p>\n<p>Guinguette, exposition de motos\u2026<\/p>\n<p>Le seul souci maintenant est la m\u00e9t\u00e9o. Les deux premi\u00e8res \u00e9ditions ont \u00e9t\u00e9 marqu\u00e9es par la pluie, alors quel temps fera-t-il le jour J\u00a0? \u00ab\u00a0On aimerait bien faire une ann\u00e9e sans flotte. Il ne faudrait pas qu\u2019il pleuve, \u00e7a&#8230;<\/p>\n","protected":false},"excerpt":{"rendered":"Apr\u00e8s des mois de travail intense, la pr\u00e9paration de la 3e Corrida appelouse est maintenant enfin boucl\u00e9e. Les&hellip;\n","protected":false},"author":2,"featured_media":106145,"comment_status":"","ping_status":"","sticky":false,"template":"","format":"standard","meta":{"footnotes":""},"categories":[9653],"tags":[1111,11,2430,7539,1777,674,10282,10283,1011,27,12,25,4001,517],"class_list":{"0":"post-106144","1":"post","2":"type-post","3":"status-publish","4":"format-standard","5":"has-post-thumbnail","7":"category-saint-etienne","8":"tag-actu","9":"tag-actualites","10":"tag-auvergne-rhone-alpes","11":"tag-edition-loire-sud","12":"tag-eu","13":"tag-europe","14":"tag-firminy","15":"tag-firminy-ville","16":"tag-fr","17":"tag-france","18":"tag-news","19":"tag-republique-francaise","20":"tag-saint-etienne","21":"tag-sport"},"share_on_mastodon":{"url":"https:\/\/pubeurope.com\/@fr\/114521368417220038","error":""},"_links":{"self":[{"href":"https:\/\/www.europesays.com\/fr\/wp-json\/wp\/v2\/posts\/106144","targetHints":{"allow":["GET"]}}],"collection":[{"href":"https:\/\/www.europesays.com\/fr\/wp-json\/wp\/v2\/posts"}],"about":[{"href":"https:\/\/www.europesays.com\/fr\/wp-json\/wp\/v2\/types\/post"}],"author":[{"embeddable":true,"href":"https:\/\/www.europesays.com\/fr\/wp-json\/wp\/v2\/users\/2"}],"replies":[{"embeddable":true,"href":"https:\/\/www.europesays.com\/fr\/wp-json\/wp\/v2\/comments?post=106144"}],"version-history":[{"count":0,"href":"https:\/\/www.europesays.com\/fr\/wp-json\/wp\/v2\/posts\/106144\/revisions"}],"wp:featuredmedia":[{"embeddable":true,"href":"https:\/\/www.europesays.com\/fr\/wp-json\/wp\/v2\/media\/106145"}],"wp:attachment":[{"href":"https:\/\/www.europesays.com\/fr\/wp-json\/wp\/v2\/media?parent=106144"}],"wp:term":[{"taxonomy":"category","embeddable":true,"href":"https:\/\/www.europesays.com\/fr\/wp-json\/wp\/v2\/categories?post=106144"},{"taxonomy":"post_tag","embeddable":true,"href":"https:\/\/www.europesays.com\/fr\/wp-json\/wp\/v2\/tags?post=106144"}],"curies":[{"name":"wp","href":"https:\/\/api.w.org\/{rel}","templated":true}]}}