{"id":106146,"date":"2025-05-17T04:49:11","date_gmt":"2025-05-17T04:49:11","guid":{"rendered":"https:\/\/www.europesays.com\/fr\/106146\/"},"modified":"2025-05-17T04:49:11","modified_gmt":"2025-05-17T04:49:11","slug":"pourquoi-samedi-soir-sera-une-soiree-dejantee-dans-les-bars-de-saint-etienne","status":"publish","type":"post","link":"https:\/\/www.europesays.com\/fr\/106146\/","title":{"rendered":"pourquoi samedi soir sera une soir\u00e9e \u00ab\u00a0d\u00e9jant\u00e9e\u00a0\u00bb dans les bars de Saint-Etienne"},"content":{"rendered":"<p>            Par<br \/>\n        <strong><br \/>\n            <a href=\"https:\/\/actu.fr\/auteur\/julien-sournies\" title=\"Consulter tous les articles de Julien Sournies\" target=\"_blank\" rel=\"noopener\">Julien Sournies<\/a><br \/>\n        <\/strong><\/p>\n<p>        Publi\u00e9 le<\/p>\n<p>            17 mai 2025 \u00e0 6h04        <\/p>\n<p>La tension est palpable \u00e0 <a href=\"https:\/\/actu.fr\/saint-etienne\/\" target=\"_blank\" rel=\"noopener\">Saint-\u00c9tienne<\/a> (<a href=\"https:\/\/actu.fr\/auvergne-rhone-alpes\/loire_42\" target=\"_blank\" rel=\"noopener\">Loire<\/a>) \u00e0 la veille d\u2019une soir\u00e9e aussi anxiog\u00e8ne que palpitante. Ce samedi 17 mai 2025 sur les coups de 21 heures, l\u2019<a href=\"https:\/\/actu.fr\/saint-etienne\/sports\/football\" target=\"_blank\" rel=\"noopener\">ASSE<\/a> re\u00e7oit Toulouse au sein de son chaudron de Geoffroy-Guichard pour son<strong> dernier match de la saison 2024-2025<\/strong>. Et forc\u00e9ment, la rencontre du club st\u00e9phanois va \u00eatre suivie de tr\u00e8s pr\u00e8s par ses plus fervents supporters, mais pas que.<\/p>\n<p class=\" wall-content\">Car, en effet, l\u2019ASSE est une institution dans la capitale lig\u00e9rienne, attirant de fait m\u00eame les moins afficionados du ballon rond. Ainsi, comme \u00e0 l\u2019accoutum\u00e9e, ce seront les bars st\u00e9phanois qui figureront en premi\u00e8re ligne pour accueillir toutes les personnes n\u2019ayant pas eu l\u2019occasion de se procurer un billet pour acc\u00e9der au stade.<\/p>\n<p>Une soir\u00e9e \u00ab\u2009cauchemardesque\u2009\u00bb en perspective\u2009?<\/p>\n<p class=\" wall-content\">Du c\u00f4t\u00e9 du Caf\u00e9 Saint-Jacques, l\u2019un des quatre bars partenaires du club st\u00e9phanois, tout le personnel sera sur le<strong> qui-vive<\/strong>. \u00ab\u2009\u00c9tant donn\u00e9 que le match est \u00e0 guichets ferm\u00e9s, on s\u2019attend \u00e0 ce que beaucoup de gens viennent, surtout ceux qui n\u2019ont pas eu de place au stade\u2009\u00bb, confie Tony, responsable de l\u2019\u00e9tablissement au style r\u00e9tro, aupr\u00e8s d\u2019actu Saint-\u00c9tienne.<\/p>\n<p class=\" wall-content\">Seulement, quand bien m\u00eame le bar affiche quasiment complet \u00e0 tous les matchs de l\u2019ASSE, la rencontre de samedi soir aura une <strong>saveur particuli\u00e8re<\/strong>. Pointant \u00e0 l\u2019avant-derni\u00e8re place du championnat, les Verts seront condamn\u00e9s \u00e0 la Ligue\u00a02 en cas de d\u00e9faite contre les Violets. Un sc\u00e9nario que l\u2019on pr\u00e9f\u00e8re ne pas envisager, m\u00eame s\u2019il est bien r\u00e9el.<\/p>\n<blockquote class=\"ac-article-quote wall-content\">\n<p>Quoi qu&rsquo;il arrive, on s&rsquo;attend \u00e0 une grosse soir\u00e9e de f\u00eate, mais si l&rsquo;ASSE venait \u00e0 \u00eatre rel\u00e9gu\u00e9, \u00e7a deviendrait une soir\u00e9e cauchemardesque. Il ne faut absolument pas que \u00e7a se passe comme \u00e7a.<\/p>\n<p>    <strong>Tony<\/strong><br \/>\n        Responsable du Caf\u00e9 Saint-Jacques    <\/p><\/blockquote>\n<p class=\" wall-content\">Car Tony s\u2019en rappelle\u2009: \u00ab\u00a0Quand on \u00e9tait en Ligue 2, il y avait beaucoup moins d\u2019attrait pour les matchs de l\u2019ASSE et donc moins de gens venaient les voir au bar. Mais depuis la mont\u00e9e, il y a davantage d\u2019engouement et il faut que \u00e7a perdure.\u00a0\u00bb<\/p>\n<p>\u00ab\u2009On a beaucoup de r\u00e9servations\u2009\u00bb<\/p>\n<p class=\" wall-content\">\u00c0 quelques encablures de Geofrroy-Guichard, au Ninkasi, \u00e9galement partenaire du club, les coups de t\u00e9l\u00e9phone se sont encha\u00een\u00e9s ces derniers jours. \u00ab\u2009\u00c7a va \u00eatre une grosse journ\u00e9e pour nous, on a beaucoup de r\u00e9servations. On est bien complet pour l\u2019avant-match\u2009\u00bb, se r\u00e9jouit Hugo Pontvianne, le directeur.<\/p>\n<p class=\" wall-content\">Il faut dire que la date du match <strong>tombe \u00e0 pic<\/strong>. \u00ab\u00a0Nous avons vu qu\u2019il fera beau. Du coup, on pourra ouvrir le petit bar ext\u00e9rieur sur la terrasse. \u00c7a fait un peu plus de places, c\u2019est parfait.\u00a0\u00bb<\/p>\n<p class=\" wall-content\">Mais ici aussi, la crainte est tangible. \u00ab\u2009Une victoire demain, c\u2019est presque inesp\u00e9r\u00e9 au vu des r\u00e9sultats d\u2019il y a quelques mois. Si on perd, c\u2019est fini, ce qui veut dire que les clients vont partir plus vite apr\u00e8s le match, ce qui n\u2019est pas bon pour nous. Mais sait-on jamais\u2009\u00bb, sourit le directeur du Ninkasi.<\/p>\n<p>\u00ab\u2009Une soir\u00e9e d\u00e9jant\u00e9e\u2009\u00bb<\/p>\n<p class=\" wall-content\">Sur la c\u00e9l\u00e8bre <a href=\"https:\/\/actu.fr\/auvergne-rhone-alpes\/saint-etienne_42218\/saint-etienne-la-place-jean-jaures-pietonne-de-nouveaux-changements-annonces_60939279.html\" target=\"_blank\" rel=\"noopener\">place Jean-Jaur\u00e8s<\/a>, au c\u0153ur de la ville, on s\u2019attend \u00e9galement \u00e0 une \u00ab\u2009soir\u00e9e d\u00e9jant\u00e9e, rapporte Bruno Savori-Victor, directeur du M\u00e9li\u00e8s Caf\u00e9. Mais pour que \u00e7a le soit encore davantage, il faudra compter sur un alignement des plan\u00e8tes car si on perd, \u00e7a va se vider en 15\u00a0minutes\u2009\u00bb.<\/p>\n<p class=\" wall-content\">Samedi soir, la terrasse de la brasserie sera <strong>pleine \u00e0 craquer<\/strong> au point que le service restauration ne pourra pas \u00eatre assur\u00e9, tout comme les r\u00e9servations rendues impossibles en amont. Et m\u00eame si \u00ab\u2009d\u2019un point de vue \u00e9conomique, ce n\u2019est pas fou\u2009\u00bb car les clients \u00ab\u2009ne consomment que tr\u00e8s peu durant le match\u2009\u00bb. Pour autant, la ferveur prime sur tout. \u00ab\u2009Des soir\u00e9es comme celles de ce soir, il n\u2019y en a pas tout le temps donc \u00e7a fait toujours plaisir et on en profite.\u2009\u00bb<\/p>\n<p class=\" wall-content\">Suivez toute l\u2019actualit\u00e9 de vos villes et m\u00e9dias favoris en vous inscrivant \u00e0 <a href=\"https:\/\/moncompte.actu.fr\" title=\"D\u00e9couvez Mon Actu\" rel=\"nofollow noopener\" data-trk=\"{&quot;cta&quot;:{&quot;action&quot;:&quot;https:\\\/\\\/moncompte.actu.fr&quot;,&quot;category&quot;:&quot;mon compte&quot;,&quot;from&quot;:&quot;article footer&quot;,&quot;name&quot;:&quot;Mon actu&quot;,&quot;type&quot;:&quot;cta&quot;}}\" target=\"_blank\">Mon Actu<\/a>.<\/p>\n<ul class=\"ac-article-tag wall-content\">\n<li><a href=\"https:\/\/actu.fr\/tag\/association-sportive-saint-etienne-asse\" data-trk=\"{&quot;cta&quot;:{&quot;action&quot;:&quot;Association Sportive Saint Etienne (ASSE)&quot;,&quot;category&quot;:&quot;tag&quot;,&quot;from&quot;:&quot;article footer&quot;,&quot;name&quot;:&quot;Association Sportive Saint Etienne (ASSE)&quot;,&quot;type&quot;:&quot;cta&quot;}}\" target=\"_blank\" rel=\"noopener\">#Association Sportive Saint Etienne (ASSE)<\/a><\/li>\n<li><a href=\"https:\/\/actu.fr\/tag\/restaurant\" data-trk=\"{&quot;cta&quot;:{&quot;action&quot;:&quot;Restaurant&quot;,&quot;category&quot;:&quot;tag&quot;,&quot;from&quot;:&quot;article footer&quot;,&quot;name&quot;:&quot;Restaurant&quot;,&quot;type&quot;:&quot;cta&quot;}}\" target=\"_blank\" rel=\"noopener\">#Restaurant<\/a><\/li>\n<\/ul>\n","protected":false},"excerpt":{"rendered":"Par Julien Sournies Publi\u00e9 le 17 mai 2025 \u00e0 6h04 La tension est palpable \u00e0 Saint-\u00c9tienne (Loire) \u00e0&hellip;\n","protected":false},"author":2,"featured_media":106147,"comment_status":"","ping_status":"","sticky":false,"template":"","format":"standard","meta":{"footnotes":""},"categories":[9653],"tags":[1111,11,8019,2430,1777,674,1011,27,12,25,1340,4001,104],"class_list":{"0":"post-106146","1":"post","2":"type-post","3":"status-publish","4":"format-standard","5":"has-post-thumbnail","7":"category-saint-etienne","8":"tag-actu","9":"tag-actualites","10":"tag-association-sportive-saint-etienne-asse","11":"tag-auvergne-rhone-alpes","12":"tag-eu","13":"tag-europe","14":"tag-fr","15":"tag-france","16":"tag-news","17":"tag-republique-francaise","18":"tag-restaurant","19":"tag-saint-etienne","20":"tag-societe"},"share_on_mastodon":{"url":"https:\/\/pubeurope.com\/@fr\/114521372538684197","error":""},"_links":{"self":[{"href":"https:\/\/www.europesays.com\/fr\/wp-json\/wp\/v2\/posts\/106146","targetHints":{"allow":["GET"]}}],"collection":[{"href":"https:\/\/www.europesays.com\/fr\/wp-json\/wp\/v2\/posts"}],"about":[{"href":"https:\/\/www.europesays.com\/fr\/wp-json\/wp\/v2\/types\/post"}],"author":[{"embeddable":true,"href":"https:\/\/www.europesays.com\/fr\/wp-json\/wp\/v2\/users\/2"}],"replies":[{"embeddable":true,"href":"https:\/\/www.europesays.com\/fr\/wp-json\/wp\/v2\/comments?post=106146"}],"version-history":[{"count":0,"href":"https:\/\/www.europesays.com\/fr\/wp-json\/wp\/v2\/posts\/106146\/revisions"}],"wp:featuredmedia":[{"embeddable":true,"href":"https:\/\/www.europesays.com\/fr\/wp-json\/wp\/v2\/media\/106147"}],"wp:attachment":[{"href":"https:\/\/www.europesays.com\/fr\/wp-json\/wp\/v2\/media?parent=106146"}],"wp:term":[{"taxonomy":"category","embeddable":true,"href":"https:\/\/www.europesays.com\/fr\/wp-json\/wp\/v2\/categories?post=106146"},{"taxonomy":"post_tag","embeddable":true,"href":"https:\/\/www.europesays.com\/fr\/wp-json\/wp\/v2\/tags?post=106146"}],"curies":[{"name":"wp","href":"https:\/\/api.w.org\/{rel}","templated":true}]}}