{"id":106150,"date":"2025-05-17T04:51:16","date_gmt":"2025-05-17T04:51:16","guid":{"rendered":"https:\/\/www.europesays.com\/fr\/106150\/"},"modified":"2025-05-17T04:51:16","modified_gmt":"2025-05-17T04:51:16","slug":"national-as-nancy-lorraine-une-fiesta-tellement-meritee-pour-les-champions-du-national","status":"publish","type":"post","link":"https:\/\/www.europesays.com\/fr\/106150\/","title":{"rendered":"National. AS Nancy Lorraine\u00a0: une fiesta tellement m\u00e9rit\u00e9e pour les champions du National\u00a0!"},"content":{"rendered":"<p>Pas s\u00fbr que les supporters du PSG, en cas de conqu\u00eate de la Ligue des Champions face \u00e0 l\u2019Inter Milan le 31\u00a0mai prochain \u00e0 Munich, soient plus aux anges que les heureux spectateurs du stade Marcel-Picot, ce vendredi soir, sous les coups de 22h, quand ils ont vu l\u2019ASNL recevoir le troph\u00e9e de champion du National, au milieu de la pelouse\u2026 Peu importe le score de ce dernier match, <a href=\"https:\/\/www.estrepublicain.fr\/sport\/2025\/05\/16\/national-suivez-le-dernier-match-de-l-as-nancy-lorraine-face-a-rouen-avec-nous\" target=\"_blank\" rel=\"noopener\">un nul 1-1 contre Rouen<\/a> , cette saison restera comme une victoire absolue. Un succ\u00e8s collectif partag\u00e9 avec tout un peuple.<\/p>\n<p>Un moment rare<\/p>\n<p>C\u2019est toute la magie du foot, que de pouvoir procurer le m\u00eame bonheur fou \u00e0 un gamin qui gagne un tournoi U9 qu\u2019\u00e0 une star qui soul\u00e8ve une Coupe d\u2019Europe, en passant, donc, par des footballeurs nanc\u00e9iens qui c\u00e9l\u00e8brent <a href=\"https:\/\/www.estrepublicain.fr\/sport\/2025\/05\/11\/une-as-nancy-lorraine-impressionnante-a-plus-d-un-titre\" target=\"_blank\" rel=\"noopener\">leur titre de champion en troisi\u00e8me division fran\u00e7aise<\/a> \u2026 Il faut&#8230;<\/p>\n","protected":false},"excerpt":{"rendered":"Pas s\u00fbr que les supporters du PSG, en cas de conqu\u00eate de la Ligue des Champions face \u00e0&hellip;\n","protected":false},"author":2,"featured_media":106151,"comment_status":"","ping_status":"","sticky":false,"template":"","format":"standard","meta":{"footnotes":""},"categories":[9635],"tags":[1111,11,3703,1707,1704,1706,1705,1777,674,107,1701,1795,63,1011,27,775,1702,1703,12,25,517,1700],"class_list":{"0":"post-106150","1":"post","2":"type-post","3":"status-publish","4":"format-standard","5":"has-post-thumbnail","7":"category-nancy","8":"tag-actu","9":"tag-actualites","10":"tag-asnl","11":"tag-edition-luneville","12":"tag-edition-nancy-et-agglomeration","13":"tag-edition-pont-a-mousson","14":"tag-edition-toul","15":"tag-eu","16":"tag-europe","17":"tag-fil-info","18":"tag-fil-info-sport","19":"tag-fil-web","20":"tag-football","21":"tag-fr","22":"tag-france","23":"tag-grand-est","24":"tag-nancy","25":"tag-nancy-ville-54b","26":"tag-news","27":"tag-republique-francaise","28":"tag-sport","29":"tag-sport-lorrain"},"share_on_mastodon":{"url":"https:\/\/pubeurope.com\/@fr\/114521380302864519","error":""},"_links":{"self":[{"href":"https:\/\/www.europesays.com\/fr\/wp-json\/wp\/v2\/posts\/106150","targetHints":{"allow":["GET"]}}],"collection":[{"href":"https:\/\/www.europesays.com\/fr\/wp-json\/wp\/v2\/posts"}],"about":[{"href":"https:\/\/www.europesays.com\/fr\/wp-json\/wp\/v2\/types\/post"}],"author":[{"embeddable":true,"href":"https:\/\/www.europesays.com\/fr\/wp-json\/wp\/v2\/users\/2"}],"replies":[{"embeddable":true,"href":"https:\/\/www.europesays.com\/fr\/wp-json\/wp\/v2\/comments?post=106150"}],"version-history":[{"count":0,"href":"https:\/\/www.europesays.com\/fr\/wp-json\/wp\/v2\/posts\/106150\/revisions"}],"wp:featuredmedia":[{"embeddable":true,"href":"https:\/\/www.europesays.com\/fr\/wp-json\/wp\/v2\/media\/106151"}],"wp:attachment":[{"href":"https:\/\/www.europesays.com\/fr\/wp-json\/wp\/v2\/media?parent=106150"}],"wp:term":[{"taxonomy":"category","embeddable":true,"href":"https:\/\/www.europesays.com\/fr\/wp-json\/wp\/v2\/categories?post=106150"},{"taxonomy":"post_tag","embeddable":true,"href":"https:\/\/www.europesays.com\/fr\/wp-json\/wp\/v2\/tags?post=106150"}],"curies":[{"name":"wp","href":"https:\/\/api.w.org\/{rel}","templated":true}]}}