{"id":106155,"date":"2025-05-17T04:54:19","date_gmt":"2025-05-17T04:54:19","guid":{"rendered":"https:\/\/www.europesays.com\/fr\/106155\/"},"modified":"2025-05-17T04:54:19","modified_gmt":"2025-05-17T04:54:19","slug":"lassociation-le-relais-des-enfants-recue-en-mairie-par-michael-delafosse","status":"publish","type":"post","link":"https:\/\/www.europesays.com\/fr\/106155\/","title":{"rendered":"l&rsquo;association \u00ab\u00a0Le Relais des Enfants\u00a0\u00bb re\u00e7ue en mairie par Micha\u00ebl Delafosse"},"content":{"rendered":"<p>            Par<br \/>\n        <strong><br \/>\n            <a href=\"https:\/\/actu.fr\/auteur\/jm-aubert\" title=\"Consulter tous les articles de Jean-Marc Aubert\" target=\"_blank\" rel=\"noopener\">Jean-Marc Aubert<\/a><br \/>\n        <\/strong><\/p>\n<p>        Publi\u00e9 le<\/p>\n<p>            16 mai 2025 \u00e0 11h23<br \/>\n        ; mis \u00e0 jour le 16 mai 2025 \u00e0 11h40    <\/p>\n<p>La nouvelle, brutale, avait beaucoup inqui\u00e9t\u00e9 le personnel et les familles du <strong>centre a\u00e9r\u00e9 Le Relais,\u00a0Maison des\u00a0Enfants dans la ville,\u00a0<\/strong>dans le\u00a0coeur de\u00a0<strong>Montpellier<\/strong> : lors d\u2019un rendez-vous en mairie, vendredi 31 janvier 2025, le maire, Micha\u00ebl Delafosse et les services de la Ville les ont informe\u0301s que les locaux dans l\u2019ho\u0302tel Baschy du Cayla, au 1 rue Embouque d\u2019Or, dans l\u2019\u00c9cusson, ne pourront plus accueillir de public, car ils\u00a0ne re\u0301pondent plus aux obligations pour la prochaine commission de se\u0301curite\u0301, o\u00f9\u00a0comme dans la cre\u0300che du rez-de-chausse\u0301e, la <strong>pre\u0301sence de plomb<\/strong> a e\u0301te\u0301 de\u0301tecte\u0301e dans certains\u00a0reve\u0302tements.<\/p>\n<p>    <a href=\"https:\/\/www.google.com\/maps\/embed?pb=!1m18!1m12!1m3!1d3568.8828748010324!2d3.8758119284832784!3d43.610619265478924!2m3!1f0!2f0!3f0!3m2!1i1024!2i768!4f13.1!3m3!1m2!1s0x12b6af09d3f19985%3A0x91e89dddbc7d0dda!2sAssociation%20Le%20Relais%2C%20Maison%20des%20Enfants%20dans%20la%20Ville!5e0!3m2!1sfr!2sfr!4v1747386843667!5m2!1sfr!2sfr\" title=\"Ouvrie le lien\" target=\"_blank\" rel=\"noopener\">Cliquez ici pour visualiser le contenu<\/a><\/p>\n<p class=\" wall-content\">Des d\u00e9cisions ont \u00e9t\u00e9 prises par la mairie pour h\u00e9berger le Relais des Enfants-Le Petit Relais dans un autre lieu, en attendant un projet \u00e0 long terme. Depuis ce jeudi 15 mai 2025, les responsables de l\u2019association qui g\u00e8re le centre a\u00e9r\u00e9 et les parents savent que ce projet sera mis en place \u00e0 la rentr\u00e9e de 2026, une information directement r\u00e9v\u00e9l\u00e9e par <strong>Micha\u00ebl Delafosse.<\/strong> En effet, selon nos informations, la pr\u00e9sidente de l\u2019association, la directrice et un membre ont \u00e9t\u00e9 re\u00e7u par le maire de Montpellier, ce jeudi matin, durant une demi-heure, avec au terme des \u00e9changes conviviaux, la promesse d\u2019installer durablement Le Relais des enfants dans un b\u00e2timent a \u00e9t\u00e9 donn\u00e9e. On n\u2019en sait pas plus, notamment sur l\u2019endroit exact d\u00e9j\u00e0 choisi, mais le d\u00e9m\u00e9nagement d\u2019ores et d\u00e9j\u00e0 act\u00e9 et l\u2019installation p\u00e9renne soulagent l\u2019association.<\/p>\n<p class=\" wall-content\">En raison de la situation actuelle, en ce qui concerne l\u2019accueil des 3-6 ans : aucun changement.\u00a0Relais des Enfants 6-11 ans :\u00a0jusqu\u2019au 2 aou\u0302t 2025, les enfants sont accueillis dans la nouvelle \u00e9cole Soulages, rue Cardinal de Cabrie\u0300res, a\u0300 5 min a\u0300 pied des locaux actuels, ou\u0300 la ville met a\u0300 disposition le deuxie\u0300me e\u0301tage. \u00ab\u00a0Vous n\u2019avez aucune de\u0301marche a\u0300 faire, et nos principes de fonctionnement (hormis les repas qui ne seront plus cuisine\u0301s par nos soins) seront respecte\u0301s : me\u0302mes horaires et me\u0302me pe\u0301dagogie que l\u2019e\u0301quipe adaptera avec votre aide au nouveau lieu\u00a0\u00bb, indique l\u2019association.\u00a0Relais des Ados (colle\u0300ge) : un endroit va \u00eatre trouv\u00e9.\u00a0Suspension du Relais des E\u0301coliers (accompagnement scolaire), suspension des soire\u0301es familles et suspension des accueils de classe sur les temps me\u0301ridiens.<\/p>\n<p>    <a href=\"https:\/\/www.facebook.com\/plugins\/post.php?href=https%3A%2F%2Fwww.facebook.com%2FRelaisDesEnfants%2Fposts%2Fpfbid02e4VM1SQRfHyRxTTqurEfu9YT6vJNffPaJ7EJciGSNH2LMc5QcFsykPeL4Vtn3XBsl&amp;show_text=true&amp;width=350\" title=\"Ouvrie le lien\" target=\"_blank\" rel=\"noopener\">Cliquez ici pour visualiser le contenu<\/a><\/p>\n<p>Vid\u00e9os : en ce moment sur ActuAG vendredi 23 mai<\/p>\n<p class=\" wall-content\">La bonne nouvelle livr\u00e9e ce jeudi parMicha\u00ebl Delafosse intervient \u00e0 une semaine de l\u2019assembl\u00e9e g\u00e9n\u00e9rale annuelle de l\u2019association \u00ab Le Relais, Maison des Enfants dans la Ville \u00bb, pr\u00e9vue vendredi 23 mai, \u00e0 18h30, au 1 rue Embouque d\u2019Or. La pre\u0301sentation et le vote des comptes annuels 2024, la pre\u0301sentation et le vote du bilan moral 2024, le point sur les actions r\u00e9alis\u00e9es en 2024 et l\u2019\u00e9lection du conseil d\u2019administration sont \u00e0 l\u2019ordre du jour.\u00a0Ste\u0301phanie Djellal est la pr\u00e9sidente de l\u2019association, Marcos Sierra en est le tre\u0301sorier et Pauline Le Bihan, la secr\u00e9taire. On saura si ce bureau tr\u00e8s performant sur les probl\u00e8mes rencontr\u00e9s depuis le d\u00e9but de l\u2019ann\u00e9e sera reconduit ou non.<\/p>\n<p class=\" wall-content\">Suivez toute l\u2019actualit\u00e9 de vos villes et m\u00e9dias favoris en vous inscrivant \u00e0 <a href=\"https:\/\/moncompte.actu.fr\" title=\"D\u00e9couvez Mon Actu\" rel=\"nofollow noopener\" data-trk=\"{&quot;cta&quot;:{&quot;action&quot;:&quot;https:\\\/\\\/moncompte.actu.fr&quot;,&quot;category&quot;:&quot;mon compte&quot;,&quot;from&quot;:&quot;article footer&quot;,&quot;name&quot;:&quot;Mon actu&quot;,&quot;type&quot;:&quot;cta&quot;}}\" target=\"_blank\">Mon Actu<\/a>.<\/p>\n","protected":false},"excerpt":{"rendered":"Par Jean-Marc Aubert Publi\u00e9 le 16 mai 2025 \u00e0 11h23 ; mis \u00e0 jour le 16 mai 2025&hellip;\n","protected":false},"author":2,"featured_media":106156,"comment_status":"","ping_status":"","sticky":false,"template":"","format":"standard","meta":{"footnotes":""},"categories":[9599],"tags":[1111,11,4019,1777,674,1011,27,2208,12,2680,25,104],"class_list":{"0":"post-106155","1":"post","2":"type-post","3":"status-publish","4":"format-standard","5":"has-post-thumbnail","7":"category-montpellier","8":"tag-actu","9":"tag-actualites","10":"tag-ecoles","11":"tag-eu","12":"tag-europe","13":"tag-fr","14":"tag-france","15":"tag-montpellier","16":"tag-news","17":"tag-occitanie","18":"tag-republique-francaise","19":"tag-societe"},"share_on_mastodon":{"url":"https:\/\/pubeurope.com\/@fr\/114521392029665033","error":""},"_links":{"self":[{"href":"https:\/\/www.europesays.com\/fr\/wp-json\/wp\/v2\/posts\/106155","targetHints":{"allow":["GET"]}}],"collection":[{"href":"https:\/\/www.europesays.com\/fr\/wp-json\/wp\/v2\/posts"}],"about":[{"href":"https:\/\/www.europesays.com\/fr\/wp-json\/wp\/v2\/types\/post"}],"author":[{"embeddable":true,"href":"https:\/\/www.europesays.com\/fr\/wp-json\/wp\/v2\/users\/2"}],"replies":[{"embeddable":true,"href":"https:\/\/www.europesays.com\/fr\/wp-json\/wp\/v2\/comments?post=106155"}],"version-history":[{"count":0,"href":"https:\/\/www.europesays.com\/fr\/wp-json\/wp\/v2\/posts\/106155\/revisions"}],"wp:featuredmedia":[{"embeddable":true,"href":"https:\/\/www.europesays.com\/fr\/wp-json\/wp\/v2\/media\/106156"}],"wp:attachment":[{"href":"https:\/\/www.europesays.com\/fr\/wp-json\/wp\/v2\/media?parent=106155"}],"wp:term":[{"taxonomy":"category","embeddable":true,"href":"https:\/\/www.europesays.com\/fr\/wp-json\/wp\/v2\/categories?post=106155"},{"taxonomy":"post_tag","embeddable":true,"href":"https:\/\/www.europesays.com\/fr\/wp-json\/wp\/v2\/tags?post=106155"}],"curies":[{"name":"wp","href":"https:\/\/api.w.org\/{rel}","templated":true}]}}